{"id":32875,"date":"2025-09-07T21:00:00","date_gmt":"2025-09-08T00:00:00","guid":{"rendered":"https:\/\/aconnection.com.br\/classificados\/?p=32875"},"modified":"2026-02-26T11:00:43","modified_gmt":"2026-02-26T14:00:43","slug":"21-passeio-ciclistico-do-rotary-club-de-itanhem-acontece-em-setembro","status":"publish","type":"post","link":"https:\/\/aconnection.com.br\/classificados\/21-passeio-ciclistico-do-rotary-club-de-itanhem-acontece-em-setembro\/","title":{"rendered":"21\u00b0 Passeio Cicl\u00edstico do Rotary Club de Itanh\u00e9m acontece em setembro"},"content":{"rendered":"\n<p>O Rotary Club de Itanh\u00e9m j\u00e1 se prepara para mais uma edi\u00e7\u00e3o do seu tradicional passeio cicl\u00edstico. No dia <strong>21 de setembro de 2025<\/strong>, a partir das <strong>07h<\/strong>, ciclistas de todas as idades v\u00e3o se reunir na <strong>Pra\u00e7a Jos\u00e9 Resende Sobrinho<\/strong> para participar do <strong>21\u00b0 Passeio Cicl\u00edstico<\/strong>, evento que promete esporte, lazer e solidariedade.<\/p>\n\n\n\n<p>Com o tema <strong>\u201cPedalando pela Vida\u201d<\/strong>, a iniciativa \u00edntegra a <strong>Campanha Setembro Amarelo<\/strong>, refor\u00e7ando a import\u00e2ncia da valoriza\u00e7\u00e3o da vida e da esperan\u00e7a.<\/p>\n\n\n\n<p>Al\u00e9m de ser um momento de confraterniza\u00e7\u00e3o e sa\u00fade, o passeio tem um objetivo social nobre: <strong>toda a arrecada\u00e7\u00e3o ser\u00e1 destinada ao Banco de Cadeiras de Rodas<\/strong>, projeto do Rotary que beneficia pessoas em situa\u00e7\u00e3o de vulnerabilidade.<\/p>\n\n\n\n<h3 class=\"wp-block-heading\">Como participar<\/h3>\n\n\n\n<ul class=\"wp-block-list\">\n<li>\ud83d\udeb4\u200d\u2642\ufe0f Traga sua bicicleta e venha fazer parte desta corrente do bem.<\/li>\n\n\n\n<li>\ud83d\udc55 Adquira a camisa oficial do evento com os rotarianos.<\/li>\n\n\n\n<li>\ud83d\udfe1 Participe com energia, alegria e solidariedade.<\/li>\n\n\n\n<li>\ud83d\udd17 <strong>Inscri\u00e7\u00f5es abertas!<\/strong> Adquira sua camisa com os rotarianos.<\/li>\n<\/ul>\n\n\n\n<p>O Passeio Cicl\u00edstico do Rotary Club de Itanh\u00e9m j\u00e1 se tornou tradi\u00e7\u00e3o no calend\u00e1rio da cidade, reunindo fam\u00edlias, amigos e amantes do pedal em uma manh\u00e3 de esporte e conscientiza\u00e7\u00e3o.<\/p>\n\n\n\n<p>\ud83d\udcc6 <strong>Data:<\/strong> 21 de setembro de 2025<br>\ud83d\udd56 <strong>Hor\u00e1rio:<\/strong> a partir das 07h<br>\ud83d\udccd <strong>Local de sa\u00edda:<\/strong> Pra\u00e7a Jos\u00e9 Resende Sobrinho<\/p>\n\n\n\n<p>\ud83d\udc49 Venha pedalar, se divertir e ajudar a transformar vidas!<\/p>\n","protected":false},"excerpt":{"rendered":"<p>Participe do 21\u00b0 Passeio Cicl\u00edstico do Rotary Club de Itanh\u00e9m!<br \/>\nDia 21\/09\/2025, \u00e0s 07h, na Pra\u00e7a Jos\u00e9 Resende Sobrinho.<br \/>\nCom o tema \u201cPedalando pela Vida\u201d, o evento integra o Setembro Amarelo e toda a arrecada\u00e7\u00e3o ser\u00e1 destinada ao Banco de Cadeiras de Rodas.<\/p>\n<p>Adquira sua camisa oficial com os rotarianos e venha pedalar por sa\u00fade, uni\u00e3o e solidariedade.<br \/>\nFa\u00e7a parte dessa corrente do bem!<\/p>\n","protected":false},"author":2,"featured_media":32652,"comment_status":"open","ping_status":"open","sticky":false,"template":"","format":"standard","meta":{"om_disable_all_campaigns":false,"_monsterinsights_skip_tracking":false,"_monsterinsights_sitenote_active":false,"_monsterinsights_sitenote_note":"","_monsterinsights_sitenote_category":0,"_uf_show_specific_survey":0,"_uf_disable_surveys":false,"_price":"","_stock":"","_tribe_ticket_header":"","_tribe_default_ticket_provider":"","_tribe_ticket_capacity":"0","_ticket_start_date":"","_ticket_end_date":"","_tribe_ticket_show_description":"","_tribe_ticket_show_not_going":false,"_tribe_ticket_use_global_stock":"","_tribe_ticket_global_stock_level":"","_global_stock_mode":"","_global_stock_cap":"","_tribe_rsvp_for_event":"","_tribe_ticket_going_count":"","_tribe_ticket_not_going_count":"","_tribe_tickets_list":"[]","_tribe_ticket_has_attendee_info_fields":false,"_EventAllDay":false,"_EventTimezone":"","_EventStartDate":"","_EventEndDate":"","_EventStartDateUTC":"","_EventEndDateUTC":"","_EventShowMap":false,"_EventShowMapLink":false,"_EventURL":"","_EventCost":"","_EventCostDescription":"","_EventCurrencySymbol":"","_EventCurrencyCode":"","_EventCurrencyPosition":"","_EventDateTimeSeparator":"","_EventTimeRangeSeparator":"","_EventOrganizerID":[],"_EventVenueID":[],"_OrganizerEmail":"","_OrganizerPhone":"","_OrganizerWebsite":"","_VenueAddress":"","_VenueCity":"","_VenueCountry":"","_VenueProvince":"","_VenueState":"","_VenueZip":"","_VenuePhone":"","_VenueURL":"","_VenueStateProvince":"","_VenueLat":"","_VenueLng":"","_VenueShowMap":false,"_VenueShowMapLink":false,"footnotes":""},"categories":[569],"tags":[],"class_list":["post-32875","post","type-post","status-publish","format-standard","has-post-thumbnail","hentry","category-comunidade"],"yoast_head":"<!-- This site is optimized with the Yoast SEO Premium plugin v26.5 (Yoast SEO v27.4) - https:\/\/yoast.com\/product\/yoast-seo-premium-wordpress\/ -->\n<title>21\u00b0 Passeio Cicl\u00edstico do Rotary Club de Itanh\u00e9m acontece em setembro<\/title>\n<meta name=\"description\" content=\"21\u00b0 Passeio Cicl\u00edstico no dia 21 de setembro. Evento solid\u00e1rio que promove sa\u00fade, lazer e arrecada\u00e7\u00e3o para o Banco de Cadeiras de Rodas.\" \/>\n<meta name=\"robots\" content=\"index, follow, max-snippet:-1, max-image-preview:large, max-video-preview:-1\" \/>\n<link rel=\"canonical\" href=\"https:\/\/aconnection.com.br\/classificados\/21-passeio-ciclistico-do-rotary-club-de-itanhem-acontece-em-setembro\/\" \/>\n<meta property=\"og:locale\" content=\"pt_BR\" \/>\n<meta property=\"og:type\" content=\"article\" \/>\n<meta property=\"og:title\" content=\"21\u00b0 Passeio Cicl\u00edstico do Rotary Club de Itanh\u00e9m acontece em setembro\" \/>\n<meta property=\"og:description\" content=\"Participe do 21\u00b0 Passeio Cicl\u00edstico do Rotary Club de Itanh\u00e9m!Dia 21\/09\/2025, \u00e0s 07h, na Pra\u00e7a Jos\u00e9 Resende Sobrinho.Com o tema \u201cPedalando pela Vida\u201d, o evento integra o Setembro Amarelo e toda a arrecada\u00e7\u00e3o ser\u00e1 destinada ao Banco de Cadeiras de Rodas.Adquira sua camisa oficial com os rotarianos e venha pedalar por sa\u00fade, uni\u00e3o e solidariedade.Fa\u00e7a parte dessa corrente do bem!\" \/>\n<meta property=\"og:url\" content=\"https:\/\/aconnection.com.br\/classificados\/21-passeio-ciclistico-do-rotary-club-de-itanhem-acontece-em-setembro\/\" \/>\n<meta property=\"og:site_name\" content=\"AConnection Classificados\" \/>\n<meta property=\"article:published_time\" content=\"2025-09-08T00:00:00+00:00\" \/>\n<meta property=\"article:modified_time\" content=\"2026-02-26T14:00:43+00:00\" \/>\n<meta property=\"og:image\" content=\"https:\/\/aconnection.com.br\/classificados\/wp-content\/uploads\/2025\/09\/21passeiociclistico.jpeg\" \/>\n\t<meta property=\"og:image:width\" content=\"1131\" \/>\n\t<meta property=\"og:image:height\" content=\"1600\" \/>\n\t<meta property=\"og:image:type\" content=\"image\/jpeg\" \/>\n<meta name=\"author\" content=\"Soliv\u00e1 Guimar\u00e3es Pestana\" \/>\n<meta name=\"twitter:card\" content=\"summary_large_image\" \/>\n<meta name=\"twitter:description\" content=\"Participe do 21\u00b0 Passeio Cicl\u00edstico do Rotary Club de Itanh\u00e9m!Dia 21\/09\/2025, \u00e0s 07h, na Pra\u00e7a Jos\u00e9 Resende Sobrinho.Com o tema \u201cPedalando pela Vida\u201d, o evento integra o Setembro Amarelo e toda a arrecada\u00e7\u00e3o ser\u00e1 destinada ao Banco de Cadeiras de Rodas.Adquira sua camisa oficial com os rotarianos e venha pedalar por sa\u00fade, uni\u00e3o e solidariedade.Fa\u00e7a parte dessa corrente do bem!\" \/>\n<meta name=\"twitter:creator\" content=\"@sticompanyy\" \/>\n<meta name=\"twitter:site\" content=\"@sticompanyy\" \/>\n<meta name=\"twitter:label1\" content=\"Escrito por\" \/>\n\t<meta name=\"twitter:data1\" content=\"Soliv\u00e1 Guimar\u00e3es Pestana\" \/>\n\t<meta name=\"twitter:label2\" content=\"Est. tempo de leitura\" \/>\n\t<meta name=\"twitter:data2\" content=\"2 minutos\" \/>\n<script type=\"application\/ld+json\" class=\"yoast-schema-graph\">{\"@context\":\"https:\\\/\\\/schema.org\",\"@graph\":[{\"@type\":\"Article\",\"@id\":\"https:\\\/\\\/aconnection.com.br\\\/classificados\\\/21-passeio-ciclistico-do-rotary-club-de-itanhem-acontece-em-setembro\\\/#article\",\"isPartOf\":{\"@id\":\"https:\\\/\\\/aconnection.com.br\\\/classificados\\\/21-passeio-ciclistico-do-rotary-club-de-itanhem-acontece-em-setembro\\\/\"},\"author\":{\"name\":\"Soliv\u00e1 Guimar\u00e3es Pestana\",\"@id\":\"https:\\\/\\\/aconnection.com.br\\\/classificados\\\/#\\\/schema\\\/person\\\/1876eca300517da830b7d9a036e3b01b\"},\"headline\":\"21\u00b0 Passeio Cicl\u00edstico do Rotary Club de Itanh\u00e9m acontece em setembro\",\"datePublished\":\"2025-09-08T00:00:00+00:00\",\"dateModified\":\"2026-02-26T14:00:43+00:00\",\"mainEntityOfPage\":{\"@id\":\"https:\\\/\\\/aconnection.com.br\\\/classificados\\\/21-passeio-ciclistico-do-rotary-club-de-itanhem-acontece-em-setembro\\\/\"},\"wordCount\":239,\"commentCount\":0,\"publisher\":{\"@id\":\"https:\\\/\\\/aconnection.com.br\\\/classificados\\\/#organization\"},\"image\":{\"@id\":\"https:\\\/\\\/aconnection.com.br\\\/classificados\\\/21-passeio-ciclistico-do-rotary-club-de-itanhem-acontece-em-setembro\\\/#primaryimage\"},\"thumbnailUrl\":\"https:\\\/\\\/aconnection.com.br\\\/classificados\\\/wp-content\\\/uploads\\\/2025\\\/09\\\/21passeiociclistico.jpeg\",\"articleSection\":[\"Comunidade\"],\"inLanguage\":\"pt-BR\",\"potentialAction\":[{\"@type\":\"CommentAction\",\"name\":\"Comment\",\"target\":[\"https:\\\/\\\/aconnection.com.br\\\/classificados\\\/21-passeio-ciclistico-do-rotary-club-de-itanhem-acontece-em-setembro\\\/#respond\"]}]},{\"@type\":\"WebPage\",\"@id\":\"https:\\\/\\\/aconnection.com.br\\\/classificados\\\/21-passeio-ciclistico-do-rotary-club-de-itanhem-acontece-em-setembro\\\/\",\"url\":\"https:\\\/\\\/aconnection.com.br\\\/classificados\\\/21-passeio-ciclistico-do-rotary-club-de-itanhem-acontece-em-setembro\\\/\",\"name\":\"21\u00b0 Passeio Cicl\u00edstico do Rotary Club de Itanh\u00e9m acontece em setembro\",\"isPartOf\":{\"@id\":\"https:\\\/\\\/aconnection.com.br\\\/classificados\\\/#website\"},\"primaryImageOfPage\":{\"@id\":\"https:\\\/\\\/aconnection.com.br\\\/classificados\\\/21-passeio-ciclistico-do-rotary-club-de-itanhem-acontece-em-setembro\\\/#primaryimage\"},\"image\":{\"@id\":\"https:\\\/\\\/aconnection.com.br\\\/classificados\\\/21-passeio-ciclistico-do-rotary-club-de-itanhem-acontece-em-setembro\\\/#primaryimage\"},\"thumbnailUrl\":\"https:\\\/\\\/aconnection.com.br\\\/classificados\\\/wp-content\\\/uploads\\\/2025\\\/09\\\/21passeiociclistico.jpeg\",\"datePublished\":\"2025-09-08T00:00:00+00:00\",\"dateModified\":\"2026-02-26T14:00:43+00:00\",\"description\":\"21\u00b0 Passeio Cicl\u00edstico no dia 21 de setembro. Evento solid\u00e1rio que promove sa\u00fade, lazer e arrecada\u00e7\u00e3o para o Banco de Cadeiras de Rodas.\",\"breadcrumb\":{\"@id\":\"https:\\\/\\\/aconnection.com.br\\\/classificados\\\/21-passeio-ciclistico-do-rotary-club-de-itanhem-acontece-em-setembro\\\/#breadcrumb\"},\"inLanguage\":\"pt-BR\",\"potentialAction\":[{\"@type\":\"ReadAction\",\"target\":[\"https:\\\/\\\/aconnection.com.br\\\/classificados\\\/21-passeio-ciclistico-do-rotary-club-de-itanhem-acontece-em-setembro\\\/\"]}]},{\"@type\":\"ImageObject\",\"inLanguage\":\"pt-BR\",\"@id\":\"https:\\\/\\\/aconnection.com.br\\\/classificados\\\/21-passeio-ciclistico-do-rotary-club-de-itanhem-acontece-em-setembro\\\/#primaryimage\",\"url\":\"https:\\\/\\\/aconnection.com.br\\\/classificados\\\/wp-content\\\/uploads\\\/2025\\\/09\\\/21passeiociclistico.jpeg\",\"contentUrl\":\"https:\\\/\\\/aconnection.com.br\\\/classificados\\\/wp-content\\\/uploads\\\/2025\\\/09\\\/21passeiociclistico.jpeg\",\"width\":1131,\"height\":1600},{\"@type\":\"BreadcrumbList\",\"@id\":\"https:\\\/\\\/aconnection.com.br\\\/classificados\\\/21-passeio-ciclistico-do-rotary-club-de-itanhem-acontece-em-setembro\\\/#breadcrumb\",\"itemListElement\":[{\"@type\":\"ListItem\",\"position\":1,\"name\":\"In\u00edcio\",\"item\":\"https:\\\/\\\/aconnection.com.br\\\/classificados\\\/\"},{\"@type\":\"ListItem\",\"position\":2,\"name\":\"21\u00b0 Passeio Cicl\u00edstico do Rotary Club de Itanh\u00e9m acontece em setembro\"}]},{\"@type\":\"WebSite\",\"@id\":\"https:\\\/\\\/aconnection.com.br\\\/classificados\\\/#website\",\"url\":\"https:\\\/\\\/aconnection.com.br\\\/classificados\\\/\",\"name\":\"AConnection Classificados\",\"description\":\"Conectando Clientes, Impulsinando o Seu Neg\u00f3cio\",\"publisher\":{\"@id\":\"https:\\\/\\\/aconnection.com.br\\\/classificados\\\/#organization\"},\"potentialAction\":[{\"@type\":\"SearchAction\",\"target\":{\"@type\":\"EntryPoint\",\"urlTemplate\":\"https:\\\/\\\/aconnection.com.br\\\/classificados\\\/?s={search_term_string}\"},\"query-input\":{\"@type\":\"PropertyValueSpecification\",\"valueRequired\":true,\"valueName\":\"search_term_string\"}}],\"inLanguage\":\"pt-BR\"},{\"@type\":\"Organization\",\"@id\":\"https:\\\/\\\/aconnection.com.br\\\/classificados\\\/#organization\",\"name\":\"AConnection Classificados\",\"url\":\"https:\\\/\\\/aconnection.com.br\\\/classificados\\\/\",\"logo\":{\"@type\":\"ImageObject\",\"inLanguage\":\"pt-BR\",\"@id\":\"https:\\\/\\\/aconnection.com.br\\\/classificados\\\/#\\\/schema\\\/logo\\\/image\\\/\",\"url\":\"https:\\\/\\\/aconnection.com.br\\\/classificados\\\/wp-content\\\/uploads\\\/2021\\\/08\\\/Logomarca-AConnection-05.png\",\"contentUrl\":\"https:\\\/\\\/aconnection.com.br\\\/classificados\\\/wp-content\\\/uploads\\\/2021\\\/08\\\/Logomarca-AConnection-05.png\",\"width\":3098,\"height\":2860,\"caption\":\"AConnection Classificados\"},\"image\":{\"@id\":\"https:\\\/\\\/aconnection.com.br\\\/classificados\\\/#\\\/schema\\\/logo\\\/image\\\/\"},\"sameAs\":[\"https:\\\/\\\/x.com\\\/sticompanyy\",\"https:\\\/\\\/www.instagram.com\\\/sti.company\"]},{\"@type\":\"Person\",\"@id\":\"https:\\\/\\\/aconnection.com.br\\\/classificados\\\/#\\\/schema\\\/person\\\/1876eca300517da830b7d9a036e3b01b\",\"name\":\"Soliv\u00e1 Guimar\u00e3es Pestana\",\"image\":{\"@type\":\"ImageObject\",\"inLanguage\":\"pt-BR\",\"@id\":\"https:\\\/\\\/secure.gravatar.com\\\/avatar\\\/e2da6b8bf6db91c613d93bddb7f16b9d1af2610e2d70973ede034c8dcdacd4ab?s=96&d=mm&r=g\",\"url\":\"https:\\\/\\\/secure.gravatar.com\\\/avatar\\\/e2da6b8bf6db91c613d93bddb7f16b9d1af2610e2d70973ede034c8dcdacd4ab?s=96&d=mm&r=g\",\"contentUrl\":\"https:\\\/\\\/secure.gravatar.com\\\/avatar\\\/e2da6b8bf6db91c613d93bddb7f16b9d1af2610e2d70973ede034c8dcdacd4ab?s=96&d=mm&r=g\",\"caption\":\"Soliv\u00e1 Guimar\u00e3es Pestana\"},\"description\":\"Natural de Itanh\u00e9m, Bahia. Casado, pai de um filho. Tecn\u00f3logo em an\u00e1lise e Desenvolvimento de Sistemas, Bacharel em Administra\u00e7\u00e3o P\u00fablica. Na Contabilidade Pires atua como Auxiliar de contabilidade(RH). Nos hor\u00e1rios extras atua como profissional de inform\u00e1tica e suas tecnologias. Apaixonado por tecnologia, finan\u00e7as e futebol, torcedor do Fluminense-RJ, Cat\u00f3lico Apost\u00f3lico Romano. Propriet\u00e1rio dos sites www.sticompany.com.br e www.aconnection.com.br.\",\"sameAs\":[\"http:\\\/\\\/www.sticompany.com.br\"],\"url\":\"https:\\\/\\\/aconnection.com.br\\\/classificados\\\/author\\\/solivagp\\\/\"}]}<\/script>\n<!-- \/ Yoast SEO Premium plugin. -->","yoast_head_json":{"title":"21\u00b0 Passeio Cicl\u00edstico do Rotary Club de Itanh\u00e9m acontece em setembro","description":"21\u00b0 Passeio Cicl\u00edstico no dia 21 de setembro. Evento solid\u00e1rio que promove sa\u00fade, lazer e arrecada\u00e7\u00e3o para o Banco de Cadeiras de Rodas.","robots":{"index":"index","follow":"follow","max-snippet":"max-snippet:-1","max-image-preview":"max-image-preview:large","max-video-preview":"max-video-preview:-1"},"canonical":"https:\/\/aconnection.com.br\/classificados\/21-passeio-ciclistico-do-rotary-club-de-itanhem-acontece-em-setembro\/","og_locale":"pt_BR","og_type":"article","og_title":"21\u00b0 Passeio Cicl\u00edstico do Rotary Club de Itanh\u00e9m acontece em setembro","og_description":"Participe do 21\u00b0 Passeio Cicl\u00edstico do Rotary Club de Itanh\u00e9m!Dia 21\/09\/2025, \u00e0s 07h, na Pra\u00e7a Jos\u00e9 Resende Sobrinho.Com o tema \u201cPedalando pela Vida\u201d, o evento integra o Setembro Amarelo e toda a arrecada\u00e7\u00e3o ser\u00e1 destinada ao Banco de Cadeiras de Rodas.Adquira sua camisa oficial com os rotarianos e venha pedalar por sa\u00fade, uni\u00e3o e solidariedade.Fa\u00e7a parte dessa corrente do bem!","og_url":"https:\/\/aconnection.com.br\/classificados\/21-passeio-ciclistico-do-rotary-club-de-itanhem-acontece-em-setembro\/","og_site_name":"AConnection Classificados","article_published_time":"2025-09-08T00:00:00+00:00","article_modified_time":"2026-02-26T14:00:43+00:00","og_image":[{"width":1131,"height":1600,"url":"https:\/\/aconnection.com.br\/classificados\/wp-content\/uploads\/2025\/09\/21passeiociclistico.jpeg","type":"image\/jpeg"}],"author":"Soliv\u00e1 Guimar\u00e3es Pestana","twitter_card":"summary_large_image","twitter_description":"Participe do 21\u00b0 Passeio Cicl\u00edstico do Rotary Club de Itanh\u00e9m!Dia 21\/09\/2025, \u00e0s 07h, na Pra\u00e7a Jos\u00e9 Resende Sobrinho.Com o tema \u201cPedalando pela Vida\u201d, o evento integra o Setembro Amarelo e toda a arrecada\u00e7\u00e3o ser\u00e1 destinada ao Banco de Cadeiras de Rodas.Adquira sua camisa oficial com os rotarianos e venha pedalar por sa\u00fade, uni\u00e3o e solidariedade.Fa\u00e7a parte dessa corrente do bem!","twitter_creator":"@sticompanyy","twitter_site":"@sticompanyy","twitter_misc":{"Escrito por":"Soliv\u00e1 Guimar\u00e3es Pestana","Est. tempo de leitura":"2 minutos"},"schema":{"@context":"https:\/\/schema.org","@graph":[{"@type":"Article","@id":"https:\/\/aconnection.com.br\/classificados\/21-passeio-ciclistico-do-rotary-club-de-itanhem-acontece-em-setembro\/#article","isPartOf":{"@id":"https:\/\/aconnection.com.br\/classificados\/21-passeio-ciclistico-do-rotary-club-de-itanhem-acontece-em-setembro\/"},"author":{"name":"Soliv\u00e1 Guimar\u00e3es Pestana","@id":"https:\/\/aconnection.com.br\/classificados\/#\/schema\/person\/1876eca300517da830b7d9a036e3b01b"},"headline":"21\u00b0 Passeio Cicl\u00edstico do Rotary Club de Itanh\u00e9m acontece em setembro","datePublished":"2025-09-08T00:00:00+00:00","dateModified":"2026-02-26T14:00:43+00:00","mainEntityOfPage":{"@id":"https:\/\/aconnection.com.br\/classificados\/21-passeio-ciclistico-do-rotary-club-de-itanhem-acontece-em-setembro\/"},"wordCount":239,"commentCount":0,"publisher":{"@id":"https:\/\/aconnection.com.br\/classificados\/#organization"},"image":{"@id":"https:\/\/aconnection.com.br\/classificados\/21-passeio-ciclistico-do-rotary-club-de-itanhem-acontece-em-setembro\/#primaryimage"},"thumbnailUrl":"https:\/\/aconnection.com.br\/classificados\/wp-content\/uploads\/2025\/09\/21passeiociclistico.jpeg","articleSection":["Comunidade"],"inLanguage":"pt-BR","potentialAction":[{"@type":"CommentAction","name":"Comment","target":["https:\/\/aconnection.com.br\/classificados\/21-passeio-ciclistico-do-rotary-club-de-itanhem-acontece-em-setembro\/#respond"]}]},{"@type":"WebPage","@id":"https:\/\/aconnection.com.br\/classificados\/21-passeio-ciclistico-do-rotary-club-de-itanhem-acontece-em-setembro\/","url":"https:\/\/aconnection.com.br\/classificados\/21-passeio-ciclistico-do-rotary-club-de-itanhem-acontece-em-setembro\/","name":"21\u00b0 Passeio Cicl\u00edstico do Rotary Club de Itanh\u00e9m acontece em setembro","isPartOf":{"@id":"https:\/\/aconnection.com.br\/classificados\/#website"},"primaryImageOfPage":{"@id":"https:\/\/aconnection.com.br\/classificados\/21-passeio-ciclistico-do-rotary-club-de-itanhem-acontece-em-setembro\/#primaryimage"},"image":{"@id":"https:\/\/aconnection.com.br\/classificados\/21-passeio-ciclistico-do-rotary-club-de-itanhem-acontece-em-setembro\/#primaryimage"},"thumbnailUrl":"https:\/\/aconnection.com.br\/classificados\/wp-content\/uploads\/2025\/09\/21passeiociclistico.jpeg","datePublished":"2025-09-08T00:00:00+00:00","dateModified":"2026-02-26T14:00:43+00:00","description":"21\u00b0 Passeio Cicl\u00edstico no dia 21 de setembro. Evento solid\u00e1rio que promove sa\u00fade, lazer e arrecada\u00e7\u00e3o para o Banco de Cadeiras de Rodas.","breadcrumb":{"@id":"https:\/\/aconnection.com.br\/classificados\/21-passeio-ciclistico-do-rotary-club-de-itanhem-acontece-em-setembro\/#breadcrumb"},"inLanguage":"pt-BR","potentialAction":[{"@type":"ReadAction","target":["https:\/\/aconnection.com.br\/classificados\/21-passeio-ciclistico-do-rotary-club-de-itanhem-acontece-em-setembro\/"]}]},{"@type":"ImageObject","inLanguage":"pt-BR","@id":"https:\/\/aconnection.com.br\/classificados\/21-passeio-ciclistico-do-rotary-club-de-itanhem-acontece-em-setembro\/#primaryimage","url":"https:\/\/aconnection.com.br\/classificados\/wp-content\/uploads\/2025\/09\/21passeiociclistico.jpeg","contentUrl":"https:\/\/aconnection.com.br\/classificados\/wp-content\/uploads\/2025\/09\/21passeiociclistico.jpeg","width":1131,"height":1600},{"@type":"BreadcrumbList","@id":"https:\/\/aconnection.com.br\/classificados\/21-passeio-ciclistico-do-rotary-club-de-itanhem-acontece-em-setembro\/#breadcrumb","itemListElement":[{"@type":"ListItem","position":1,"name":"In\u00edcio","item":"https:\/\/aconnection.com.br\/classificados\/"},{"@type":"ListItem","position":2,"name":"21\u00b0 Passeio Cicl\u00edstico do Rotary Club de Itanh\u00e9m acontece em setembro"}]},{"@type":"WebSite","@id":"https:\/\/aconnection.com.br\/classificados\/#website","url":"https:\/\/aconnection.com.br\/classificados\/","name":"AConnection Classificados","description":"Conectando Clientes, Impulsinando o Seu Neg\u00f3cio","publisher":{"@id":"https:\/\/aconnection.com.br\/classificados\/#organization"},"potentialAction":[{"@type":"SearchAction","target":{"@type":"EntryPoint","urlTemplate":"https:\/\/aconnection.com.br\/classificados\/?s={search_term_string}"},"query-input":{"@type":"PropertyValueSpecification","valueRequired":true,"valueName":"search_term_string"}}],"inLanguage":"pt-BR"},{"@type":"Organization","@id":"https:\/\/aconnection.com.br\/classificados\/#organization","name":"AConnection Classificados","url":"https:\/\/aconnection.com.br\/classificados\/","logo":{"@type":"ImageObject","inLanguage":"pt-BR","@id":"https:\/\/aconnection.com.br\/classificados\/#\/schema\/logo\/image\/","url":"https:\/\/aconnection.com.br\/classificados\/wp-content\/uploads\/2021\/08\/Logomarca-AConnection-05.png","contentUrl":"https:\/\/aconnection.com.br\/classificados\/wp-content\/uploads\/2021\/08\/Logomarca-AConnection-05.png","width":3098,"height":2860,"caption":"AConnection Classificados"},"image":{"@id":"https:\/\/aconnection.com.br\/classificados\/#\/schema\/logo\/image\/"},"sameAs":["https:\/\/x.com\/sticompanyy","https:\/\/www.instagram.com\/sti.company"]},{"@type":"Person","@id":"https:\/\/aconnection.com.br\/classificados\/#\/schema\/person\/1876eca300517da830b7d9a036e3b01b","name":"Soliv\u00e1 Guimar\u00e3es Pestana","image":{"@type":"ImageObject","inLanguage":"pt-BR","@id":"https:\/\/secure.gravatar.com\/avatar\/e2da6b8bf6db91c613d93bddb7f16b9d1af2610e2d70973ede034c8dcdacd4ab?s=96&d=mm&r=g","url":"https:\/\/secure.gravatar.com\/avatar\/e2da6b8bf6db91c613d93bddb7f16b9d1af2610e2d70973ede034c8dcdacd4ab?s=96&d=mm&r=g","contentUrl":"https:\/\/secure.gravatar.com\/avatar\/e2da6b8bf6db91c613d93bddb7f16b9d1af2610e2d70973ede034c8dcdacd4ab?s=96&d=mm&r=g","caption":"Soliv\u00e1 Guimar\u00e3es Pestana"},"description":"Natural de Itanh\u00e9m, Bahia. Casado, pai de um filho. Tecn\u00f3logo em an\u00e1lise e Desenvolvimento de Sistemas, Bacharel em Administra\u00e7\u00e3o P\u00fablica. Na Contabilidade Pires atua como Auxiliar de contabilidade(RH). Nos hor\u00e1rios extras atua como profissional de inform\u00e1tica e suas tecnologias. Apaixonado por tecnologia, finan\u00e7as e futebol, torcedor do Fluminense-RJ, Cat\u00f3lico Apost\u00f3lico Romano. Propriet\u00e1rio dos sites www.sticompany.com.br e www.aconnection.com.br.","sameAs":["http:\/\/www.sticompany.com.br"],"url":"https:\/\/aconnection.com.br\/classificados\/author\/solivagp\/"}]}},"_links":{"self":[{"href":"https:\/\/aconnection.com.br\/classificados\/wp-json\/wp\/v2\/posts\/32875","targetHints":{"allow":["GET"]}}],"collection":[{"href":"https:\/\/aconnection.com.br\/classificados\/wp-json\/wp\/v2\/posts"}],"about":[{"href":"https:\/\/aconnection.com.br\/classificados\/wp-json\/wp\/v2\/types\/post"}],"author":[{"embeddable":true,"href":"https:\/\/aconnection.com.br\/classificados\/wp-json\/wp\/v2\/users\/2"}],"replies":[{"embeddable":true,"href":"https:\/\/aconnection.com.br\/classificados\/wp-json\/wp\/v2\/comments?post=32875"}],"version-history":[{"count":8,"href":"https:\/\/aconnection.com.br\/classificados\/wp-json\/wp\/v2\/posts\/32875\/revisions"}],"predecessor-version":[{"id":53115,"href":"https:\/\/aconnection.com.br\/classificados\/wp-json\/wp\/v2\/posts\/32875\/revisions\/53115"}],"wp:featuredmedia":[{"embeddable":true,"href":"https:\/\/aconnection.com.br\/classificados\/wp-json\/wp\/v2\/media\/32652"}],"wp:attachment":[{"href":"https:\/\/aconnection.com.br\/classificados\/wp-json\/wp\/v2\/media?parent=32875"}],"wp:term":[{"taxonomy":"category","embeddable":true,"href":"https:\/\/aconnection.com.br\/classificados\/wp-json\/wp\/v2\/categories?post=32875"},{"taxonomy":"post_tag","embeddable":true,"href":"https:\/\/aconnection.com.br\/classificados\/wp-json\/wp\/v2\/tags?post=32875"}],"curies":[{"name":"wp","href":"https:\/\/api.w.org\/{rel}","templated":true}]}}