{"id":43,"date":"2024-08-01T20:00:00","date_gmt":"2024-08-01T23:00:00","guid":{"rendered":"https:\/\/gaviaspreview.com\/wp\/fioxen\/?p=43"},"modified":"2026-03-09T10:41:59","modified_gmt":"2026-03-09T13:41:59","slug":"importancia-do-varejo-na-economia","status":"publish","type":"post","link":"https:\/\/aconnection.com.br\/classificados\/importancia-do-varejo-na-economia\/","title":{"rendered":"A import\u00e2ncia do varejo na economia e o futuro do com\u00e9rcio no munic\u00edpio"},"content":{"rendered":"\n<h2 class=\"wp-block-heading\" id=\"h-a-origem-do-comercio-e-das-atividades-de-varejo\">A origem do com\u00e9rcio e das atividades de varejo<\/h2>\n\n\n\n<p>O com\u00e9rcio, ou ainda o varejo, \u00e9 uma das atividades mais pioneiras que a sociedade conhece. O ser humano h\u00e1 muito tempo est\u00e1 acostumado a negociar mercadorias, desde as formas primitivas de escambo, passando pela evolu\u00e7\u00e3o mercantilista que envolvia as primeiras trocas monet\u00e1rias, at\u00e9 chegar \u00e0s formas de comercializa\u00e7\u00e3o modernas, com a utiliza\u00e7\u00e3o de dinheiro, tal\u00f5es de cheques, cart\u00f5es de cr\u00e9ditos, transa\u00e7\u00f5es eletr\u00f4nicas, entre outros.<\/p>\n\n\n\n<p>Os primeiros registros da atividade do varejo no mundo datam da Antiguidade, na \u00e9poca em que Atenas, Alexandria e Roma foram grandes \u00e1reas comerciais e os gregos antigos eram conhecidos como grandes comerciantes.<\/p>\n\n\n\n<h2 class=\"wp-block-heading\">O desenvolvimento do varejo no Brasil<\/h2>\n\n\n\n<p>J\u00e1 o varejo brasileiro tem suas ra\u00edzes nas primeiras comercializa\u00e7\u00f5es feitas ainda no Brasil-Col\u00f4nia, onde a rela\u00e7\u00e3o de depend\u00eancia com Portugal era muito grande e existiam as chamadas Companhias de Com\u00e9rcio, criadas para atingir certa economia de escala.<\/p>\n\n\n\n<p>No entanto, somente no Segundo Imp\u00e9rio, com o aparecimento das estradas de ferro e das estradas definitivas, surgiram os primeiros estabelecimentos comerciais, que evolu\u00edram ao longo do tempo, formando as empresas de com\u00e9rcio varejista conforme conhecidas hoje.<\/p>\n\n\n\n<h2 class=\"wp-block-heading\">O varejo e sua rela\u00e7\u00e3o com a sociedade<\/h2>\n\n\n\n<p>O varejo consiste em todas as atividades que englobam o processo de venda de produtos e servi\u00e7os para atender a uma necessidade pessoal do consumidor final.<\/p>\n\n\n\n<p>\u00c9 o tipo de empresa ou neg\u00f3cio que tem como uma das principais caracter\u00edsticas estar relacionado diretamente ao cotidiano das pessoas, das comunidades, das regi\u00f5es e da sociedade brasileira.<\/p>\n\n\n\n<p>Em todas as localidades do pa\u00eds existe algum estabelecimento de com\u00e9rcio que vende bens e servi\u00e7os ao consumidor final e que, normalmente, tem uma liga\u00e7\u00e3o \u00edntima com uma regi\u00e3o e com a pr\u00f3pria cultura local.<\/p>\n\n\n\n<figure class=\"wp-block-image size-full is-resized\"><img fetchpriority=\"high\" decoding=\"async\" width=\"910\" height=\"633\" src=\"https:\/\/aconnection.com.br\/classificados\/wp-content\/uploads\/2024\/05\/varejo2.jpg\" alt=\"\" class=\"wp-image-1771\" style=\"width:528px;height:auto\" srcset=\"https:\/\/aconnection.com.br\/classificados\/wp-content\/uploads\/2024\/05\/varejo2.jpg 910w, https:\/\/aconnection.com.br\/classificados\/wp-content\/uploads\/2024\/05\/varejo2-768x534.jpg 768w, https:\/\/aconnection.com.br\/classificados\/wp-content\/uploads\/2024\/05\/varejo2-600x417.jpg 600w\" sizes=\"(max-width: 910px) 100vw, 910px\" \/><\/figure>\n\n\n\n<h2 class=\"wp-block-heading\">O varejo como motor da economia<\/h2>\n\n\n\n<p>O varejista \u00e9 qualquer institui\u00e7\u00e3o cuja atividade principal consiste no varejo.<\/p>\n\n\n\n<p>O varejo \u00e9 um dos motores da economia, um dos grandes propulsores do aumento do poder de compra da popula\u00e7\u00e3o e o acesso ao cr\u00e9dito teve um impacto maior do que o aumento de renda.<\/p>\n\n\n\n<p>N\u00e3o foi o sistema financeiro quem fez isso, porque os bancos s\u00f3 sabem emprestar para o governo e para empresas. Foi o varejo, com sua capilaridade, o respons\u00e1vel por isso.<\/p>\n\n\n\n<p>Os grandes varejistas com seus sistemas de cart\u00f5es e credi\u00e1rios deram esse poder aos consumidores.<\/p>\n\n\n\n<p>O varejo tamb\u00e9m tem uma \u00edntima rela\u00e7\u00e3o com a pol\u00edtica econ\u00f4mica do governo. O setor \u00e9 extremamente sens\u00edvel \u00e0s oscila\u00e7\u00f5es do mercado.<\/p>\n\n\n\n<h2 class=\"wp-block-heading\">Tecnologia e transforma\u00e7\u00e3o no com\u00e9rcio<\/h2>\n\n\n\n<p>Normalmente as vendas respondem de maneira muito r\u00e1pida \u00e0s altera\u00e7\u00f5es na conjuntura macroecon\u00f4mica e no poder aquisitivo dos consumidores.<\/p>\n\n\n\n<p>Um aparelho que ningu\u00e9m d\u00e1 muita import\u00e2ncia foi o piv\u00f4 de toda essa virada do varejo: o leitor de c\u00f3digo de barras.<\/p>\n\n\n\n<p>Eles viraram toda a cadeia de suprimentos de cabe\u00e7a para baixo. Antes dele, o varejo era segmentado. Quando ele chegou, na d\u00e9cada de 80, que os empres\u00e1rios come\u00e7aram a entender que cada vez que aquela luzinha vermelha varre aquelas barrinhas, significa um voto do consumidor.<\/p>\n\n\n\n<p>Isso deu aos varejistas a valiosa informa\u00e7\u00e3o de quais produtos s\u00e3o os preferidos. Temos hoje gigantescos bancos de dados. Nos anos 80 e 90, os principais empregadores estavam na ind\u00fastria.<\/p>\n\n\n\n<p>Naquela \u00e9poca, uma montadora empregava mais do que as 60 maiores empresas de varejo. Hoje, a maior varejista emprega mais do que todas as montadoras juntas.<\/p>\n\n\n\n<p>Naquela \u00e9poca, uma montadora empregava mais do que as 60 maiores empresas de varejo. Hoje, a maior varejista emprega mais do que todas as montadoras juntas.<\/p>\n\n\n\n<h2 class=\"wp-block-heading\">A import\u00e2ncia do varejo para o desenvolvimento econ\u00f4mico<\/h2>\n\n\n\n<p>O setor do varejo vem aumentando consideravelmente sua import\u00e2ncia no panorama empresarial brasileiro, um n\u00famero crescente de varejistas figura na rela\u00e7\u00e3o das maiores empresas do Pa\u00eds.<\/p>\n\n\n\n<p>Conforme o setor se expande, s\u00e3o necess\u00e1rias estrat\u00e9gias diferenciadas, novas tecnologias, mudan\u00e7as no relacionamento com clientes e fornecedores.<\/p>\n\n\n\n<p>Neste cen\u00e1rio, o grande fator de diferen\u00e7a nas empresas \u00e9 a vantagem competitiva, ou seja, o valor que se cria para o consumidor e que ultrapassa o custo, que adv\u00e9m do fato da empresa operar com baixo custo ou com diferencia\u00e7\u00e3o.<\/p>\n\n\n\n<figure class=\"wp-block-image size-large is-resized\"><img decoding=\"async\" width=\"1024\" height=\"450\" src=\"https:\/\/aconnection.com.br\/classificados\/wp-content\/uploads\/2024\/05\/varejo3-1024x450.jpg\" alt=\"\" class=\"wp-image-1772\" style=\"width:724px;height:auto\" srcset=\"https:\/\/aconnection.com.br\/classificados\/wp-content\/uploads\/2024\/05\/varejo3-1024x450.jpg 1024w, https:\/\/aconnection.com.br\/classificados\/wp-content\/uploads\/2024\/05\/varejo3-768x337.jpg 768w, https:\/\/aconnection.com.br\/classificados\/wp-content\/uploads\/2024\/05\/varejo3-600x263.jpg 600w, https:\/\/aconnection.com.br\/classificados\/wp-content\/uploads\/2024\/05\/varejo3.jpg 1280w\" sizes=\"(max-width: 1024px) 100vw, 1024px\" \/><\/figure>\n\n\n\n<h2 class=\"wp-block-heading\">O varejo na economia do munic\u00edpio de Itanh\u00e9m<\/h2>\n\n\n\n<p>No com\u00e9rcio local n\u00e3o \u00e9 diferente, o varejo d\u00e1 um grande g\u00e1s e \u00e9 grande respons\u00e1vel pela movimenta\u00e7\u00e3o econ\u00f4mica municipal, mesmo que a pecu\u00e1ria se destaca tamb\u00e9m no munic\u00edpio.<\/p>\n\n\n\n<p>Para o propriet\u00e1rio do Atacad\u00e3o dos Brothers da cidade de Itanh\u00e9m-BA, Gicelio Oliveira, \u201ca\u00a0\u00e1rea de vendas, destacando-se a do varejo, tem uma fun\u00e7\u00e3o fundamental na economia do nosso pa\u00eds: gerar emprego. Al\u00e9m disso, o setor tem crescido muito nos \u00faltimos anos, dando for\u00e7a de compra para a popula\u00e7\u00e3o, e gerando impostos para o governo.<\/p>\n\n\n\n<p>E assim como ao n\u00edvel Nacional, o setor de vendas \u00e9 o maior empregador privado de nosso municipal. Isso, por si s\u00f3, j\u00e1 diz a import\u00e2ncia deste setor. O que nos falta \u00e9 um investimento p\u00fablico que facilite o trabalho do empreendedor para gerar ainda mais empregos\u201d.<\/p>\n\n\n\n<p>J\u00e1 Junior Cesar, gerente da empresa Itanh\u00e9m M\u00f3veis, tamb\u00e9m da cidade de Itanh\u00e9m-BA, nos diz que \u201cvender, de forma geral, beneficia os consumidores com mais produtos que atendam suas necessidades, o que eleva a produ\u00e7\u00e3o industrial, estimulando o investimento e a oferta de emprego\u201d.<\/p>\n\n\n\n<h2 class=\"wp-block-heading\">O futuro do varejo no munic\u00edpio<\/h2>\n\n\n\n<p>Portanto, a \u00e1rea de vendas \u00e9 de fundamental import\u00e2ncia para a economia.<\/p>\n\n\n\n<p>Assim sendo, o futuro deste munic\u00edpio \u00e9 impens\u00e1vel sem o varejo. E no munic\u00edpio de Itanh\u00e9m, que ainda \u00e9 carente em diversos n\u00edveis, principalmente de ind\u00fastrias e f\u00e1bricas, o com\u00e9rcio varejista se torna ainda mais relevante.<\/p>\n\n\n\n<p>A economia \u00e9 baseada na pecu\u00e1ria e no com\u00e9rcio varejista; assim sendo, o futuro deste munic\u00edpio \u00e9 impens\u00e1vel sem o varejo.<\/p>\n\n\n\n<p>Dada a import\u00e2ncia do tema, partindo do ponto de vista da gest\u00e3o empresarial, e evidenciando a necessidade de as empresas terem um processo de gest\u00e3o estruturado, a aplica\u00e7\u00e3o do ciclo <strong>planejamento, execu\u00e7\u00e3o e controle<\/strong>, \u00e9 indispens\u00e1vel.<\/p>\n","protected":false},"excerpt":{"rendered":"<p>O com\u00e9rcio varejista \u00e9 uma das atividades econ\u00f4micas mais importantes da sociedade. Neste artigo, analisamos sua evolu\u00e7\u00e3o hist\u00f3rica, seu papel na economia e a import\u00e2ncia do varejo para o desenvolvimento do munic\u00edpio de Itanh\u00e9m.<\/p>\n","protected":false},"author":2,"featured_media":53914,"comment_status":"open","ping_status":"open","sticky":false,"template":"","format":"standard","meta":{"om_disable_all_campaigns":false,"_monsterinsights_skip_tracking":false,"_monsterinsights_sitenote_active":false,"_monsterinsights_sitenote_note":"","_monsterinsights_sitenote_category":0,"_uf_show_specific_survey":0,"_uf_disable_surveys":false,"_price":"","_stock":"","_tribe_ticket_header":"","_tribe_default_ticket_provider":"","_tribe_ticket_capacity":"0","_ticket_start_date":"","_ticket_end_date":"","_tribe_ticket_show_description":"","_tribe_ticket_show_not_going":false,"_tribe_ticket_use_global_stock":"","_tribe_ticket_global_stock_level":"","_global_stock_mode":"","_global_stock_cap":"","_tribe_rsvp_for_event":"","_tribe_ticket_going_count":"","_tribe_ticket_not_going_count":"","_tribe_tickets_list":"[]","_tribe_ticket_has_attendee_info_fields":false,"_EventAllDay":false,"_EventTimezone":"","_EventStartDate":"","_EventEndDate":"","_EventStartDateUTC":"","_EventEndDateUTC":"","_EventShowMap":false,"_EventShowMapLink":false,"_EventURL":"","_EventCost":"","_EventCostDescription":"","_EventCurrencySymbol":"","_EventCurrencyCode":"","_EventCurrencyPosition":"","_EventDateTimeSeparator":"","_EventTimeRangeSeparator":"","_EventOrganizerID":[],"_EventVenueID":[],"_OrganizerEmail":"","_OrganizerPhone":"","_OrganizerWebsite":"","_VenueAddress":"","_VenueCity":"","_VenueCountry":"","_VenueProvince":"","_VenueState":"","_VenueZip":"","_VenuePhone":"","_VenueURL":"","_VenueStateProvince":"","_VenueLat":"","_VenueLng":"","_VenueShowMap":false,"_VenueShowMapLink":false,"footnotes":""},"categories":[24],"tags":[406,588,587,503,589,537,118],"class_list":["post-43","post","type-post","status-publish","format-standard","has-post-thumbnail","hentry","category-negocios-e-economia","tag-comercio","tag-comercio-varejista","tag-desenvolvimento-economico","tag-economia-local","tag-geracao-de-empregos","tag-negocios-2","tag-varejo"],"yoast_head":"<!-- This site is optimized with the Yoast SEO Premium plugin v26.5 (Yoast SEO v27.4) - https:\/\/yoast.com\/product\/yoast-seo-premium-wordpress\/ -->\n<title>A import\u00e2ncia do varejo na economia e no futuro do munic\u00edpio<\/title>\n<meta name=\"description\" content=\"O varejo \u00e9 um dos principais motores da economia. Entenda sua import\u00e2ncia para o desenvolvimento econ\u00f4mico e o futuro do com\u00e9rcio no munic\u00edpio\" \/>\n<meta name=\"robots\" content=\"index, follow, max-snippet:-1, max-image-preview:large, max-video-preview:-1\" \/>\n<link rel=\"canonical\" href=\"https:\/\/aconnection.com.br\/classificados\/importancia-do-varejo-na-economia\/\" \/>\n<meta property=\"og:locale\" content=\"pt_BR\" \/>\n<meta property=\"og:type\" content=\"article\" \/>\n<meta property=\"og:title\" content=\"A import\u00e2ncia do varejo na economia e o futuro do com\u00e9rcio no munic\u00edpio\" \/>\n<meta property=\"og:description\" content=\"O varejo \u00e9 um dos grandes motores da economia e um dos principais respons\u00e1veis pela gera\u00e7\u00e3o de empregos e movimenta\u00e7\u00e3o financeira nas cidades. Neste artigo, entenda a import\u00e2ncia do com\u00e9rcio varejista para o desenvolvimento econ\u00f4mico e para o futuro do munic\u00edpio.\" \/>\n<meta property=\"og:url\" content=\"https:\/\/aconnection.com.br\/classificados\/importancia-do-varejo-na-economia\/\" \/>\n<meta property=\"og:site_name\" content=\"AConnection Classificados\" \/>\n<meta property=\"article:published_time\" content=\"2024-08-01T23:00:00+00:00\" \/>\n<meta property=\"article:modified_time\" content=\"2026-03-09T13:41:59+00:00\" \/>\n<meta property=\"og:image\" content=\"https:\/\/aconnection.com.br\/classificados\/wp-content\/uploads\/2024\/08\/importanciavarejo11.jpg\" \/>\n\t<meta property=\"og:image:width\" content=\"1080\" \/>\n\t<meta property=\"og:image:height\" content=\"1080\" \/>\n\t<meta property=\"og:image:type\" content=\"image\/jpeg\" \/>\n<meta name=\"author\" content=\"Soliv\u00e1 Guimar\u00e3es Pestana\" \/>\n<meta name=\"twitter:card\" content=\"summary_large_image\" \/>\n<meta name=\"twitter:description\" content=\"O varejo \u00e9 um dos grandes motores da economia e um dos principais respons\u00e1veis pela gera\u00e7\u00e3o de empregos e movimenta\u00e7\u00e3o financeira nas cidades. Neste artigo, entenda a import\u00e2ncia do com\u00e9rcio varejista para o desenvolvimento econ\u00f4mico e para o futuro do munic\u00edpio.\" \/>\n<meta name=\"twitter:creator\" content=\"@sticompanyy\" \/>\n<meta name=\"twitter:site\" content=\"@sticompanyy\" \/>\n<meta name=\"twitter:label1\" content=\"Escrito por\" \/>\n\t<meta name=\"twitter:data1\" content=\"Soliv\u00e1 Guimar\u00e3es Pestana\" \/>\n\t<meta name=\"twitter:label2\" content=\"Est. tempo de leitura\" \/>\n\t<meta name=\"twitter:data2\" content=\"6 minutos\" \/>\n<script type=\"application\/ld+json\" class=\"yoast-schema-graph\">{\"@context\":\"https:\\\/\\\/schema.org\",\"@graph\":[{\"@type\":\"Article\",\"@id\":\"https:\\\/\\\/aconnection.com.br\\\/classificados\\\/importancia-do-varejo-na-economia\\\/#article\",\"isPartOf\":{\"@id\":\"https:\\\/\\\/aconnection.com.br\\\/classificados\\\/importancia-do-varejo-na-economia\\\/\"},\"author\":{\"name\":\"Soliv\u00e1 Guimar\u00e3es Pestana\",\"@id\":\"https:\\\/\\\/aconnection.com.br\\\/classificados\\\/#\\\/schema\\\/person\\\/1876eca300517da830b7d9a036e3b01b\"},\"headline\":\"A import\u00e2ncia do varejo na economia e o futuro do com\u00e9rcio no munic\u00edpio\",\"datePublished\":\"2024-08-01T23:00:00+00:00\",\"dateModified\":\"2026-03-09T13:41:59+00:00\",\"mainEntityOfPage\":{\"@id\":\"https:\\\/\\\/aconnection.com.br\\\/classificados\\\/importancia-do-varejo-na-economia\\\/\"},\"wordCount\":1080,\"commentCount\":0,\"publisher\":{\"@id\":\"https:\\\/\\\/aconnection.com.br\\\/classificados\\\/#organization\"},\"image\":{\"@id\":\"https:\\\/\\\/aconnection.com.br\\\/classificados\\\/importancia-do-varejo-na-economia\\\/#primaryimage\"},\"thumbnailUrl\":\"https:\\\/\\\/aconnection.com.br\\\/classificados\\\/wp-content\\\/uploads\\\/2024\\\/08\\\/importanciavarejo11.jpg\",\"keywords\":[\"com\u00e9rcio\",\"com\u00e9rcio varejista\",\"desenvolvimento econ\u00f4mico\",\"Economia local\",\"gera\u00e7\u00e3o de empregos\",\"Neg\u00f3cios\",\"varejo\"],\"articleSection\":[\"Neg\u00f3cios e Economia\"],\"inLanguage\":\"pt-BR\",\"potentialAction\":[{\"@type\":\"CommentAction\",\"name\":\"Comment\",\"target\":[\"https:\\\/\\\/aconnection.com.br\\\/classificados\\\/importancia-do-varejo-na-economia\\\/#respond\"]}]},{\"@type\":\"WebPage\",\"@id\":\"https:\\\/\\\/aconnection.com.br\\\/classificados\\\/importancia-do-varejo-na-economia\\\/\",\"url\":\"https:\\\/\\\/aconnection.com.br\\\/classificados\\\/importancia-do-varejo-na-economia\\\/\",\"name\":\"A import\u00e2ncia do varejo na economia e no futuro do munic\u00edpio\",\"isPartOf\":{\"@id\":\"https:\\\/\\\/aconnection.com.br\\\/classificados\\\/#website\"},\"primaryImageOfPage\":{\"@id\":\"https:\\\/\\\/aconnection.com.br\\\/classificados\\\/importancia-do-varejo-na-economia\\\/#primaryimage\"},\"image\":{\"@id\":\"https:\\\/\\\/aconnection.com.br\\\/classificados\\\/importancia-do-varejo-na-economia\\\/#primaryimage\"},\"thumbnailUrl\":\"https:\\\/\\\/aconnection.com.br\\\/classificados\\\/wp-content\\\/uploads\\\/2024\\\/08\\\/importanciavarejo11.jpg\",\"datePublished\":\"2024-08-01T23:00:00+00:00\",\"dateModified\":\"2026-03-09T13:41:59+00:00\",\"description\":\"O varejo \u00e9 um dos principais motores da economia. Entenda sua import\u00e2ncia para o desenvolvimento econ\u00f4mico e o futuro do com\u00e9rcio no munic\u00edpio\",\"breadcrumb\":{\"@id\":\"https:\\\/\\\/aconnection.com.br\\\/classificados\\\/importancia-do-varejo-na-economia\\\/#breadcrumb\"},\"inLanguage\":\"pt-BR\",\"potentialAction\":[{\"@type\":\"ReadAction\",\"target\":[\"https:\\\/\\\/aconnection.com.br\\\/classificados\\\/importancia-do-varejo-na-economia\\\/\"]}]},{\"@type\":\"ImageObject\",\"inLanguage\":\"pt-BR\",\"@id\":\"https:\\\/\\\/aconnection.com.br\\\/classificados\\\/importancia-do-varejo-na-economia\\\/#primaryimage\",\"url\":\"https:\\\/\\\/aconnection.com.br\\\/classificados\\\/wp-content\\\/uploads\\\/2024\\\/08\\\/importanciavarejo11.jpg\",\"contentUrl\":\"https:\\\/\\\/aconnection.com.br\\\/classificados\\\/wp-content\\\/uploads\\\/2024\\\/08\\\/importanciavarejo11.jpg\",\"width\":1080,\"height\":1080},{\"@type\":\"BreadcrumbList\",\"@id\":\"https:\\\/\\\/aconnection.com.br\\\/classificados\\\/importancia-do-varejo-na-economia\\\/#breadcrumb\",\"itemListElement\":[{\"@type\":\"ListItem\",\"position\":1,\"name\":\"In\u00edcio\",\"item\":\"https:\\\/\\\/aconnection.com.br\\\/classificados\\\/\"},{\"@type\":\"ListItem\",\"position\":2,\"name\":\"A import\u00e2ncia do varejo na economia e o futuro do com\u00e9rcio no munic\u00edpio\"}]},{\"@type\":\"WebSite\",\"@id\":\"https:\\\/\\\/aconnection.com.br\\\/classificados\\\/#website\",\"url\":\"https:\\\/\\\/aconnection.com.br\\\/classificados\\\/\",\"name\":\"AConnection Classificados\",\"description\":\"Conectando Clientes, Impulsinando o Seu Neg\u00f3cio\",\"publisher\":{\"@id\":\"https:\\\/\\\/aconnection.com.br\\\/classificados\\\/#organization\"},\"potentialAction\":[{\"@type\":\"SearchAction\",\"target\":{\"@type\":\"EntryPoint\",\"urlTemplate\":\"https:\\\/\\\/aconnection.com.br\\\/classificados\\\/?s={search_term_string}\"},\"query-input\":{\"@type\":\"PropertyValueSpecification\",\"valueRequired\":true,\"valueName\":\"search_term_string\"}}],\"inLanguage\":\"pt-BR\"},{\"@type\":\"Organization\",\"@id\":\"https:\\\/\\\/aconnection.com.br\\\/classificados\\\/#organization\",\"name\":\"AConnection Classificados\",\"url\":\"https:\\\/\\\/aconnection.com.br\\\/classificados\\\/\",\"logo\":{\"@type\":\"ImageObject\",\"inLanguage\":\"pt-BR\",\"@id\":\"https:\\\/\\\/aconnection.com.br\\\/classificados\\\/#\\\/schema\\\/logo\\\/image\\\/\",\"url\":\"https:\\\/\\\/aconnection.com.br\\\/classificados\\\/wp-content\\\/uploads\\\/2021\\\/08\\\/Logomarca-AConnection-05.png\",\"contentUrl\":\"https:\\\/\\\/aconnection.com.br\\\/classificados\\\/wp-content\\\/uploads\\\/2021\\\/08\\\/Logomarca-AConnection-05.png\",\"width\":3098,\"height\":2860,\"caption\":\"AConnection Classificados\"},\"image\":{\"@id\":\"https:\\\/\\\/aconnection.com.br\\\/classificados\\\/#\\\/schema\\\/logo\\\/image\\\/\"},\"sameAs\":[\"https:\\\/\\\/x.com\\\/sticompanyy\",\"https:\\\/\\\/www.instagram.com\\\/sti.company\"]},{\"@type\":\"Person\",\"@id\":\"https:\\\/\\\/aconnection.com.br\\\/classificados\\\/#\\\/schema\\\/person\\\/1876eca300517da830b7d9a036e3b01b\",\"name\":\"Soliv\u00e1 Guimar\u00e3es Pestana\",\"image\":{\"@type\":\"ImageObject\",\"inLanguage\":\"pt-BR\",\"@id\":\"https:\\\/\\\/secure.gravatar.com\\\/avatar\\\/e2da6b8bf6db91c613d93bddb7f16b9d1af2610e2d70973ede034c8dcdacd4ab?s=96&d=mm&r=g\",\"url\":\"https:\\\/\\\/secure.gravatar.com\\\/avatar\\\/e2da6b8bf6db91c613d93bddb7f16b9d1af2610e2d70973ede034c8dcdacd4ab?s=96&d=mm&r=g\",\"contentUrl\":\"https:\\\/\\\/secure.gravatar.com\\\/avatar\\\/e2da6b8bf6db91c613d93bddb7f16b9d1af2610e2d70973ede034c8dcdacd4ab?s=96&d=mm&r=g\",\"caption\":\"Soliv\u00e1 Guimar\u00e3es Pestana\"},\"description\":\"Natural de Itanh\u00e9m, Bahia. Casado, pai de um filho. Tecn\u00f3logo em an\u00e1lise e Desenvolvimento de Sistemas, Bacharel em Administra\u00e7\u00e3o P\u00fablica. Na Contabilidade Pires atua como Auxiliar de contabilidade(RH). Nos hor\u00e1rios extras atua como profissional de inform\u00e1tica e suas tecnologias. Apaixonado por tecnologia, finan\u00e7as e futebol, torcedor do Fluminense-RJ, Cat\u00f3lico Apost\u00f3lico Romano. Propriet\u00e1rio dos sites www.sticompany.com.br e www.aconnection.com.br.\",\"sameAs\":[\"http:\\\/\\\/www.sticompany.com.br\"],\"url\":\"https:\\\/\\\/aconnection.com.br\\\/classificados\\\/author\\\/solivagp\\\/\"}]}<\/script>\n<!-- \/ Yoast SEO Premium plugin. -->","yoast_head_json":{"title":"A import\u00e2ncia do varejo na economia e no futuro do munic\u00edpio","description":"O varejo \u00e9 um dos principais motores da economia. Entenda sua import\u00e2ncia para o desenvolvimento econ\u00f4mico e o futuro do com\u00e9rcio no munic\u00edpio","robots":{"index":"index","follow":"follow","max-snippet":"max-snippet:-1","max-image-preview":"max-image-preview:large","max-video-preview":"max-video-preview:-1"},"canonical":"https:\/\/aconnection.com.br\/classificados\/importancia-do-varejo-na-economia\/","og_locale":"pt_BR","og_type":"article","og_title":"A import\u00e2ncia do varejo na economia e o futuro do com\u00e9rcio no munic\u00edpio","og_description":"O varejo \u00e9 um dos grandes motores da economia e um dos principais respons\u00e1veis pela gera\u00e7\u00e3o de empregos e movimenta\u00e7\u00e3o financeira nas cidades. Neste artigo, entenda a import\u00e2ncia do com\u00e9rcio varejista para o desenvolvimento econ\u00f4mico e para o futuro do munic\u00edpio.","og_url":"https:\/\/aconnection.com.br\/classificados\/importancia-do-varejo-na-economia\/","og_site_name":"AConnection Classificados","article_published_time":"2024-08-01T23:00:00+00:00","article_modified_time":"2026-03-09T13:41:59+00:00","og_image":[{"width":1080,"height":1080,"url":"https:\/\/aconnection.com.br\/classificados\/wp-content\/uploads\/2024\/08\/importanciavarejo11.jpg","type":"image\/jpeg"}],"author":"Soliv\u00e1 Guimar\u00e3es Pestana","twitter_card":"summary_large_image","twitter_description":"O varejo \u00e9 um dos grandes motores da economia e um dos principais respons\u00e1veis pela gera\u00e7\u00e3o de empregos e movimenta\u00e7\u00e3o financeira nas cidades. Neste artigo, entenda a import\u00e2ncia do com\u00e9rcio varejista para o desenvolvimento econ\u00f4mico e para o futuro do munic\u00edpio.","twitter_creator":"@sticompanyy","twitter_site":"@sticompanyy","twitter_misc":{"Escrito por":"Soliv\u00e1 Guimar\u00e3es Pestana","Est. tempo de leitura":"6 minutos"},"schema":{"@context":"https:\/\/schema.org","@graph":[{"@type":"Article","@id":"https:\/\/aconnection.com.br\/classificados\/importancia-do-varejo-na-economia\/#article","isPartOf":{"@id":"https:\/\/aconnection.com.br\/classificados\/importancia-do-varejo-na-economia\/"},"author":{"name":"Soliv\u00e1 Guimar\u00e3es Pestana","@id":"https:\/\/aconnection.com.br\/classificados\/#\/schema\/person\/1876eca300517da830b7d9a036e3b01b"},"headline":"A import\u00e2ncia do varejo na economia e o futuro do com\u00e9rcio no munic\u00edpio","datePublished":"2024-08-01T23:00:00+00:00","dateModified":"2026-03-09T13:41:59+00:00","mainEntityOfPage":{"@id":"https:\/\/aconnection.com.br\/classificados\/importancia-do-varejo-na-economia\/"},"wordCount":1080,"commentCount":0,"publisher":{"@id":"https:\/\/aconnection.com.br\/classificados\/#organization"},"image":{"@id":"https:\/\/aconnection.com.br\/classificados\/importancia-do-varejo-na-economia\/#primaryimage"},"thumbnailUrl":"https:\/\/aconnection.com.br\/classificados\/wp-content\/uploads\/2024\/08\/importanciavarejo11.jpg","keywords":["com\u00e9rcio","com\u00e9rcio varejista","desenvolvimento econ\u00f4mico","Economia local","gera\u00e7\u00e3o de empregos","Neg\u00f3cios","varejo"],"articleSection":["Neg\u00f3cios e Economia"],"inLanguage":"pt-BR","potentialAction":[{"@type":"CommentAction","name":"Comment","target":["https:\/\/aconnection.com.br\/classificados\/importancia-do-varejo-na-economia\/#respond"]}]},{"@type":"WebPage","@id":"https:\/\/aconnection.com.br\/classificados\/importancia-do-varejo-na-economia\/","url":"https:\/\/aconnection.com.br\/classificados\/importancia-do-varejo-na-economia\/","name":"A import\u00e2ncia do varejo na economia e no futuro do munic\u00edpio","isPartOf":{"@id":"https:\/\/aconnection.com.br\/classificados\/#website"},"primaryImageOfPage":{"@id":"https:\/\/aconnection.com.br\/classificados\/importancia-do-varejo-na-economia\/#primaryimage"},"image":{"@id":"https:\/\/aconnection.com.br\/classificados\/importancia-do-varejo-na-economia\/#primaryimage"},"thumbnailUrl":"https:\/\/aconnection.com.br\/classificados\/wp-content\/uploads\/2024\/08\/importanciavarejo11.jpg","datePublished":"2024-08-01T23:00:00+00:00","dateModified":"2026-03-09T13:41:59+00:00","description":"O varejo \u00e9 um dos principais motores da economia. Entenda sua import\u00e2ncia para o desenvolvimento econ\u00f4mico e o futuro do com\u00e9rcio no munic\u00edpio","breadcrumb":{"@id":"https:\/\/aconnection.com.br\/classificados\/importancia-do-varejo-na-economia\/#breadcrumb"},"inLanguage":"pt-BR","potentialAction":[{"@type":"ReadAction","target":["https:\/\/aconnection.com.br\/classificados\/importancia-do-varejo-na-economia\/"]}]},{"@type":"ImageObject","inLanguage":"pt-BR","@id":"https:\/\/aconnection.com.br\/classificados\/importancia-do-varejo-na-economia\/#primaryimage","url":"https:\/\/aconnection.com.br\/classificados\/wp-content\/uploads\/2024\/08\/importanciavarejo11.jpg","contentUrl":"https:\/\/aconnection.com.br\/classificados\/wp-content\/uploads\/2024\/08\/importanciavarejo11.jpg","width":1080,"height":1080},{"@type":"BreadcrumbList","@id":"https:\/\/aconnection.com.br\/classificados\/importancia-do-varejo-na-economia\/#breadcrumb","itemListElement":[{"@type":"ListItem","position":1,"name":"In\u00edcio","item":"https:\/\/aconnection.com.br\/classificados\/"},{"@type":"ListItem","position":2,"name":"A import\u00e2ncia do varejo na economia e o futuro do com\u00e9rcio no munic\u00edpio"}]},{"@type":"WebSite","@id":"https:\/\/aconnection.com.br\/classificados\/#website","url":"https:\/\/aconnection.com.br\/classificados\/","name":"AConnection Classificados","description":"Conectando Clientes, Impulsinando o Seu Neg\u00f3cio","publisher":{"@id":"https:\/\/aconnection.com.br\/classificados\/#organization"},"potentialAction":[{"@type":"SearchAction","target":{"@type":"EntryPoint","urlTemplate":"https:\/\/aconnection.com.br\/classificados\/?s={search_term_string}"},"query-input":{"@type":"PropertyValueSpecification","valueRequired":true,"valueName":"search_term_string"}}],"inLanguage":"pt-BR"},{"@type":"Organization","@id":"https:\/\/aconnection.com.br\/classificados\/#organization","name":"AConnection Classificados","url":"https:\/\/aconnection.com.br\/classificados\/","logo":{"@type":"ImageObject","inLanguage":"pt-BR","@id":"https:\/\/aconnection.com.br\/classificados\/#\/schema\/logo\/image\/","url":"https:\/\/aconnection.com.br\/classificados\/wp-content\/uploads\/2021\/08\/Logomarca-AConnection-05.png","contentUrl":"https:\/\/aconnection.com.br\/classificados\/wp-content\/uploads\/2021\/08\/Logomarca-AConnection-05.png","width":3098,"height":2860,"caption":"AConnection Classificados"},"image":{"@id":"https:\/\/aconnection.com.br\/classificados\/#\/schema\/logo\/image\/"},"sameAs":["https:\/\/x.com\/sticompanyy","https:\/\/www.instagram.com\/sti.company"]},{"@type":"Person","@id":"https:\/\/aconnection.com.br\/classificados\/#\/schema\/person\/1876eca300517da830b7d9a036e3b01b","name":"Soliv\u00e1 Guimar\u00e3es Pestana","image":{"@type":"ImageObject","inLanguage":"pt-BR","@id":"https:\/\/secure.gravatar.com\/avatar\/e2da6b8bf6db91c613d93bddb7f16b9d1af2610e2d70973ede034c8dcdacd4ab?s=96&d=mm&r=g","url":"https:\/\/secure.gravatar.com\/avatar\/e2da6b8bf6db91c613d93bddb7f16b9d1af2610e2d70973ede034c8dcdacd4ab?s=96&d=mm&r=g","contentUrl":"https:\/\/secure.gravatar.com\/avatar\/e2da6b8bf6db91c613d93bddb7f16b9d1af2610e2d70973ede034c8dcdacd4ab?s=96&d=mm&r=g","caption":"Soliv\u00e1 Guimar\u00e3es Pestana"},"description":"Natural de Itanh\u00e9m, Bahia. Casado, pai de um filho. Tecn\u00f3logo em an\u00e1lise e Desenvolvimento de Sistemas, Bacharel em Administra\u00e7\u00e3o P\u00fablica. Na Contabilidade Pires atua como Auxiliar de contabilidade(RH). Nos hor\u00e1rios extras atua como profissional de inform\u00e1tica e suas tecnologias. Apaixonado por tecnologia, finan\u00e7as e futebol, torcedor do Fluminense-RJ, Cat\u00f3lico Apost\u00f3lico Romano. Propriet\u00e1rio dos sites www.sticompany.com.br e www.aconnection.com.br.","sameAs":["http:\/\/www.sticompany.com.br"],"url":"https:\/\/aconnection.com.br\/classificados\/author\/solivagp\/"}]}},"_links":{"self":[{"href":"https:\/\/aconnection.com.br\/classificados\/wp-json\/wp\/v2\/posts\/43","targetHints":{"allow":["GET"]}}],"collection":[{"href":"https:\/\/aconnection.com.br\/classificados\/wp-json\/wp\/v2\/posts"}],"about":[{"href":"https:\/\/aconnection.com.br\/classificados\/wp-json\/wp\/v2\/types\/post"}],"author":[{"embeddable":true,"href":"https:\/\/aconnection.com.br\/classificados\/wp-json\/wp\/v2\/users\/2"}],"replies":[{"embeddable":true,"href":"https:\/\/aconnection.com.br\/classificados\/wp-json\/wp\/v2\/comments?post=43"}],"version-history":[{"count":3,"href":"https:\/\/aconnection.com.br\/classificados\/wp-json\/wp\/v2\/posts\/43\/revisions"}],"predecessor-version":[{"id":53916,"href":"https:\/\/aconnection.com.br\/classificados\/wp-json\/wp\/v2\/posts\/43\/revisions\/53916"}],"wp:featuredmedia":[{"embeddable":true,"href":"https:\/\/aconnection.com.br\/classificados\/wp-json\/wp\/v2\/media\/53914"}],"wp:attachment":[{"href":"https:\/\/aconnection.com.br\/classificados\/wp-json\/wp\/v2\/media?parent=43"}],"wp:term":[{"taxonomy":"category","embeddable":true,"href":"https:\/\/aconnection.com.br\/classificados\/wp-json\/wp\/v2\/categories?post=43"},{"taxonomy":"post_tag","embeddable":true,"href":"https:\/\/aconnection.com.br\/classificados\/wp-json\/wp\/v2\/tags?post=43"}],"curies":[{"name":"wp","href":"https:\/\/api.w.org\/{rel}","templated":true}]}}