{"id":4361,"date":"2024-09-27T12:30:00","date_gmt":"2024-09-27T15:30:00","guid":{"rendered":"https:\/\/aconnection.com.br\/classificados\/?p=4361"},"modified":"2024-10-11T10:48:27","modified_gmt":"2024-10-11T13:48:27","slug":"veja-quem-foi-destaque-empresarial-2023-em-itanhem","status":"publish","type":"post","link":"https:\/\/aconnection.com.br\/classificados\/veja-quem-foi-destaque-empresarial-2023-em-itanhem\/","title":{"rendered":"Veja quem foi Destaque Empresarial 2023 em Itanh\u00e9m"},"content":{"rendered":"\n<p>Aconteceu no s\u00e1bado, dia 21 de setembro, promovido pela CDL Itanh\u00e9m, no Sal\u00e3o de Festas da AABB, a maior premia\u00e7\u00e3o do com\u00e9rcio local. As empresas que se destacaram em 2023, receberam o pr\u00eamio de melhores empresas e profissionais em sua categoria empresarial.<\/p>\n\n\n\n<figure class=\"wp-block-embed is-type-video is-provider-youtube wp-block-embed-youtube wp-embed-aspect-16-9 wp-has-aspect-ratio\"><div class=\"wp-block-embed__wrapper\">\n<iframe  id=\"_ytid_32194\"  width=\"900\" height=\"506\"  data-origwidth=\"900\" data-origheight=\"506\" src=\"https:\/\/www.youtube.com\/embed\/bfx_t8S-eU8?enablejsapi=1&#038;autoplay=0&#038;cc_load_policy=0&#038;cc_lang_pref=&#038;iv_load_policy=1&#038;loop=0&#038;rel=1&#038;fs=1&#038;playsinline=0&#038;autohide=2&#038;theme=dark&#038;color=red&#038;controls=1&#038;disablekb=0&#038;\" class=\"__youtube_prefs__  epyt-is-override  no-lazyload\" title=\"YouTube player\"  allow=\"fullscreen; accelerometer; autoplay; clipboard-write; encrypted-media; gyroscope; picture-in-picture; web-share\" referrerpolicy=\"strict-origin-when-cross-origin\" allowfullscreen data-no-lazy=\"1\" data-skipgform_ajax_framebjll=\"\"><\/iframe>\n<\/div><figcaption class=\"wp-element-caption\"><strong><em>Fonte: Canal <a href=\"https:\/\/www.youtube.com\/@itanhemfest\">Eptacio Costa &#8211; Itanhem Fest<\/a><\/em><\/strong><\/figcaption><\/figure>\n\n\n\n<p>O 22\u00b0 Destaque Empresarial de Itanh\u00e9m, teve um tema especial, homenagem ao apresentador, comunicador e empres\u00e1rio Silvio Santos, que faleceu recentemente. Silvio Santos era considerado uma das maiores refer\u00eancias no empreendedorismo brasileiro, com sua vis\u00e3o de neg\u00f3cios inspiraram v\u00e1rias gera\u00e7\u00f5es de empres\u00e1rios.<\/p>\n\n\n\n<p>O representante regional do SEBRAE, Alex Brito, se fez presente e refor\u00e7ou a grande import\u00e2ncia do Destaque Empresarial para a economia local.<\/p>\n\n\n<style>.uid-bfcad6579f150a5c  .gt3pg-isotope-item {\n\tpadding-right: 20px;\n\tpadding-bottom: 20px;\n}\n.uid-bfcad6579f150a5c  .gallery-isotope-wrapper {\n\tmargin-right: -20px;\n\tmargin-bottom: -20px;\n}\n<\/style><div id=\"uid-bfcad6579f150a5c\" data-gt3pg-block=\"grid\" data-index=\"1\" class=\"gt3-photo-gallery-pro--isotope_gallery uid-bfcad6579f150a5c gt3pg-pro--wrapper gt3pg-pro--grid \">\t\t<div data-cols=\"4\" data-cols-tablet=\"3\" data-cols-mobile=\"2\" class=\"gt3pg-isotope-gallery columns-4 hover-default gallery-grid  corner-standard square\" data-settings=\"{&quot;id&quot;:1,&quot;uid&quot;:&quot;uid-bfcad6579f150a5c&quot;,&quot;grid_type&quot;:&quot;square&quot;,&quot;modules&quot;:[&quot;Lightbox&quot;],&quot;lightboxArray&quot;:[{&quot;href&quot;:&quot;https:\\\/\\\/aconnection.com.br\\\/classificados\\\/wp-content\\\/uploads\\\/2024\\\/09\\\/destaquempresarial2023_4.jpeg&quot;,&quot;title&quot;:&quot;destaquempresarial2023_4&quot;,&quot;thumbnail&quot;:&quot;https:\\\/\\\/aconnection.com.br\\\/classificados\\\/wp-content\\\/uploads\\\/2024\\\/09\\\/destaquempresarial2023_4-175x175.jpeg&quot;,&quot;description&quot;:&quot;Figura 1: Destaque Empresarial (Fonte: Nome do Site, URL)&quot;,&quot;is_video&quot;:0,&quot;image_id&quot;:4392,&quot;width&quot;:555,&quot;height&quot;:368},{&quot;href&quot;:&quot;https:\\\/\\\/aconnection.com.br\\\/classificados\\\/wp-content\\\/uploads\\\/2024\\\/09\\\/destaquempresarial2023_3.jpeg&quot;,&quot;title&quot;:&quot;destaquempresarial2023_3&quot;,&quot;thumbnail&quot;:&quot;https:\\\/\\\/aconnection.com.br\\\/classificados\\\/wp-content\\\/uploads\\\/2024\\\/09\\\/destaquempresarial2023_3-175x175.jpeg&quot;,&quot;description&quot;:&quot;&quot;,&quot;is_video&quot;:0,&quot;image_id&quot;:4391,&quot;width&quot;:555,&quot;height&quot;:368},{&quot;href&quot;:&quot;https:\\\/\\\/aconnection.com.br\\\/classificados\\\/wp-content\\\/uploads\\\/2024\\\/09\\\/destaquempresarial2023_1.jpeg&quot;,&quot;title&quot;:&quot;destaquempresarial2023_1&quot;,&quot;thumbnail&quot;:&quot;https:\\\/\\\/aconnection.com.br\\\/classificados\\\/wp-content\\\/uploads\\\/2024\\\/09\\\/destaquempresarial2023_1-175x175.jpeg&quot;,&quot;description&quot;:&quot;&quot;,&quot;is_video&quot;:0,&quot;image_id&quot;:4389,&quot;width&quot;:555,&quot;height&quot;:368}],&quot;lightbox&quot;:{&quot;enable&quot;:true,&quot;options&quot;:{&quot;instance&quot;:1}},&quot;items&quot;:[{&quot;href&quot;:&quot;https:\\\/\\\/aconnection.com.br\\\/classificados\\\/wp-content\\\/uploads\\\/2024\\\/09\\\/destaquempresarial2023_4.jpeg&quot;,&quot;title&quot;:&quot;destaquempresarial2023_4&quot;,&quot;thumbnail&quot;:&quot;https:\\\/\\\/aconnection.com.br\\\/classificados\\\/wp-content\\\/uploads\\\/2024\\\/09\\\/destaquempresarial2023_4-175x175.jpeg&quot;,&quot;description&quot;:&quot;Figura 1: Destaque Empresarial (Fonte: Nome do Site, URL)&quot;,&quot;is_video&quot;:0,&quot;image_id&quot;:4392,&quot;width&quot;:555,&quot;height&quot;:368},{&quot;href&quot;:&quot;https:\\\/\\\/aconnection.com.br\\\/classificados\\\/wp-content\\\/uploads\\\/2024\\\/09\\\/destaquempresarial2023_3.jpeg&quot;,&quot;title&quot;:&quot;destaquempresarial2023_3&quot;,&quot;thumbnail&quot;:&quot;https:\\\/\\\/aconnection.com.br\\\/classificados\\\/wp-content\\\/uploads\\\/2024\\\/09\\\/destaquempresarial2023_3-175x175.jpeg&quot;,&quot;description&quot;:&quot;&quot;,&quot;is_video&quot;:0,&quot;image_id&quot;:4391,&quot;width&quot;:555,&quot;height&quot;:368},{&quot;href&quot;:&quot;https:\\\/\\\/aconnection.com.br\\\/classificados\\\/wp-content\\\/uploads\\\/2024\\\/09\\\/destaquempresarial2023_1.jpeg&quot;,&quot;title&quot;:&quot;destaquempresarial2023_1&quot;,&quot;thumbnail&quot;:&quot;https:\\\/\\\/aconnection.com.br\\\/classificados\\\/wp-content\\\/uploads\\\/2024\\\/09\\\/destaquempresarial2023_1-175x175.jpeg&quot;,&quot;description&quot;:&quot;&quot;,&quot;is_video&quot;:0,&quot;image_id&quot;:4389,&quot;width&quot;:555,&quot;height&quot;:368}]}\">\r\n\t\t\t<div class=\"gallery-isotope-wrapper\">\r\n\t\t\t\t<div class=\"gt3pg-isotope-item loading \" ><div class=\"isotope_item-wrapper\"><a href=\"https:\/\/aconnection.com.br\/classificados\/wp-content\/uploads\/2024\/09\/destaquempresarial2023_4.jpeg\" class=\"gt3pg-lightbox\" data-elementor-open-lightbox=\"no\"><div class=\"img-wrapper \"><img fetchpriority=\"high\" decoding=\"async\" width=\"555\" height=\"368\" src=\"https:\/\/aconnection.com.br\/classificados\/wp-content\/uploads\/2024\/09\/destaquempresarial2023_4.jpeg\" class=\"skip-lazy gt3-lazy-image\" alt=\"\" data-lazy-src=\"https:\/\/aconnection.com.br\/classificados\/wp-content\/uploads\/2024\/09\/destaquempresarial2023_4.jpeg?is-pending-load=1\" srcset=\"data:image\/png;base64,iVBORw0KGgoAAAANSUhEUgAAADgAAAAlCAYAAAAXzipbAAAACXBIWXMAAA7EAAAOxAGVKw4bAAAAH0lEQVRo3u3BMQEAAADCoPVPbQlPoAAAAAAAAAAADgYghQABlkhgwQAAAABJRU5ErkJggg==\" \/><\/div><\/a><\/div><\/div><div class=\"gt3pg-isotope-item loading \" ><div class=\"isotope_item-wrapper\"><a href=\"https:\/\/aconnection.com.br\/classificados\/wp-content\/uploads\/2024\/09\/destaquempresarial2023_3.jpeg\" class=\"gt3pg-lightbox\" data-elementor-open-lightbox=\"no\"><div class=\"img-wrapper \"><img decoding=\"async\" width=\"555\" height=\"368\" src=\"https:\/\/aconnection.com.br\/classificados\/wp-content\/uploads\/2024\/09\/destaquempresarial2023_3.jpeg\" class=\"skip-lazy gt3-lazy-image\" alt=\"\" data-lazy-src=\"https:\/\/aconnection.com.br\/classificados\/wp-content\/uploads\/2024\/09\/destaquempresarial2023_3.jpeg?is-pending-load=1\" srcset=\"data:image\/png;base64,iVBORw0KGgoAAAANSUhEUgAAADgAAAAlCAYAAAAXzipbAAAACXBIWXMAAA7EAAAOxAGVKw4bAAAAH0lEQVRo3u3BMQEAAADCoPVPbQlPoAAAAAAAAAAADgYghQABlkhgwQAAAABJRU5ErkJggg==\" \/><\/div><\/a><\/div><\/div><div class=\"gt3pg-isotope-item loading \" ><div class=\"isotope_item-wrapper\"><a href=\"https:\/\/aconnection.com.br\/classificados\/wp-content\/uploads\/2024\/09\/destaquempresarial2023_1.jpeg\" class=\"gt3pg-lightbox\" data-elementor-open-lightbox=\"no\"><div class=\"img-wrapper \"><img decoding=\"async\" width=\"555\" height=\"368\" src=\"https:\/\/aconnection.com.br\/classificados\/wp-content\/uploads\/2024\/09\/destaquempresarial2023_1.jpeg\" class=\"skip-lazy gt3-lazy-image\" alt=\"\" data-lazy-src=\"https:\/\/aconnection.com.br\/classificados\/wp-content\/uploads\/2024\/09\/destaquempresarial2023_1.jpeg?is-pending-load=1\" srcset=\"data:image\/png;base64,iVBORw0KGgoAAAANSUhEUgAAADgAAAAlCAYAAAAXzipbAAAACXBIWXMAAA7EAAAOxAGVKw4bAAAAH0lEQVRo3u3BMQEAAADCoPVPbQlPoAAAAAAAAAAADgYghQABlkhgwQAAAABJRU5ErkJggg==\" \/><\/div><\/a><\/div><\/div>\t\t\t<\/div>\r\n\t\t<\/div>\r\n\t\t<script type=\"application\/json\" id=\"settings--uid-bfcad6579f150a5c\">{\"id\":1,\"uid\":\"uid-bfcad6579f150a5c\",\"grid_type\":\"square\",\"modules\":[\"Lightbox\"],\"lightboxArray\":[{\"href\":\"https:\\\/\\\/aconnection.com.br\\\/classificados\\\/wp-content\\\/uploads\\\/2024\\\/09\\\/destaquempresarial2023_4.jpeg\",\"title\":\"destaquempresarial2023_4\",\"thumbnail\":\"https:\\\/\\\/aconnection.com.br\\\/classificados\\\/wp-content\\\/uploads\\\/2024\\\/09\\\/destaquempresarial2023_4-175x175.jpeg\",\"description\":\"Figura 1: Destaque Empresarial (Fonte: Nome do Site, URL)\",\"is_video\":0,\"image_id\":4392,\"width\":555,\"height\":368},{\"href\":\"https:\\\/\\\/aconnection.com.br\\\/classificados\\\/wp-content\\\/uploads\\\/2024\\\/09\\\/destaquempresarial2023_3.jpeg\",\"title\":\"destaquempresarial2023_3\",\"thumbnail\":\"https:\\\/\\\/aconnection.com.br\\\/classificados\\\/wp-content\\\/uploads\\\/2024\\\/09\\\/destaquempresarial2023_3-175x175.jpeg\",\"description\":\"\",\"is_video\":0,\"image_id\":4391,\"width\":555,\"height\":368},{\"href\":\"https:\\\/\\\/aconnection.com.br\\\/classificados\\\/wp-content\\\/uploads\\\/2024\\\/09\\\/destaquempresarial2023_1.jpeg\",\"title\":\"destaquempresarial2023_1\",\"thumbnail\":\"https:\\\/\\\/aconnection.com.br\\\/classificados\\\/wp-content\\\/uploads\\\/2024\\\/09\\\/destaquempresarial2023_1-175x175.jpeg\",\"description\":\"\",\"is_video\":0,\"image_id\":4389,\"width\":555,\"height\":368}],\"lightbox\":{\"enable\":true,\"options\":{\"instance\":1}},\"items\":[{\"href\":\"https:\\\/\\\/aconnection.com.br\\\/classificados\\\/wp-content\\\/uploads\\\/2024\\\/09\\\/destaquempresarial2023_4.jpeg\",\"title\":\"destaquempresarial2023_4\",\"thumbnail\":\"https:\\\/\\\/aconnection.com.br\\\/classificados\\\/wp-content\\\/uploads\\\/2024\\\/09\\\/destaquempresarial2023_4-175x175.jpeg\",\"description\":\"Figura 1: Destaque Empresarial (Fonte: Nome do Site, URL)\",\"is_video\":0,\"image_id\":4392,\"width\":555,\"height\":368},{\"href\":\"https:\\\/\\\/aconnection.com.br\\\/classificados\\\/wp-content\\\/uploads\\\/2024\\\/09\\\/destaquempresarial2023_3.jpeg\",\"title\":\"destaquempresarial2023_3\",\"thumbnail\":\"https:\\\/\\\/aconnection.com.br\\\/classificados\\\/wp-content\\\/uploads\\\/2024\\\/09\\\/destaquempresarial2023_3-175x175.jpeg\",\"description\":\"\",\"is_video\":0,\"image_id\":4391,\"width\":555,\"height\":368},{\"href\":\"https:\\\/\\\/aconnection.com.br\\\/classificados\\\/wp-content\\\/uploads\\\/2024\\\/09\\\/destaquempresarial2023_1.jpeg\",\"title\":\"destaquempresarial2023_1\",\"thumbnail\":\"https:\\\/\\\/aconnection.com.br\\\/classificados\\\/wp-content\\\/uploads\\\/2024\\\/09\\\/destaquempresarial2023_1-175x175.jpeg\",\"description\":\"\",\"is_video\":0,\"image_id\":4389,\"width\":555,\"height\":368}]}<\/script>\r\n\t\t<\/div>\n\n\n<h3 class=\"wp-block-heading\"><strong>Veja os contemplados:<\/strong><\/h3>\n\n\n\n<h3 class=\"wp-block-heading has-text-align-center\"><strong>Reconhecimento Empresarial<\/strong><\/h3>\n\n\n\n<figure class=\"wp-block-table is-style-stripes\"><table class=\"has-fixed-layout\"><thead><tr><th>Categoria<\/th><th>Contemplado<\/th><\/tr><\/thead><tbody><tr><td>Empresa de energia solar<\/td><td>Il\u00faminus<\/td><\/tr><tr><td>Loja de Artigos para festa<\/td><td>Embalart<\/td><\/tr><tr><td>Produtor de festa<\/td><td>N\u00e9rio Eventos<\/td><\/tr><tr><td>Clube<\/td><td>AABB<\/td><\/tr><tr><td>Escola de Dire\u00e7\u00e3o<\/td><td>Auto Escola Teixeira<\/td><\/tr><tr><td>Associa\u00e7\u00e3o de coleta e refrig. leite<\/td><td>Aprucot<\/td><\/tr><tr><td>F\u00e1brica de bloquetes<\/td><td>J&amp;L Pr\u00e9-Moldados<\/td><\/tr><\/tbody><\/table><\/figure>\n\n\n\n<h3 class=\"wp-block-heading has-text-align-center\"><strong>Destaque Empresarial<\/strong><\/h3>\n\n\n\n<figure class=\"wp-block-table is-style-stripes\"><table class=\"has-fixed-layout\"><thead><tr><th><strong>Categoria<\/strong><\/th><th><strong>Contemplado<\/strong><\/th><\/tr><\/thead><tbody><tr><td>Empres\u00e1ria do ano<\/td><td>Daisy Martins<\/td><\/tr><tr><td>Empres\u00e1rio do ano<\/td><td>Leandro Sapucaia<\/td><\/tr><tr><td>Confeiteira profissional<\/td><td>Sandrinha &#8211; Nidinho Eventos<\/td><\/tr><tr><td>Fisioterapeuta<\/td><td>Paulo Vitor Ribeiro<\/td><\/tr><tr><td>Nutricionista<\/td><td>Luara Afonso<\/td><\/tr><tr><td>Supermercado<\/td><td>Comercial Itanh\u00e9m<\/td><\/tr><tr><td>Loja de cal\u00e7ados<\/td><td>A Favorita<\/td><\/tr><tr><td>Psic\u00f3loga<\/td><td>\u00c1llen Teixeira<\/td><\/tr><tr><td>Farm\u00e1cia<\/td><td>Drogaria Sapucaia<\/td><\/tr><tr><td>Loja de cama, mesa e banho<\/td><td>Maggia Bordados<\/td><\/tr><tr><td>Decorador de festa<\/td><td>Nidinho Eventos<\/td><\/tr><tr><td>Cl\u00ednica especializada<\/td><td>Clinica DR.<\/td><\/tr><tr><td>Loja de roupa intima<\/td><td><a href=\"https:\/\/aconnection.com.br\/classificados\/vaga\/femme-fatale\/\">Femme Fatalle<\/a><\/td><\/tr><tr><td>Loja de roupa masculina<\/td><td>Loja do Povo<\/td><\/tr><tr><td>Loja de material de constru\u00e7\u00e3o<\/td><td>Itafort<\/td><\/tr><tr><td>Posto de combust\u00edvel<\/td><td>Posto Cidade<\/td><\/tr><tr><td>Restaurante<\/td><td>Restaurante Xangai<\/td><\/tr><tr><td>Loja de utilidades \/ Brinquedos<\/td><td>Real Variedades<\/td><\/tr><tr><td>Assistente social<\/td><td>Z\u00e9lia Ferraz<\/td><\/tr><tr><td>Dentista<\/td><td>Dr. Alberto Correia Junior<\/td><\/tr><tr><td>Consultora de cosm\u00e9ticos<\/td><td>Monica Correia<\/td><\/tr><tr><td>Artes\u00e3o<\/td><td>Polibio Jos\u00e9<\/td><\/tr><tr><td>Lash designer<\/td><td>Est\u00fadio Bellisima Designer<\/td><\/tr><tr><td>Agente de sa\u00fade<\/td><td>Alcileide Resende Santos<\/td><\/tr><tr><td>Atendente banc\u00e1rio<\/td><td>J\u00e9ssica Carraro<\/td><\/tr><tr><td>Loja de celular e acess\u00f3rios<\/td><td>Lazaro Iphone<\/td><\/tr><tr><td>Bar<\/td><td>Divino Choop<\/td><\/tr><tr><td>Loja de roupa de festa<\/td><td>A Favorita<\/td><\/tr><tr><td>Design de sobrancelhas<\/td><td>Camila Amaral Azevedo<\/td><\/tr><tr><td>Loja de papelaria<\/td><td>Comercial Itanh\u00e9m<\/td><\/tr><tr><td>Mercearia<\/td><td>Mercado Ideal<\/td><\/tr><tr><td>Banco ou institui\u00e7\u00e3o financeira<\/td><td>Banco do Brasil<\/td><\/tr><tr><td>Farmac\u00eautico<\/td><td>Leandro Sapucaia<\/td><\/tr><tr><td>T\u00e9cnico em enfermagem<\/td><td>Osnir Amaral<\/td><\/tr><tr><td>Espetinho<\/td><td>Espetinho do Willian<\/td><\/tr><tr><td>Escrit\u00f3rio de contabilidade<\/td><td><a href=\"https:\/\/aconnection.com.br\/classificados\/vaga\/contabiliade-pires\/\">Contabilidade Pires<\/a><\/td><\/tr><tr><td>Recepcionista<\/td><td>Grabiela Santiago (Clinica Vitality)<\/td><\/tr><tr><td>Taxista<\/td><td>Leonardo Lopes<\/td><\/tr><tr><td>Lash designer<\/td><td>Nathyelle Costa<\/td><\/tr><tr><td>Provedor de internet<\/td><td>Itaconect<\/td><\/tr><tr><td>Loja de brinquedos<\/td><td>Real Variedades<\/td><\/tr><tr><td>M\u00e9dico<\/td><td>Dr. Roberto Matoba<\/td><\/tr><tr><td>Est\u00fadio pilates<\/td><td>Movimente Studio<\/td><\/tr><tr><td>Vidra\u00e7aria<\/td><td>Top Vidros<\/td><\/tr><tr><td>Distribuidora de bebidas<\/td><td>Brothers Beer<\/td><\/tr><tr><td>Radialista<\/td><td>Silas Gama<\/td><\/tr><tr><td>M\u00e9dica veterinaria<\/td><td>Dra. Gabriela Sucupira<\/td><\/tr><tr><td>Confeiteira artesanal<\/td><td>Delicias da Sol<\/td><\/tr><tr><td>Ve\u00edculo de sonoriza\u00e7\u00e3o m\u00f3vel<\/td><td>WL Sonoriza\u00e7\u00e3o<\/td><\/tr><tr><td>Oficina de laternagem<\/td><td>Reformadora Gon\u00e7alves<\/td><\/tr><tr><td>Psic\u00f3loga<\/td><td>Naiane Dias<\/td><\/tr><tr><td>Engenheiro Civil<\/td><td>Nelson Correia<\/td><\/tr><tr><td>Auxiliar de consult\u00f3rio odontol\u00f3gico<\/td><td>Maiara Vieira Alves (Clinica Vitality)<\/td><\/tr><tr><td>Criadora de conte\u00fado digital<\/td><td>Dicas da Dani<\/td><\/tr><tr><td>Funer\u00e1ria<\/td><td>Renascer<\/td><\/tr><tr><td>Loja de roupa de grife<\/td><td>A Favorita<\/td><\/tr><tr><td>Cabeleireira<\/td><td>Carine Rocha<\/td><\/tr><tr><td>Maquiador<\/td><td>Marcos Paulo Martins<\/td><\/tr><tr><td>Advogada<\/td><td>Dra. Kerry Anne Esteves<\/td><\/tr><tr><td>Site de Itanh\u00e9m<\/td><td>Itanh\u00e9m Fest<\/td><\/tr><tr><td>T\u00e9cnico agr\u00edcola<\/td><td>Alex Chaves<\/td><\/tr><tr><td>Construtora<\/td><td>Construtora Elos<\/td><\/tr><tr><td>Escola de artes marciais<\/td><td>Dojokan<\/td><\/tr><tr><td>T\u00e9cnico de computadores<\/td><td>IAF Seguran\u00e7a e Tecnologia<\/td><\/tr><tr><td>Emissora de r\u00e1dio<\/td><td>R\u00e1dio Master<\/td><\/tr><tr><td>Esteticista<\/td><td>Studio Caruanna Soares<\/td><\/tr><tr><td>Loja de presentes<\/td><td>Mercal Presente<\/td><\/tr><tr><td>Marcenaria<\/td><td>Danique M\u00f3veis<\/td><\/tr><\/tbody><\/table><\/figure>\n\n\n\n<figure class=\"wp-block-table is-style-stripes\"><table class=\"has-fixed-layout\"><thead><tr><th><strong>Categoria<\/strong><\/th><th><strong>Contemplado<\/strong><\/th><\/tr><\/thead><tbody><tr><td>Enfermeira<\/td><td>Bruna Santos<\/td><\/tr><tr><td>Loja de produtos de inform\u00e1tica<\/td><td>Bios Inform\u00e1tica<\/td><\/tr><tr><td>Barbearia<\/td><td>Carioca Barber Shop<\/td><\/tr><tr><td>Manicure<\/td><td>N\u00edvia Lobo<\/td><\/tr><tr><td>Eletricista<\/td><td>Juraci<\/td><\/tr><tr><td>Vendedor<\/td><td>Gicelle Araujo<\/td><\/tr><tr><td>T\u00e9cnico de climatiza\u00e7\u00e3o<\/td><td>Daniel Moreira<\/td><\/tr><tr><td>Faculdade<\/td><td>COOPEI<\/td><\/tr><tr><td>Construtora<\/td><td>Ellos Construtora<\/td><\/tr><tr><td>Pedreiro<\/td><td>Ailton de Jesus<\/td><\/tr><tr><td>Caminhoneiro de frete<\/td><td>Josiel Lopes<\/td><\/tr><tr><td>Granja<\/td><td>Expedito<\/td><\/tr><tr><td>Loja de Papelaria<\/td><td>Comercial Itanh\u00e9m<\/td><\/tr><tr><td>Educador F\u00edsico<\/td><td>Ikaro Souza<\/td><\/tr><tr><td>Gar\u00e7on<\/td><td>Eduardo Rodrigues<\/td><\/tr><tr><td>Tatuador<\/td><td>Kiko Tatoo<\/td><\/tr><tr><td>Reformadora de estofados<\/td><td>Bruna Decora\u00e7\u00f5es<\/td><\/tr><tr><td>Lanchonete<\/td><td>DAN&#8217;s<\/td><\/tr><tr><td>Fotografo<\/td><td><a href=\"https:\/\/aconnection.com.br\/classificados\/vaga\/estudio-sf-fotografia\/\">Sabrina Farias<\/a><\/td><\/tr><tr><td>Oficina de motos<\/td><td>Trilha Motos<\/td><\/tr><tr><td>Laborat\u00f3rio de an\u00e1lises clinicas<\/td><td>Millenium<\/td><\/tr><tr><td>Restaurante<\/td><td>Xangai<\/td><\/tr><tr><td>A\u00e7a\u00edteria<\/td><td>Marquinhos A\u00e7a\u00ed<\/td><\/tr><tr><td>Posto de lavagem de ve\u00edculos<\/td><td>Ariri<\/td><\/tr><tr><td>Seralheria<\/td><td>Serralheria Itanh\u00e9m<\/td><\/tr><tr><td>Hotel ou Pousada<\/td><td>Hotel Resende<\/td><\/tr><tr><td>Sorveteria<\/td><td>Bola Branca<\/td><\/tr><tr><td>Armarinho\/Bazar<\/td><td>Armarinho Ribeiro<\/td><\/tr><tr><td>\u00d3tica<\/td><td>\u00d3tica Luz<\/td><\/tr><tr><td>A\u00e7ougue<\/td><td>A\u00e7ougue Oliveira<\/td><\/tr><tr><td>Mercearia<\/td><td>Mercearia Ideal<\/td><\/tr><tr><td>Cantor<\/td><td>Vin\u00edcius Lima<\/td><\/tr><tr><td>Loja de m\u00f3veis<\/td><td>Simonetti<\/td><\/tr><tr><td>Com\u00e9rcio de madeira<\/td><td>Madeireira Paraense<\/td><\/tr><tr><td>Loja de produtos agropecu\u00e1rios<\/td><td>Boi Forte<\/td><\/tr><tr><td>Lanternagem<\/td><td>Reformadora Gon\u00e7alves<\/td><\/tr><tr><td>Loja de roupa infantil e infanto juvenil<\/td><td>Crian\u00e7a e Cia<\/td><\/tr><tr><td>Corretor<\/td><td>Deusdedit Rocha<\/td><\/tr><tr><td>Loja de artigo para noiva<\/td><td>Cirsa Noivas<\/td><\/tr><tr><td>Atendente de Caixa<\/td><td>S\u00e1vio Rodrigues<\/td><\/tr><tr><td>Academia<\/td><td>Start Fitness<\/td><\/tr><tr><td>Oficina mec\u00e2nica<\/td><td>Pais e Filhos<\/td><\/tr><tr><td>Revendedora de \u00e1gua e g\u00e1s<\/td><td>Gilvan G\u00e1s<\/td><\/tr><tr><td>Padaria<\/td><td>Ki Delicia<\/td><\/tr><tr><td>Frentista de posto de combust\u00edvel<\/td><td>Adailton Carlos<\/td><\/tr><tr><td>Churrascaria<\/td><td>Boi na Brasa<\/td><\/tr><tr><td>Hortifr\u00fati<\/td><td>Verdur\u00e3o Braga<\/td><\/tr><tr><td>Loja de eletrodom\u00e9sticos<\/td><td>Simonetti<\/td><\/tr><\/tbody><\/table><\/figure>\n\n\n\n<p><em><em>As imagens utilizadas neste artigo foram retiradas dos seguintes sites: <a href=\"http:\/\/www.itanhemfest.com\">Itanhemfest<\/a><\/em><\/em><\/p>\n","protected":false},"excerpt":{"rendered":"<p>Aconteceu no s\u00e1bado, dia 21 de setembro, promovido pela CDL Itanh\u00e9m, no Sal\u00e3o de Festas da AABB, a maior premia\u00e7\u00e3o do com\u00e9rcio local. As empresas que se destacaram em 2023, [&hellip;]<\/p>\n","protected":false},"author":2,"featured_media":4389,"comment_status":"open","ping_status":"open","sticky":false,"template":"","format":"standard","meta":{"om_disable_all_campaigns":false,"_monsterinsights_skip_tracking":false,"_monsterinsights_sitenote_active":false,"_monsterinsights_sitenote_note":"","_monsterinsights_sitenote_category":0,"_uf_show_specific_survey":0,"_uf_disable_surveys":false,"_price":"","_stock":"","_tribe_ticket_header":"","_tribe_default_ticket_provider":"","_tribe_ticket_capacity":"0","_ticket_start_date":"","_ticket_end_date":"","_tribe_ticket_show_description":"","_tribe_ticket_show_not_going":false,"_tribe_ticket_use_global_stock":"","_tribe_ticket_global_stock_level":"","_global_stock_mode":"","_global_stock_cap":"","_tribe_rsvp_for_event":"","_tribe_ticket_going_count":"","_tribe_ticket_not_going_count":"","_tribe_tickets_list":"[]","_tribe_ticket_has_attendee_info_fields":false,"_EventAllDay":false,"_EventTimezone":"","_EventStartDate":"","_EventEndDate":"","_EventStartDateUTC":"","_EventEndDateUTC":"","_EventShowMap":false,"_EventShowMapLink":false,"_EventURL":"","_EventCost":"","_EventCostDescription":"","_EventCurrencySymbol":"","_EventCurrencyCode":"","_EventCurrencyPosition":"","_EventDateTimeSeparator":"","_EventTimeRangeSeparator":"","_EventOrganizerID":[],"_EventVenueID":[],"_OrganizerEmail":"","_OrganizerPhone":"","_OrganizerWebsite":"","_VenueAddress":"","_VenueCity":"","_VenueCountry":"","_VenueProvince":"","_VenueState":"","_VenueZip":"","_VenuePhone":"","_VenueURL":"","_VenueStateProvince":"","_VenueLat":"","_VenueLng":"","_VenueShowMap":false,"_VenueShowMapLink":false,"footnotes":""},"categories":[1],"tags":[375,376,377,380,378],"class_list":["post-4361","post","type-post","status-publish","format-standard","has-post-thumbnail","hentry","category-noticias-locais","tag-cdl","tag-comercio-local","tag-destaque-empresarial","tag-melhores-do-ano","tag-premiacao"],"yoast_head":"<!-- This site is optimized with the Yoast SEO Premium plugin v26.5 (Yoast SEO v27.4) - https:\/\/yoast.com\/product\/yoast-seo-premium-wordpress\/ -->\n<title>Veja quem foi Destaque Empresarial 2023 em Itanh\u00e9m - AConnection Classificados<\/title>\n<meta name=\"description\" content=\"Os melhores em 2023 em cada seguimento comercial participaram do Destaque Empresarial 2023 na AABB em Itanh\u00e9m, Bahia.\" \/>\n<meta name=\"robots\" content=\"index, follow, max-snippet:-1, max-image-preview:large, max-video-preview:-1\" \/>\n<link rel=\"canonical\" href=\"https:\/\/aconnection.com.br\/classificados\/veja-quem-foi-destaque-empresarial-2023-em-itanhem\/\" \/>\n<meta property=\"og:locale\" content=\"pt_BR\" \/>\n<meta property=\"og:type\" content=\"article\" \/>\n<meta property=\"og:title\" content=\"Veja quem foi Destaque Empresarial 2023 em Itanh\u00e9m\" \/>\n<meta property=\"og:description\" content=\"Os melhores em 2023 em cada seguimento comercial participaram do Destaque Empresarial 2023 na AABB em Itanh\u00e9m, Bahia.\" \/>\n<meta property=\"og:url\" content=\"https:\/\/aconnection.com.br\/classificados\/veja-quem-foi-destaque-empresarial-2023-em-itanhem\/\" \/>\n<meta property=\"og:site_name\" content=\"AConnection Classificados\" \/>\n<meta property=\"article:published_time\" content=\"2024-09-27T15:30:00+00:00\" \/>\n<meta property=\"article:modified_time\" content=\"2024-10-11T13:48:27+00:00\" \/>\n<meta property=\"og:image\" content=\"https:\/\/aconnection.com.br\/classificados\/wp-content\/uploads\/2024\/09\/destaquempresarial2023_1.jpeg\" \/>\n\t<meta property=\"og:image:width\" content=\"555\" \/>\n\t<meta property=\"og:image:height\" content=\"368\" \/>\n\t<meta property=\"og:image:type\" content=\"image\/jpeg\" \/>\n<meta name=\"author\" content=\"Soliv\u00e1 Guimar\u00e3es Pestana\" \/>\n<meta name=\"twitter:card\" content=\"summary_large_image\" \/>\n<meta name=\"twitter:creator\" content=\"@sticompanyy\" \/>\n<meta name=\"twitter:site\" content=\"@sticompanyy\" \/>\n<meta name=\"twitter:label1\" content=\"Escrito por\" \/>\n\t<meta name=\"twitter:data1\" content=\"Soliv\u00e1 Guimar\u00e3es Pestana\" \/>\n\t<meta name=\"twitter:label2\" content=\"Est. tempo de leitura\" \/>\n\t<meta name=\"twitter:data2\" content=\"4 minutos\" \/>\n<script type=\"application\/ld+json\" class=\"yoast-schema-graph\">{\"@context\":\"https:\\\/\\\/schema.org\",\"@graph\":[{\"@type\":\"Article\",\"@id\":\"https:\\\/\\\/aconnection.com.br\\\/classificados\\\/veja-quem-foi-destaque-empresarial-2023-em-itanhem\\\/#article\",\"isPartOf\":{\"@id\":\"https:\\\/\\\/aconnection.com.br\\\/classificados\\\/veja-quem-foi-destaque-empresarial-2023-em-itanhem\\\/\"},\"author\":{\"name\":\"Soliv\u00e1 Guimar\u00e3es Pestana\",\"@id\":\"https:\\\/\\\/aconnection.com.br\\\/classificados\\\/#\\\/schema\\\/person\\\/1876eca300517da830b7d9a036e3b01b\"},\"headline\":\"Veja quem foi Destaque Empresarial 2023 em Itanh\u00e9m\",\"datePublished\":\"2024-09-27T15:30:00+00:00\",\"dateModified\":\"2024-10-11T13:48:27+00:00\",\"mainEntityOfPage\":{\"@id\":\"https:\\\/\\\/aconnection.com.br\\\/classificados\\\/veja-quem-foi-destaque-empresarial-2023-em-itanhem\\\/\"},\"wordCount\":804,\"commentCount\":0,\"publisher\":{\"@id\":\"https:\\\/\\\/aconnection.com.br\\\/classificados\\\/#organization\"},\"image\":{\"@id\":\"https:\\\/\\\/aconnection.com.br\\\/classificados\\\/veja-quem-foi-destaque-empresarial-2023-em-itanhem\\\/#primaryimage\"},\"thumbnailUrl\":\"https:\\\/\\\/aconnection.com.br\\\/classificados\\\/wp-content\\\/uploads\\\/2024\\\/09\\\/destaquempresarial2023_1.jpeg\",\"keywords\":[\"cdl\",\"comercio local\",\"destaque empresarial\",\"melhores do ano\",\"premia\u00e7\u00e3o\"],\"articleSection\":[\"Not\u00edcias Locais\"],\"inLanguage\":\"pt-BR\",\"potentialAction\":[{\"@type\":\"CommentAction\",\"name\":\"Comment\",\"target\":[\"https:\\\/\\\/aconnection.com.br\\\/classificados\\\/veja-quem-foi-destaque-empresarial-2023-em-itanhem\\\/#respond\"]}]},{\"@type\":\"WebPage\",\"@id\":\"https:\\\/\\\/aconnection.com.br\\\/classificados\\\/veja-quem-foi-destaque-empresarial-2023-em-itanhem\\\/\",\"url\":\"https:\\\/\\\/aconnection.com.br\\\/classificados\\\/veja-quem-foi-destaque-empresarial-2023-em-itanhem\\\/\",\"name\":\"Veja quem foi Destaque Empresarial 2023 em Itanh\u00e9m - AConnection Classificados\",\"isPartOf\":{\"@id\":\"https:\\\/\\\/aconnection.com.br\\\/classificados\\\/#website\"},\"primaryImageOfPage\":{\"@id\":\"https:\\\/\\\/aconnection.com.br\\\/classificados\\\/veja-quem-foi-destaque-empresarial-2023-em-itanhem\\\/#primaryimage\"},\"image\":{\"@id\":\"https:\\\/\\\/aconnection.com.br\\\/classificados\\\/veja-quem-foi-destaque-empresarial-2023-em-itanhem\\\/#primaryimage\"},\"thumbnailUrl\":\"https:\\\/\\\/aconnection.com.br\\\/classificados\\\/wp-content\\\/uploads\\\/2024\\\/09\\\/destaquempresarial2023_1.jpeg\",\"datePublished\":\"2024-09-27T15:30:00+00:00\",\"dateModified\":\"2024-10-11T13:48:27+00:00\",\"description\":\"Os melhores em 2023 em cada seguimento comercial participaram do Destaque Empresarial 2023 na AABB em Itanh\u00e9m, Bahia.\",\"breadcrumb\":{\"@id\":\"https:\\\/\\\/aconnection.com.br\\\/classificados\\\/veja-quem-foi-destaque-empresarial-2023-em-itanhem\\\/#breadcrumb\"},\"inLanguage\":\"pt-BR\",\"potentialAction\":[{\"@type\":\"ReadAction\",\"target\":[\"https:\\\/\\\/aconnection.com.br\\\/classificados\\\/veja-quem-foi-destaque-empresarial-2023-em-itanhem\\\/\"]}]},{\"@type\":\"ImageObject\",\"inLanguage\":\"pt-BR\",\"@id\":\"https:\\\/\\\/aconnection.com.br\\\/classificados\\\/veja-quem-foi-destaque-empresarial-2023-em-itanhem\\\/#primaryimage\",\"url\":\"https:\\\/\\\/aconnection.com.br\\\/classificados\\\/wp-content\\\/uploads\\\/2024\\\/09\\\/destaquempresarial2023_1.jpeg\",\"contentUrl\":\"https:\\\/\\\/aconnection.com.br\\\/classificados\\\/wp-content\\\/uploads\\\/2024\\\/09\\\/destaquempresarial2023_1.jpeg\",\"width\":555,\"height\":368},{\"@type\":\"BreadcrumbList\",\"@id\":\"https:\\\/\\\/aconnection.com.br\\\/classificados\\\/veja-quem-foi-destaque-empresarial-2023-em-itanhem\\\/#breadcrumb\",\"itemListElement\":[{\"@type\":\"ListItem\",\"position\":1,\"name\":\"In\u00edcio\",\"item\":\"https:\\\/\\\/aconnection.com.br\\\/classificados\\\/\"},{\"@type\":\"ListItem\",\"position\":2,\"name\":\"Veja quem foi Destaque Empresarial 2023 em Itanh\u00e9m\"}]},{\"@type\":\"WebSite\",\"@id\":\"https:\\\/\\\/aconnection.com.br\\\/classificados\\\/#website\",\"url\":\"https:\\\/\\\/aconnection.com.br\\\/classificados\\\/\",\"name\":\"AConnection Classificados\",\"description\":\"Conectando Clientes, Impulsinando o Seu Neg\u00f3cio\",\"publisher\":{\"@id\":\"https:\\\/\\\/aconnection.com.br\\\/classificados\\\/#organization\"},\"potentialAction\":[{\"@type\":\"SearchAction\",\"target\":{\"@type\":\"EntryPoint\",\"urlTemplate\":\"https:\\\/\\\/aconnection.com.br\\\/classificados\\\/?s={search_term_string}\"},\"query-input\":{\"@type\":\"PropertyValueSpecification\",\"valueRequired\":true,\"valueName\":\"search_term_string\"}}],\"inLanguage\":\"pt-BR\"},{\"@type\":\"Organization\",\"@id\":\"https:\\\/\\\/aconnection.com.br\\\/classificados\\\/#organization\",\"name\":\"AConnection Classificados\",\"url\":\"https:\\\/\\\/aconnection.com.br\\\/classificados\\\/\",\"logo\":{\"@type\":\"ImageObject\",\"inLanguage\":\"pt-BR\",\"@id\":\"https:\\\/\\\/aconnection.com.br\\\/classificados\\\/#\\\/schema\\\/logo\\\/image\\\/\",\"url\":\"https:\\\/\\\/aconnection.com.br\\\/classificados\\\/wp-content\\\/uploads\\\/2021\\\/08\\\/Logomarca-AConnection-05.png\",\"contentUrl\":\"https:\\\/\\\/aconnection.com.br\\\/classificados\\\/wp-content\\\/uploads\\\/2021\\\/08\\\/Logomarca-AConnection-05.png\",\"width\":3098,\"height\":2860,\"caption\":\"AConnection Classificados\"},\"image\":{\"@id\":\"https:\\\/\\\/aconnection.com.br\\\/classificados\\\/#\\\/schema\\\/logo\\\/image\\\/\"},\"sameAs\":[\"https:\\\/\\\/x.com\\\/sticompanyy\",\"https:\\\/\\\/www.instagram.com\\\/sti.company\"]},{\"@type\":\"Person\",\"@id\":\"https:\\\/\\\/aconnection.com.br\\\/classificados\\\/#\\\/schema\\\/person\\\/1876eca300517da830b7d9a036e3b01b\",\"name\":\"Soliv\u00e1 Guimar\u00e3es Pestana\",\"image\":{\"@type\":\"ImageObject\",\"inLanguage\":\"pt-BR\",\"@id\":\"https:\\\/\\\/secure.gravatar.com\\\/avatar\\\/e2da6b8bf6db91c613d93bddb7f16b9d1af2610e2d70973ede034c8dcdacd4ab?s=96&d=mm&r=g\",\"url\":\"https:\\\/\\\/secure.gravatar.com\\\/avatar\\\/e2da6b8bf6db91c613d93bddb7f16b9d1af2610e2d70973ede034c8dcdacd4ab?s=96&d=mm&r=g\",\"contentUrl\":\"https:\\\/\\\/secure.gravatar.com\\\/avatar\\\/e2da6b8bf6db91c613d93bddb7f16b9d1af2610e2d70973ede034c8dcdacd4ab?s=96&d=mm&r=g\",\"caption\":\"Soliv\u00e1 Guimar\u00e3es Pestana\"},\"description\":\"Natural de Itanh\u00e9m, Bahia. Casado, pai de um filho. Tecn\u00f3logo em an\u00e1lise e Desenvolvimento de Sistemas, Bacharel em Administra\u00e7\u00e3o P\u00fablica. Na Contabilidade Pires atua como Auxiliar de contabilidade(RH). Nos hor\u00e1rios extras atua como profissional de inform\u00e1tica e suas tecnologias. Apaixonado por tecnologia, finan\u00e7as e futebol, torcedor do Fluminense-RJ, Cat\u00f3lico Apost\u00f3lico Romano. Propriet\u00e1rio dos sites www.sticompany.com.br e www.aconnection.com.br.\",\"sameAs\":[\"http:\\\/\\\/www.sticompany.com.br\"],\"url\":\"https:\\\/\\\/aconnection.com.br\\\/classificados\\\/author\\\/solivagp\\\/\"}]}<\/script>\n<!-- \/ Yoast SEO Premium plugin. -->","yoast_head_json":{"title":"Veja quem foi Destaque Empresarial 2023 em Itanh\u00e9m - AConnection Classificados","description":"Os melhores em 2023 em cada seguimento comercial participaram do Destaque Empresarial 2023 na AABB em Itanh\u00e9m, Bahia.","robots":{"index":"index","follow":"follow","max-snippet":"max-snippet:-1","max-image-preview":"max-image-preview:large","max-video-preview":"max-video-preview:-1"},"canonical":"https:\/\/aconnection.com.br\/classificados\/veja-quem-foi-destaque-empresarial-2023-em-itanhem\/","og_locale":"pt_BR","og_type":"article","og_title":"Veja quem foi Destaque Empresarial 2023 em Itanh\u00e9m","og_description":"Os melhores em 2023 em cada seguimento comercial participaram do Destaque Empresarial 2023 na AABB em Itanh\u00e9m, Bahia.","og_url":"https:\/\/aconnection.com.br\/classificados\/veja-quem-foi-destaque-empresarial-2023-em-itanhem\/","og_site_name":"AConnection Classificados","article_published_time":"2024-09-27T15:30:00+00:00","article_modified_time":"2024-10-11T13:48:27+00:00","og_image":[{"width":555,"height":368,"url":"https:\/\/aconnection.com.br\/classificados\/wp-content\/uploads\/2024\/09\/destaquempresarial2023_1.jpeg","type":"image\/jpeg"}],"author":"Soliv\u00e1 Guimar\u00e3es Pestana","twitter_card":"summary_large_image","twitter_creator":"@sticompanyy","twitter_site":"@sticompanyy","twitter_misc":{"Escrito por":"Soliv\u00e1 Guimar\u00e3es Pestana","Est. tempo de leitura":"4 minutos"},"schema":{"@context":"https:\/\/schema.org","@graph":[{"@type":"Article","@id":"https:\/\/aconnection.com.br\/classificados\/veja-quem-foi-destaque-empresarial-2023-em-itanhem\/#article","isPartOf":{"@id":"https:\/\/aconnection.com.br\/classificados\/veja-quem-foi-destaque-empresarial-2023-em-itanhem\/"},"author":{"name":"Soliv\u00e1 Guimar\u00e3es Pestana","@id":"https:\/\/aconnection.com.br\/classificados\/#\/schema\/person\/1876eca300517da830b7d9a036e3b01b"},"headline":"Veja quem foi Destaque Empresarial 2023 em Itanh\u00e9m","datePublished":"2024-09-27T15:30:00+00:00","dateModified":"2024-10-11T13:48:27+00:00","mainEntityOfPage":{"@id":"https:\/\/aconnection.com.br\/classificados\/veja-quem-foi-destaque-empresarial-2023-em-itanhem\/"},"wordCount":804,"commentCount":0,"publisher":{"@id":"https:\/\/aconnection.com.br\/classificados\/#organization"},"image":{"@id":"https:\/\/aconnection.com.br\/classificados\/veja-quem-foi-destaque-empresarial-2023-em-itanhem\/#primaryimage"},"thumbnailUrl":"https:\/\/aconnection.com.br\/classificados\/wp-content\/uploads\/2024\/09\/destaquempresarial2023_1.jpeg","keywords":["cdl","comercio local","destaque empresarial","melhores do ano","premia\u00e7\u00e3o"],"articleSection":["Not\u00edcias Locais"],"inLanguage":"pt-BR","potentialAction":[{"@type":"CommentAction","name":"Comment","target":["https:\/\/aconnection.com.br\/classificados\/veja-quem-foi-destaque-empresarial-2023-em-itanhem\/#respond"]}]},{"@type":"WebPage","@id":"https:\/\/aconnection.com.br\/classificados\/veja-quem-foi-destaque-empresarial-2023-em-itanhem\/","url":"https:\/\/aconnection.com.br\/classificados\/veja-quem-foi-destaque-empresarial-2023-em-itanhem\/","name":"Veja quem foi Destaque Empresarial 2023 em Itanh\u00e9m - AConnection Classificados","isPartOf":{"@id":"https:\/\/aconnection.com.br\/classificados\/#website"},"primaryImageOfPage":{"@id":"https:\/\/aconnection.com.br\/classificados\/veja-quem-foi-destaque-empresarial-2023-em-itanhem\/#primaryimage"},"image":{"@id":"https:\/\/aconnection.com.br\/classificados\/veja-quem-foi-destaque-empresarial-2023-em-itanhem\/#primaryimage"},"thumbnailUrl":"https:\/\/aconnection.com.br\/classificados\/wp-content\/uploads\/2024\/09\/destaquempresarial2023_1.jpeg","datePublished":"2024-09-27T15:30:00+00:00","dateModified":"2024-10-11T13:48:27+00:00","description":"Os melhores em 2023 em cada seguimento comercial participaram do Destaque Empresarial 2023 na AABB em Itanh\u00e9m, Bahia.","breadcrumb":{"@id":"https:\/\/aconnection.com.br\/classificados\/veja-quem-foi-destaque-empresarial-2023-em-itanhem\/#breadcrumb"},"inLanguage":"pt-BR","potentialAction":[{"@type":"ReadAction","target":["https:\/\/aconnection.com.br\/classificados\/veja-quem-foi-destaque-empresarial-2023-em-itanhem\/"]}]},{"@type":"ImageObject","inLanguage":"pt-BR","@id":"https:\/\/aconnection.com.br\/classificados\/veja-quem-foi-destaque-empresarial-2023-em-itanhem\/#primaryimage","url":"https:\/\/aconnection.com.br\/classificados\/wp-content\/uploads\/2024\/09\/destaquempresarial2023_1.jpeg","contentUrl":"https:\/\/aconnection.com.br\/classificados\/wp-content\/uploads\/2024\/09\/destaquempresarial2023_1.jpeg","width":555,"height":368},{"@type":"BreadcrumbList","@id":"https:\/\/aconnection.com.br\/classificados\/veja-quem-foi-destaque-empresarial-2023-em-itanhem\/#breadcrumb","itemListElement":[{"@type":"ListItem","position":1,"name":"In\u00edcio","item":"https:\/\/aconnection.com.br\/classificados\/"},{"@type":"ListItem","position":2,"name":"Veja quem foi Destaque Empresarial 2023 em Itanh\u00e9m"}]},{"@type":"WebSite","@id":"https:\/\/aconnection.com.br\/classificados\/#website","url":"https:\/\/aconnection.com.br\/classificados\/","name":"AConnection Classificados","description":"Conectando Clientes, Impulsinando o Seu Neg\u00f3cio","publisher":{"@id":"https:\/\/aconnection.com.br\/classificados\/#organization"},"potentialAction":[{"@type":"SearchAction","target":{"@type":"EntryPoint","urlTemplate":"https:\/\/aconnection.com.br\/classificados\/?s={search_term_string}"},"query-input":{"@type":"PropertyValueSpecification","valueRequired":true,"valueName":"search_term_string"}}],"inLanguage":"pt-BR"},{"@type":"Organization","@id":"https:\/\/aconnection.com.br\/classificados\/#organization","name":"AConnection Classificados","url":"https:\/\/aconnection.com.br\/classificados\/","logo":{"@type":"ImageObject","inLanguage":"pt-BR","@id":"https:\/\/aconnection.com.br\/classificados\/#\/schema\/logo\/image\/","url":"https:\/\/aconnection.com.br\/classificados\/wp-content\/uploads\/2021\/08\/Logomarca-AConnection-05.png","contentUrl":"https:\/\/aconnection.com.br\/classificados\/wp-content\/uploads\/2021\/08\/Logomarca-AConnection-05.png","width":3098,"height":2860,"caption":"AConnection Classificados"},"image":{"@id":"https:\/\/aconnection.com.br\/classificados\/#\/schema\/logo\/image\/"},"sameAs":["https:\/\/x.com\/sticompanyy","https:\/\/www.instagram.com\/sti.company"]},{"@type":"Person","@id":"https:\/\/aconnection.com.br\/classificados\/#\/schema\/person\/1876eca300517da830b7d9a036e3b01b","name":"Soliv\u00e1 Guimar\u00e3es Pestana","image":{"@type":"ImageObject","inLanguage":"pt-BR","@id":"https:\/\/secure.gravatar.com\/avatar\/e2da6b8bf6db91c613d93bddb7f16b9d1af2610e2d70973ede034c8dcdacd4ab?s=96&d=mm&r=g","url":"https:\/\/secure.gravatar.com\/avatar\/e2da6b8bf6db91c613d93bddb7f16b9d1af2610e2d70973ede034c8dcdacd4ab?s=96&d=mm&r=g","contentUrl":"https:\/\/secure.gravatar.com\/avatar\/e2da6b8bf6db91c613d93bddb7f16b9d1af2610e2d70973ede034c8dcdacd4ab?s=96&d=mm&r=g","caption":"Soliv\u00e1 Guimar\u00e3es Pestana"},"description":"Natural de Itanh\u00e9m, Bahia. Casado, pai de um filho. Tecn\u00f3logo em an\u00e1lise e Desenvolvimento de Sistemas, Bacharel em Administra\u00e7\u00e3o P\u00fablica. Na Contabilidade Pires atua como Auxiliar de contabilidade(RH). Nos hor\u00e1rios extras atua como profissional de inform\u00e1tica e suas tecnologias. Apaixonado por tecnologia, finan\u00e7as e futebol, torcedor do Fluminense-RJ, Cat\u00f3lico Apost\u00f3lico Romano. Propriet\u00e1rio dos sites www.sticompany.com.br e www.aconnection.com.br.","sameAs":["http:\/\/www.sticompany.com.br"],"url":"https:\/\/aconnection.com.br\/classificados\/author\/solivagp\/"}]}},"_links":{"self":[{"href":"https:\/\/aconnection.com.br\/classificados\/wp-json\/wp\/v2\/posts\/4361","targetHints":{"allow":["GET"]}}],"collection":[{"href":"https:\/\/aconnection.com.br\/classificados\/wp-json\/wp\/v2\/posts"}],"about":[{"href":"https:\/\/aconnection.com.br\/classificados\/wp-json\/wp\/v2\/types\/post"}],"author":[{"embeddable":true,"href":"https:\/\/aconnection.com.br\/classificados\/wp-json\/wp\/v2\/users\/2"}],"replies":[{"embeddable":true,"href":"https:\/\/aconnection.com.br\/classificados\/wp-json\/wp\/v2\/comments?post=4361"}],"version-history":[{"count":17,"href":"https:\/\/aconnection.com.br\/classificados\/wp-json\/wp\/v2\/posts\/4361\/revisions"}],"predecessor-version":[{"id":4555,"href":"https:\/\/aconnection.com.br\/classificados\/wp-json\/wp\/v2\/posts\/4361\/revisions\/4555"}],"wp:featuredmedia":[{"embeddable":true,"href":"https:\/\/aconnection.com.br\/classificados\/wp-json\/wp\/v2\/media\/4389"}],"wp:attachment":[{"href":"https:\/\/aconnection.com.br\/classificados\/wp-json\/wp\/v2\/media?parent=4361"}],"wp:term":[{"taxonomy":"category","embeddable":true,"href":"https:\/\/aconnection.com.br\/classificados\/wp-json\/wp\/v2\/categories?post=4361"},{"taxonomy":"post_tag","embeddable":true,"href":"https:\/\/aconnection.com.br\/classificados\/wp-json\/wp\/v2\/tags?post=4361"}],"curies":[{"name":"wp","href":"https:\/\/api.w.org\/{rel}","templated":true}]}}