{"id":44,"date":"2024-08-29T20:00:00","date_gmt":"2024-08-29T23:00:00","guid":{"rendered":"https:\/\/gaviaspreview.com\/wp\/fioxen\/?p=44"},"modified":"2026-04-08T00:22:22","modified_gmt":"2026-04-08T03:22:22","slug":"on-ou-off-de-que-lado-voce-esta","status":"publish","type":"post","link":"https:\/\/aconnection.com.br\/classificados\/on-ou-off-de-que-lado-voce-esta\/","title":{"rendered":"On ou Off \u2013 De que Lado voc\u00ea est\u00e1?"},"content":{"rendered":"\n<p class=\"wp-embed-aspect-16-9 wp-has-aspect-ratio\">N\u00e3o \u00e9 de hoje que o mundo est\u00e1 mudando cada vez mais r\u00e1pido. Vivemos numa era onde o que \u00e9 novo pode se tornar obsoleto amanh\u00e3. Uma era onde as grandes transforma\u00e7\u00f5es acontecem a mais de 100 mil kbytes por segundo mesmo quando estamos OFF.<\/p>\n\n\n\n<p class=\"wp-embed-aspect-16-9 wp-has-aspect-ratio\">As mudan\u00e7as clim\u00e1ticas est\u00e3o aumentando e prever o futuro ficou quase t\u00e3o incerto quanto tentar adivinh\u00e1-lo.<\/p>\n\n\n\n<figure class=\"wp-block-embed is-type-video is-provider-youtube wp-block-embed-youtube wp-embed-aspect-16-9 wp-has-aspect-ratio\"><div class=\"wp-block-embed__wrapper\">\n<iframe  id=\"_ytid_28217\"  width=\"900\" height=\"506\"  data-origwidth=\"900\" data-origheight=\"506\" src=\"https:\/\/www.youtube.com\/embed\/-6xGI63nXZg?enablejsapi=1&#038;autoplay=0&#038;cc_load_policy=0&#038;cc_lang_pref=&#038;iv_load_policy=1&#038;loop=0&#038;rel=1&#038;fs=1&#038;playsinline=0&#038;autohide=2&#038;theme=dark&#038;color=red&#038;controls=1&#038;disablekb=0&#038;\" class=\"__youtube_prefs__  epyt-is-override  no-lazyload\" title=\"YouTube player\"  allow=\"fullscreen; accelerometer; autoplay; clipboard-write; encrypted-media; gyroscope; picture-in-picture; web-share\" referrerpolicy=\"strict-origin-when-cross-origin\" allowfullscreen data-no-lazy=\"1\" data-skipgform_ajax_framebjll=\"\"><\/iframe>\n<\/div><\/figure>\n\n\n\n<p>O tr\u00e2nsito est\u00e1 ca\u00f3tico e chegar primeiro ficou mais importante que chegarmos juntos. N\u00e3o existe mais dialogo. Buzinar virou mais importante que falar. Estamos compartilhando individualidade ao inv\u00e9s de solidariedade. Vivemos numa era onde 24 horas \u00e9 pouco para respondermos todos os e-mails que recebemos. Nossas redes sociais e nossos amigos agora s\u00e3o virtuais. Antes viv\u00edamos conectados a terra, ao mato, ao vento, a \u00e1gua ou simplesmente as coisas que nos fazem bem.<\/p>\n\n\n\n<p>Agora estamos apenas conectados a INTERNET. Ser\u00e1 que \u00e9 essa a evolu\u00e7\u00e3o da humanidade? Aquilo que vai nos levar adiante? On ou Off, O que devemos ser? De que lado devemos estar? Pedir licen\u00e7a, por favor, falar &#8220;obrigado&#8221;, voc\u00ea primeiro e desculpe \u00e9 OFF. Dizer &#8220;Ol\u00e1&#8221; ou \u00e0s vezes n\u00e3o dizer nada \u00e9 ON. Prazer em reunir amigos, juntar a turma e compartilhar experi\u00eancias \u00e9 OFF. Enviar mensagens prontas e curtir fotos de desconhecidos \u00e9 ON. Jogar bola, andar de skate, conhecer pessoas, se aventurar \u00e9 OFF. Viver o tempo todo dentro do escrit\u00f3rio e n\u00e3o sai do quarto \u00e9 ON.<\/p>\n\n\n\n<p>On ou Off, de que lado voc\u00ea est\u00e1? Est\u00e1 \u00e9 uma das poucas respostas que voc\u00ea n\u00e3o vai encontrar no Google. \u00c9 preciso parar para pensar, afinal \u00e9 muito dif\u00edcil saber como vai ser o futuro quando voc\u00ea n\u00e3o tem a menor ideia do que est\u00e1 acontecendo no presente. \u00c9 hora de reiniciar o seu jeito de olhar o mundo. Que o mundo pode ser igual, mas diferente. N\u00e3o adianta voc\u00ea querer a sustentabilidade sem ser sustent\u00e1vel.<\/p>\n\n\n\n<p>De que lado voc\u00ea est\u00e1? O consumo inconsciente pode ser evitado. O que voc\u00ea tem demais muitos ainda nem conhecem. O desperd\u00edcio deve ser combatido. O colapso econ\u00f4mico do planeta n\u00e3o se resolve com a eleva\u00e7\u00e3o das suas contas, mas talvez com retorno \u00e0s suas origens humildes, sinceras, despretensiosas, colaborativas e autoprodutivas.<\/p>\n\n\n\n<p>On ou Off, de que lado voc\u00ea est\u00e1? Esta passando a hora de se ligar. Plante o bem para colher o bem. Onde se planta tem vida. Temos que ficar com o planeta e respirar o mesmo ar. Temos que deixar filhos melhores para termos netos melhores. Sustentabilidade \u00e9 isso, saber se desligar na hora certa e respeitar o meio ambiente, viver em comunidade e para a comunidade. As melhores ideias do mundo, s\u00e3o as melhores ideias para o mundo.<\/p>\n\n\n\n<p>LEMBREM-SE: n\u00e3o existem flores sem sementes e o mundo est\u00e1 ficando carente de gentileza. A intoler\u00e2ncia est\u00e1 gerando intoler\u00e2ncia. Somos capazes de reclamar uns dos outros, mas n\u00e3o somos capazes de responder a uma indelicadeza com um sorriso. Sen\u00e3o mudarmos, o mundo n\u00e3o muda.<\/p>\n\n\n\n<p>On ou Off, de que lado voc\u00ea est\u00e1? O mundo est\u00e1 mudando muito r\u00e1pido. Ou corremos agora, ou iremos correr atr\u00e1s. Conecte-se a um novo futuro para o planeta. Nunca deixe que ELE desligue.<\/p>\n\n\n\n<p><strong>Texto de autoria de <a href=\"http:\/\/deivisonpedroza.com.br\/\" target=\"_blank\" rel=\"noreferrer noopener\">Deivison Pedroza<\/a><\/strong><\/p>\n","protected":false},"excerpt":{"rendered":"<p>N\u00e3o \u00e9 de hoje que o mundo esta mudando cada vez mais r\u00e1pido. Vivemos numa era onde o que \u00e9 novo pode se tornar obsoleto amanh\u00e3. Uma era onde as grandes transforma\u00e7\u00f5es acontecem a mais de 100 mil kbytes por segundo mesmo quando estamos OFF.<br \/>\nAs mudan\u00e7as clim\u00e1ticas est\u00e3o aumentando e prever o futuro ficou quase t\u00e3o incerto quanto tentar adivinh\u00e1-lo.<\/p>\n","protected":false},"author":2,"featured_media":54245,"comment_status":"open","ping_status":"open","sticky":false,"template":"","format":"standard","meta":{"om_disable_all_campaigns":false,"_monsterinsights_skip_tracking":false,"_monsterinsights_sitenote_active":false,"_monsterinsights_sitenote_note":"","_monsterinsights_sitenote_category":0,"_uf_show_specific_survey":0,"_uf_disable_surveys":false,"_price":"","_stock":"","_tribe_ticket_header":"","_tribe_default_ticket_provider":"","_tribe_ticket_capacity":"0","_ticket_start_date":"","_ticket_end_date":"","_tribe_ticket_show_description":"","_tribe_ticket_show_not_going":false,"_tribe_ticket_use_global_stock":"","_tribe_ticket_global_stock_level":"","_global_stock_mode":"","_global_stock_cap":"","_tribe_rsvp_for_event":"","_tribe_ticket_going_count":"","_tribe_ticket_not_going_count":"","_tribe_tickets_list":"[]","_tribe_ticket_has_attendee_info_fields":false,"_EventAllDay":false,"_EventTimezone":"","_EventStartDate":"","_EventEndDate":"","_EventStartDateUTC":"","_EventEndDateUTC":"","_EventShowMap":false,"_EventShowMapLink":false,"_EventURL":"","_EventCost":"","_EventCostDescription":"","_EventCurrencySymbol":"","_EventCurrencyCode":"","_EventCurrencyPosition":"","_EventDateTimeSeparator":"","_EventTimeRangeSeparator":"","_EventOrganizerID":[],"_EventVenueID":[],"_OrganizerEmail":"","_OrganizerPhone":"","_OrganizerWebsite":"","_VenueAddress":"","_VenueCity":"","_VenueCountry":"","_VenueProvince":"","_VenueState":"","_VenueZip":"","_VenuePhone":"","_VenueURL":"","_VenueStateProvince":"","_VenueLat":"","_VenueLng":"","_VenueShowMap":false,"_VenueShowMapLink":false,"footnotes":""},"categories":[108],"tags":[650,481,651,124,123,120,577,648,121,647,122,649],"class_list":["post-44","post","type-post","status-publish","format-standard","has-post-thumbnail","hentry","category-artigos-pessoais","tag-comportamento-humano","tag-consumo-consciente","tag-equilibrio","tag-internet","tag-mudancas","tag-on-e-off","tag-reflexao","tag-relacoes-humanas","tag-tecnologia","tag-tecnologia-e-sociedade","tag-telas","tag-vida-digital"],"yoast_head":"<!-- This site is optimized with the Yoast SEO Premium plugin v26.5 (Yoast SEO v27.4) - https:\/\/yoast.com\/product\/yoast-seo-premium-wordpress\/ -->\n<title>On ou Off: De Que Lado Voc\u00ea Est\u00e1?<\/title>\n<meta name=\"description\" content=\"On ou Off: uma reflex\u00e3o sobre tecnologia, consumo, rela\u00e7\u00f5es humanas e sustentabilidade em um mundo cada vez mais conectado e acelerado.\" \/>\n<meta name=\"robots\" content=\"index, follow, max-snippet:-1, max-image-preview:large, max-video-preview:-1\" \/>\n<link rel=\"canonical\" href=\"https:\/\/aconnection.com.br\/classificados\/on-ou-off-de-que-lado-voce-esta\/\" \/>\n<meta property=\"og:locale\" content=\"pt_BR\" \/>\n<meta property=\"og:type\" content=\"article\" \/>\n<meta property=\"og:title\" content=\"On ou Off: De que lado voc\u00ea est\u00e1?\" \/>\n<meta property=\"og:description\" content=\"Uma reflex\u00e3o profunda sobre o impacto da tecnologia, o consumo consciente e o equil\u00edbrio entre o mundo digital e a vida real.\" \/>\n<meta property=\"og:url\" content=\"https:\/\/aconnection.com.br\/classificados\/on-ou-off-de-que-lado-voce-esta\/\" \/>\n<meta property=\"og:site_name\" content=\"AConnection Classificados\" \/>\n<meta property=\"article:published_time\" content=\"2024-08-29T23:00:00+00:00\" \/>\n<meta property=\"article:modified_time\" content=\"2026-04-08T03:22:22+00:00\" \/>\n<meta property=\"og:image\" content=\"https:\/\/aconnection.com.br\/classificados\/wp-content\/uploads\/2024\/08\/onouoff11.jpg\" \/>\n\t<meta property=\"og:image:width\" content=\"1080\" \/>\n\t<meta property=\"og:image:height\" content=\"1080\" \/>\n\t<meta property=\"og:image:type\" content=\"image\/jpeg\" \/>\n<meta name=\"author\" content=\"Soliv\u00e1 Guimar\u00e3es Pestana\" \/>\n<meta name=\"twitter:card\" content=\"summary_large_image\" \/>\n<meta name=\"twitter:title\" content=\"On ou Off: De que lado voc\u00ea est\u00e1?\" \/>\n<meta name=\"twitter:description\" content=\"Voc\u00ea est\u00e1 vivendo de verdade ou apenas conectado?Uma reflex\u00e3o sobre tecnologia, consumo, rela\u00e7\u00f5es humanas e o futuro do nosso planeta.\" \/>\n<meta name=\"twitter:creator\" content=\"@sticompanyy\" \/>\n<meta name=\"twitter:site\" content=\"@sticompanyy\" \/>\n<meta name=\"twitter:label1\" content=\"Escrito por\" \/>\n\t<meta name=\"twitter:data1\" content=\"Soliv\u00e1 Guimar\u00e3es Pestana\" \/>\n\t<meta name=\"twitter:label2\" content=\"Est. tempo de leitura\" \/>\n\t<meta name=\"twitter:data2\" content=\"4 minutos\" \/>\n<script type=\"application\/ld+json\" class=\"yoast-schema-graph\">{\"@context\":\"https:\\\/\\\/schema.org\",\"@graph\":[{\"@type\":\"Article\",\"@id\":\"https:\\\/\\\/aconnection.com.br\\\/classificados\\\/on-ou-off-de-que-lado-voce-esta\\\/#article\",\"isPartOf\":{\"@id\":\"https:\\\/\\\/aconnection.com.br\\\/classificados\\\/on-ou-off-de-que-lado-voce-esta\\\/\"},\"author\":{\"name\":\"Soliv\u00e1 Guimar\u00e3es Pestana\",\"@id\":\"https:\\\/\\\/aconnection.com.br\\\/classificados\\\/#\\\/schema\\\/person\\\/1876eca300517da830b7d9a036e3b01b\"},\"headline\":\"On ou Off \u2013 De que Lado voc\u00ea est\u00e1?\",\"datePublished\":\"2024-08-29T23:00:00+00:00\",\"dateModified\":\"2026-04-08T03:22:22+00:00\",\"mainEntityOfPage\":{\"@id\":\"https:\\\/\\\/aconnection.com.br\\\/classificados\\\/on-ou-off-de-que-lado-voce-esta\\\/\"},\"wordCount\":563,\"commentCount\":0,\"publisher\":{\"@id\":\"https:\\\/\\\/aconnection.com.br\\\/classificados\\\/#organization\"},\"image\":{\"@id\":\"https:\\\/\\\/aconnection.com.br\\\/classificados\\\/on-ou-off-de-que-lado-voce-esta\\\/#primaryimage\"},\"thumbnailUrl\":\"https:\\\/\\\/aconnection.com.br\\\/classificados\\\/wp-content\\\/uploads\\\/2024\\\/08\\\/onouoff11.jpg\",\"keywords\":[\"comportamento humano\",\"consumo consciente\",\"equil\u00edbrio\",\"internet\",\"mudan\u00e7as\",\"on e off\",\"reflex\u00e3o\",\"rela\u00e7\u00f5es humanas\",\"tecnologia\",\"tecnologia e sociedade\",\"telas\",\"vida digital\"],\"articleSection\":[\"Artigos Pessoais &amp; Opini\u00f5es\"],\"inLanguage\":\"pt-BR\",\"potentialAction\":[{\"@type\":\"CommentAction\",\"name\":\"Comment\",\"target\":[\"https:\\\/\\\/aconnection.com.br\\\/classificados\\\/on-ou-off-de-que-lado-voce-esta\\\/#respond\"]}]},{\"@type\":\"WebPage\",\"@id\":\"https:\\\/\\\/aconnection.com.br\\\/classificados\\\/on-ou-off-de-que-lado-voce-esta\\\/\",\"url\":\"https:\\\/\\\/aconnection.com.br\\\/classificados\\\/on-ou-off-de-que-lado-voce-esta\\\/\",\"name\":\"On ou Off: De Que Lado Voc\u00ea Est\u00e1?\",\"isPartOf\":{\"@id\":\"https:\\\/\\\/aconnection.com.br\\\/classificados\\\/#website\"},\"primaryImageOfPage\":{\"@id\":\"https:\\\/\\\/aconnection.com.br\\\/classificados\\\/on-ou-off-de-que-lado-voce-esta\\\/#primaryimage\"},\"image\":{\"@id\":\"https:\\\/\\\/aconnection.com.br\\\/classificados\\\/on-ou-off-de-que-lado-voce-esta\\\/#primaryimage\"},\"thumbnailUrl\":\"https:\\\/\\\/aconnection.com.br\\\/classificados\\\/wp-content\\\/uploads\\\/2024\\\/08\\\/onouoff11.jpg\",\"datePublished\":\"2024-08-29T23:00:00+00:00\",\"dateModified\":\"2026-04-08T03:22:22+00:00\",\"description\":\"On ou Off: uma reflex\u00e3o sobre tecnologia, consumo, rela\u00e7\u00f5es humanas e sustentabilidade em um mundo cada vez mais conectado e acelerado.\",\"breadcrumb\":{\"@id\":\"https:\\\/\\\/aconnection.com.br\\\/classificados\\\/on-ou-off-de-que-lado-voce-esta\\\/#breadcrumb\"},\"inLanguage\":\"pt-BR\",\"potentialAction\":[{\"@type\":\"ReadAction\",\"target\":[\"https:\\\/\\\/aconnection.com.br\\\/classificados\\\/on-ou-off-de-que-lado-voce-esta\\\/\"]}]},{\"@type\":\"ImageObject\",\"inLanguage\":\"pt-BR\",\"@id\":\"https:\\\/\\\/aconnection.com.br\\\/classificados\\\/on-ou-off-de-que-lado-voce-esta\\\/#primaryimage\",\"url\":\"https:\\\/\\\/aconnection.com.br\\\/classificados\\\/wp-content\\\/uploads\\\/2024\\\/08\\\/onouoff11.jpg\",\"contentUrl\":\"https:\\\/\\\/aconnection.com.br\\\/classificados\\\/wp-content\\\/uploads\\\/2024\\\/08\\\/onouoff11.jpg\",\"width\":1080,\"height\":1080},{\"@type\":\"BreadcrumbList\",\"@id\":\"https:\\\/\\\/aconnection.com.br\\\/classificados\\\/on-ou-off-de-que-lado-voce-esta\\\/#breadcrumb\",\"itemListElement\":[{\"@type\":\"ListItem\",\"position\":1,\"name\":\"In\u00edcio\",\"item\":\"https:\\\/\\\/aconnection.com.br\\\/classificados\\\/\"},{\"@type\":\"ListItem\",\"position\":2,\"name\":\"On ou Off \u2013 De que Lado voc\u00ea est\u00e1?\"}]},{\"@type\":\"WebSite\",\"@id\":\"https:\\\/\\\/aconnection.com.br\\\/classificados\\\/#website\",\"url\":\"https:\\\/\\\/aconnection.com.br\\\/classificados\\\/\",\"name\":\"AConnection Classificados\",\"description\":\"Conectando Clientes, Impulsinando o Seu Neg\u00f3cio\",\"publisher\":{\"@id\":\"https:\\\/\\\/aconnection.com.br\\\/classificados\\\/#organization\"},\"potentialAction\":[{\"@type\":\"SearchAction\",\"target\":{\"@type\":\"EntryPoint\",\"urlTemplate\":\"https:\\\/\\\/aconnection.com.br\\\/classificados\\\/?s={search_term_string}\"},\"query-input\":{\"@type\":\"PropertyValueSpecification\",\"valueRequired\":true,\"valueName\":\"search_term_string\"}}],\"inLanguage\":\"pt-BR\"},{\"@type\":\"Organization\",\"@id\":\"https:\\\/\\\/aconnection.com.br\\\/classificados\\\/#organization\",\"name\":\"AConnection Classificados\",\"url\":\"https:\\\/\\\/aconnection.com.br\\\/classificados\\\/\",\"logo\":{\"@type\":\"ImageObject\",\"inLanguage\":\"pt-BR\",\"@id\":\"https:\\\/\\\/aconnection.com.br\\\/classificados\\\/#\\\/schema\\\/logo\\\/image\\\/\",\"url\":\"https:\\\/\\\/aconnection.com.br\\\/classificados\\\/wp-content\\\/uploads\\\/2021\\\/08\\\/Logomarca-AConnection-05.png\",\"contentUrl\":\"https:\\\/\\\/aconnection.com.br\\\/classificados\\\/wp-content\\\/uploads\\\/2021\\\/08\\\/Logomarca-AConnection-05.png\",\"width\":3098,\"height\":2860,\"caption\":\"AConnection Classificados\"},\"image\":{\"@id\":\"https:\\\/\\\/aconnection.com.br\\\/classificados\\\/#\\\/schema\\\/logo\\\/image\\\/\"},\"sameAs\":[\"https:\\\/\\\/x.com\\\/sticompanyy\",\"https:\\\/\\\/www.instagram.com\\\/sti.company\"]},{\"@type\":\"Person\",\"@id\":\"https:\\\/\\\/aconnection.com.br\\\/classificados\\\/#\\\/schema\\\/person\\\/1876eca300517da830b7d9a036e3b01b\",\"name\":\"Soliv\u00e1 Guimar\u00e3es Pestana\",\"image\":{\"@type\":\"ImageObject\",\"inLanguage\":\"pt-BR\",\"@id\":\"https:\\\/\\\/secure.gravatar.com\\\/avatar\\\/e2da6b8bf6db91c613d93bddb7f16b9d1af2610e2d70973ede034c8dcdacd4ab?s=96&d=mm&r=g\",\"url\":\"https:\\\/\\\/secure.gravatar.com\\\/avatar\\\/e2da6b8bf6db91c613d93bddb7f16b9d1af2610e2d70973ede034c8dcdacd4ab?s=96&d=mm&r=g\",\"contentUrl\":\"https:\\\/\\\/secure.gravatar.com\\\/avatar\\\/e2da6b8bf6db91c613d93bddb7f16b9d1af2610e2d70973ede034c8dcdacd4ab?s=96&d=mm&r=g\",\"caption\":\"Soliv\u00e1 Guimar\u00e3es Pestana\"},\"description\":\"Natural de Itanh\u00e9m, Bahia. Casado, pai de um filho. Tecn\u00f3logo em an\u00e1lise e Desenvolvimento de Sistemas, Bacharel em Administra\u00e7\u00e3o P\u00fablica. Na Contabilidade Pires atua como Auxiliar de contabilidade(RH). Nos hor\u00e1rios extras atua como profissional de inform\u00e1tica e suas tecnologias. Apaixonado por tecnologia, finan\u00e7as e futebol, torcedor do Fluminense-RJ, Cat\u00f3lico Apost\u00f3lico Romano. Propriet\u00e1rio dos sites www.sticompany.com.br e www.aconnection.com.br.\",\"sameAs\":[\"http:\\\/\\\/www.sticompany.com.br\"],\"url\":\"https:\\\/\\\/aconnection.com.br\\\/classificados\\\/author\\\/solivagp\\\/\"}]}<\/script>\n<!-- \/ Yoast SEO Premium plugin. -->","yoast_head_json":{"title":"On ou Off: De Que Lado Voc\u00ea Est\u00e1?","description":"On ou Off: uma reflex\u00e3o sobre tecnologia, consumo, rela\u00e7\u00f5es humanas e sustentabilidade em um mundo cada vez mais conectado e acelerado.","robots":{"index":"index","follow":"follow","max-snippet":"max-snippet:-1","max-image-preview":"max-image-preview:large","max-video-preview":"max-video-preview:-1"},"canonical":"https:\/\/aconnection.com.br\/classificados\/on-ou-off-de-que-lado-voce-esta\/","og_locale":"pt_BR","og_type":"article","og_title":"On ou Off: De que lado voc\u00ea est\u00e1?","og_description":"Uma reflex\u00e3o profunda sobre o impacto da tecnologia, o consumo consciente e o equil\u00edbrio entre o mundo digital e a vida real.","og_url":"https:\/\/aconnection.com.br\/classificados\/on-ou-off-de-que-lado-voce-esta\/","og_site_name":"AConnection Classificados","article_published_time":"2024-08-29T23:00:00+00:00","article_modified_time":"2026-04-08T03:22:22+00:00","og_image":[{"width":1080,"height":1080,"url":"https:\/\/aconnection.com.br\/classificados\/wp-content\/uploads\/2024\/08\/onouoff11.jpg","type":"image\/jpeg"}],"author":"Soliv\u00e1 Guimar\u00e3es Pestana","twitter_card":"summary_large_image","twitter_title":"On ou Off: De que lado voc\u00ea est\u00e1?","twitter_description":"Voc\u00ea est\u00e1 vivendo de verdade ou apenas conectado?Uma reflex\u00e3o sobre tecnologia, consumo, rela\u00e7\u00f5es humanas e o futuro do nosso planeta.","twitter_creator":"@sticompanyy","twitter_site":"@sticompanyy","twitter_misc":{"Escrito por":"Soliv\u00e1 Guimar\u00e3es Pestana","Est. tempo de leitura":"4 minutos"},"schema":{"@context":"https:\/\/schema.org","@graph":[{"@type":"Article","@id":"https:\/\/aconnection.com.br\/classificados\/on-ou-off-de-que-lado-voce-esta\/#article","isPartOf":{"@id":"https:\/\/aconnection.com.br\/classificados\/on-ou-off-de-que-lado-voce-esta\/"},"author":{"name":"Soliv\u00e1 Guimar\u00e3es Pestana","@id":"https:\/\/aconnection.com.br\/classificados\/#\/schema\/person\/1876eca300517da830b7d9a036e3b01b"},"headline":"On ou Off \u2013 De que Lado voc\u00ea est\u00e1?","datePublished":"2024-08-29T23:00:00+00:00","dateModified":"2026-04-08T03:22:22+00:00","mainEntityOfPage":{"@id":"https:\/\/aconnection.com.br\/classificados\/on-ou-off-de-que-lado-voce-esta\/"},"wordCount":563,"commentCount":0,"publisher":{"@id":"https:\/\/aconnection.com.br\/classificados\/#organization"},"image":{"@id":"https:\/\/aconnection.com.br\/classificados\/on-ou-off-de-que-lado-voce-esta\/#primaryimage"},"thumbnailUrl":"https:\/\/aconnection.com.br\/classificados\/wp-content\/uploads\/2024\/08\/onouoff11.jpg","keywords":["comportamento humano","consumo consciente","equil\u00edbrio","internet","mudan\u00e7as","on e off","reflex\u00e3o","rela\u00e7\u00f5es humanas","tecnologia","tecnologia e sociedade","telas","vida digital"],"articleSection":["Artigos Pessoais &amp; Opini\u00f5es"],"inLanguage":"pt-BR","potentialAction":[{"@type":"CommentAction","name":"Comment","target":["https:\/\/aconnection.com.br\/classificados\/on-ou-off-de-que-lado-voce-esta\/#respond"]}]},{"@type":"WebPage","@id":"https:\/\/aconnection.com.br\/classificados\/on-ou-off-de-que-lado-voce-esta\/","url":"https:\/\/aconnection.com.br\/classificados\/on-ou-off-de-que-lado-voce-esta\/","name":"On ou Off: De Que Lado Voc\u00ea Est\u00e1?","isPartOf":{"@id":"https:\/\/aconnection.com.br\/classificados\/#website"},"primaryImageOfPage":{"@id":"https:\/\/aconnection.com.br\/classificados\/on-ou-off-de-que-lado-voce-esta\/#primaryimage"},"image":{"@id":"https:\/\/aconnection.com.br\/classificados\/on-ou-off-de-que-lado-voce-esta\/#primaryimage"},"thumbnailUrl":"https:\/\/aconnection.com.br\/classificados\/wp-content\/uploads\/2024\/08\/onouoff11.jpg","datePublished":"2024-08-29T23:00:00+00:00","dateModified":"2026-04-08T03:22:22+00:00","description":"On ou Off: uma reflex\u00e3o sobre tecnologia, consumo, rela\u00e7\u00f5es humanas e sustentabilidade em um mundo cada vez mais conectado e acelerado.","breadcrumb":{"@id":"https:\/\/aconnection.com.br\/classificados\/on-ou-off-de-que-lado-voce-esta\/#breadcrumb"},"inLanguage":"pt-BR","potentialAction":[{"@type":"ReadAction","target":["https:\/\/aconnection.com.br\/classificados\/on-ou-off-de-que-lado-voce-esta\/"]}]},{"@type":"ImageObject","inLanguage":"pt-BR","@id":"https:\/\/aconnection.com.br\/classificados\/on-ou-off-de-que-lado-voce-esta\/#primaryimage","url":"https:\/\/aconnection.com.br\/classificados\/wp-content\/uploads\/2024\/08\/onouoff11.jpg","contentUrl":"https:\/\/aconnection.com.br\/classificados\/wp-content\/uploads\/2024\/08\/onouoff11.jpg","width":1080,"height":1080},{"@type":"BreadcrumbList","@id":"https:\/\/aconnection.com.br\/classificados\/on-ou-off-de-que-lado-voce-esta\/#breadcrumb","itemListElement":[{"@type":"ListItem","position":1,"name":"In\u00edcio","item":"https:\/\/aconnection.com.br\/classificados\/"},{"@type":"ListItem","position":2,"name":"On ou Off \u2013 De que Lado voc\u00ea est\u00e1?"}]},{"@type":"WebSite","@id":"https:\/\/aconnection.com.br\/classificados\/#website","url":"https:\/\/aconnection.com.br\/classificados\/","name":"AConnection Classificados","description":"Conectando Clientes, Impulsinando o Seu Neg\u00f3cio","publisher":{"@id":"https:\/\/aconnection.com.br\/classificados\/#organization"},"potentialAction":[{"@type":"SearchAction","target":{"@type":"EntryPoint","urlTemplate":"https:\/\/aconnection.com.br\/classificados\/?s={search_term_string}"},"query-input":{"@type":"PropertyValueSpecification","valueRequired":true,"valueName":"search_term_string"}}],"inLanguage":"pt-BR"},{"@type":"Organization","@id":"https:\/\/aconnection.com.br\/classificados\/#organization","name":"AConnection Classificados","url":"https:\/\/aconnection.com.br\/classificados\/","logo":{"@type":"ImageObject","inLanguage":"pt-BR","@id":"https:\/\/aconnection.com.br\/classificados\/#\/schema\/logo\/image\/","url":"https:\/\/aconnection.com.br\/classificados\/wp-content\/uploads\/2021\/08\/Logomarca-AConnection-05.png","contentUrl":"https:\/\/aconnection.com.br\/classificados\/wp-content\/uploads\/2021\/08\/Logomarca-AConnection-05.png","width":3098,"height":2860,"caption":"AConnection Classificados"},"image":{"@id":"https:\/\/aconnection.com.br\/classificados\/#\/schema\/logo\/image\/"},"sameAs":["https:\/\/x.com\/sticompanyy","https:\/\/www.instagram.com\/sti.company"]},{"@type":"Person","@id":"https:\/\/aconnection.com.br\/classificados\/#\/schema\/person\/1876eca300517da830b7d9a036e3b01b","name":"Soliv\u00e1 Guimar\u00e3es Pestana","image":{"@type":"ImageObject","inLanguage":"pt-BR","@id":"https:\/\/secure.gravatar.com\/avatar\/e2da6b8bf6db91c613d93bddb7f16b9d1af2610e2d70973ede034c8dcdacd4ab?s=96&d=mm&r=g","url":"https:\/\/secure.gravatar.com\/avatar\/e2da6b8bf6db91c613d93bddb7f16b9d1af2610e2d70973ede034c8dcdacd4ab?s=96&d=mm&r=g","contentUrl":"https:\/\/secure.gravatar.com\/avatar\/e2da6b8bf6db91c613d93bddb7f16b9d1af2610e2d70973ede034c8dcdacd4ab?s=96&d=mm&r=g","caption":"Soliv\u00e1 Guimar\u00e3es Pestana"},"description":"Natural de Itanh\u00e9m, Bahia. Casado, pai de um filho. Tecn\u00f3logo em an\u00e1lise e Desenvolvimento de Sistemas, Bacharel em Administra\u00e7\u00e3o P\u00fablica. Na Contabilidade Pires atua como Auxiliar de contabilidade(RH). Nos hor\u00e1rios extras atua como profissional de inform\u00e1tica e suas tecnologias. Apaixonado por tecnologia, finan\u00e7as e futebol, torcedor do Fluminense-RJ, Cat\u00f3lico Apost\u00f3lico Romano. Propriet\u00e1rio dos sites www.sticompany.com.br e www.aconnection.com.br.","sameAs":["http:\/\/www.sticompany.com.br"],"url":"https:\/\/aconnection.com.br\/classificados\/author\/solivagp\/"}]}},"_links":{"self":[{"href":"https:\/\/aconnection.com.br\/classificados\/wp-json\/wp\/v2\/posts\/44","targetHints":{"allow":["GET"]}}],"collection":[{"href":"https:\/\/aconnection.com.br\/classificados\/wp-json\/wp\/v2\/posts"}],"about":[{"href":"https:\/\/aconnection.com.br\/classificados\/wp-json\/wp\/v2\/types\/post"}],"author":[{"embeddable":true,"href":"https:\/\/aconnection.com.br\/classificados\/wp-json\/wp\/v2\/users\/2"}],"replies":[{"embeddable":true,"href":"https:\/\/aconnection.com.br\/classificados\/wp-json\/wp\/v2\/comments?post=44"}],"version-history":[{"count":3,"href":"https:\/\/aconnection.com.br\/classificados\/wp-json\/wp\/v2\/posts\/44\/revisions"}],"predecessor-version":[{"id":54249,"href":"https:\/\/aconnection.com.br\/classificados\/wp-json\/wp\/v2\/posts\/44\/revisions\/54249"}],"wp:featuredmedia":[{"embeddable":true,"href":"https:\/\/aconnection.com.br\/classificados\/wp-json\/wp\/v2\/media\/54245"}],"wp:attachment":[{"href":"https:\/\/aconnection.com.br\/classificados\/wp-json\/wp\/v2\/media?parent=44"}],"wp:term":[{"taxonomy":"category","embeddable":true,"href":"https:\/\/aconnection.com.br\/classificados\/wp-json\/wp\/v2\/categories?post=44"},{"taxonomy":"post_tag","embeddable":true,"href":"https:\/\/aconnection.com.br\/classificados\/wp-json\/wp\/v2\/tags?post=44"}],"curies":[{"name":"wp","href":"https:\/\/api.w.org\/{rel}","templated":true}]}}