{"id":4435,"date":"2024-10-10T20:00:00","date_gmt":"2024-10-10T23:00:00","guid":{"rendered":"https:\/\/aconnection.com.br\/classificados\/?p=4435"},"modified":"2026-02-26T10:52:54","modified_gmt":"2026-02-26T13:52:54","slug":"quais-os-planos-do-prefeito-eleito-para-impulsionar-a-geracao-de-emprego-e-a-economia-do-comercio-local","status":"publish","type":"post","link":"https:\/\/aconnection.com.br\/classificados\/quais-os-planos-do-prefeito-eleito-para-impulsionar-a-geracao-de-emprego-e-a-economia-do-comercio-local\/","title":{"rendered":"Quais os planos do prefeito eleito, para impulsionar a gera\u00e7\u00e3o de emprego e a economia do com\u00e9rcio local?"},"content":{"rendered":"\n<p>No domingo, dia 06 de outubro, depois das 17h, conhecemos o novo gestor municipal, que assumir\u00e1 o cargo de chefe do poder executivo a partir do dia 01 de janeiro. O Milton Guimar\u00e3es, conhecido como Bentivi, eleito com 54% dos votos. Veja o resultado na tabela abaixo:<\/p>\n\n\n\n<figure class=\"wp-block-table\"><table class=\"has-fixed-layout\"><tbody><tr><td><strong>Candidato<\/strong><\/td><td><strong>Partido<\/strong><\/td><td><strong>Votos<\/strong><\/td><td><strong>Margem<\/strong><\/td><\/tr><tr><td><strong><em>Bemtivi<\/em><\/strong><\/td><td><em><strong>PSB &#8211; 40<\/strong><\/em><\/td><td><strong><em>6.106<\/em><\/strong><\/td><td><em><strong>54,59%<\/strong><\/em><\/td><\/tr><tr><td><em>Mildson Medeiros<\/em><\/td><td><em>Avante &#8211; 70<\/em><\/td><td><em>3.551<\/em><\/td><td><em>31,75%<\/em><\/td><\/tr><tr><td><em>DR. Magno Pinheiro<\/em><\/td><td><em>MDB &#8211; 15<\/em><\/td><td><em>1.160<\/em><\/td><td><em>10,37%<\/em><\/td><\/tr><tr><td><em>Alex Chaves<\/em><\/td><td><em>PT &#8211; 13<\/em><\/td><td><em>183<\/em><\/td><td><em>1,64%<\/em><\/td><\/tr><tr><td><em>Rodomarck Correia<\/em><\/td><td><em>Republicanos &#8211; 10<\/em><\/td><td><em>134<\/em><\/td><td><em>1,20%<\/em><\/td><\/tr><tr><td><em>Caboquinho Porto<\/em><\/td><td><em>Solidariedade &#8211; 7<\/em>7<\/td><td><em>52<\/em><\/td><td><em>0,46%<\/em><\/td><\/tr><\/tbody><\/table><figcaption class=\"wp-element-caption\"><strong>Resultados para prefeito das elei\u00e7\u00f5es 2024<\/strong><\/figcaption><\/figure>\n\n\n\n<h3 class=\"wp-block-heading\">O que diz o plano de governo?<\/h3>\n\n\n\n<p>Pensando no crescimento econ\u00f4mico do munic\u00edpio, buscamos saber qual os projetos e planos do prefeito eleito para com\u00e9rcio local. Conforme o Eixo 2 do plano de governo, dispon\u00edvel no site do TSE, que se trata da <em>economia, emprego, renda e atividades no campo, empreendedorismo, gera\u00e7\u00e3o de emprego, economia popular<\/em>. As a\u00e7\u00f5es do governo s\u00e3o as seguintes:<\/p>\n\n\n\n<ul class=\"wp-block-list\">\n<li>Gera\u00e7\u00e3o de emprego\/Empreendedorismo &#8211; A gera\u00e7\u00e3o de emprego \u00e9 importante para constru\u00e7\u00e3o de um ambiente corporativo mais inclusivo e respeitoso, em que cada profissional \u00e9 valorizado por suas contribui\u00e7\u00f5es e experi\u00eancias vividas;<\/li>\n\n\n\n<li>Criar balc\u00e3o de empregos, por meio de secretaria espec\u00edfica, para cadastro dos poss\u00edveis trabalhadores e das reais vagas de emprego nas empresas, com\u00e9rcios, fazendas, escrit\u00f3rios, constru\u00e7\u00f5es e edifica\u00e7\u00f5es e demais setores produtivos do munic\u00edpio, ou seja, um processo de intermedia\u00e7\u00e3o entre empregado e empregador;<\/li>\n\n\n\n<li>Estabelecer cronograma de forma\u00e7\u00e3o para jovens no que tange a capacita\u00e7\u00e3o para o trabalho em seus v\u00e1rios setores (constru\u00e7\u00e3o civil, est\u00e9tica e beleza, panifica\u00e7\u00e3o, agricultura, pecu\u00e1ria, extrativismo, auxiliar administrativo\u2026) em parceria com o Col\u00e9gio Polivalente, CDL, SEBRAE e outros institutos de forma\u00e7\u00e3o para o trabalho;<\/li>\n\n\n\n<li>Propor um espa\u00e7o h\u00edbrido (presencial e virtual) para a dissemina\u00e7\u00e3o da economia popular, onde os produtores teriam condi\u00e7\u00f5es de divulgar, vender, trocar e comprar. Os espa\u00e7os e eventos j\u00e1 existentes no munic\u00edpio podem ser dinamizados, no intuito de promover a autogest\u00e3o dos produtores trazendo independ\u00eancia e modernidade;<\/li>\n\n\n\n<li>Incentivar a cria\u00e7\u00e3o de cooperativas de trabalho e disseminar a educa\u00e7\u00e3o financeira nas escolas e grupos de trabalho;<\/li>\n\n\n\n<li>Fortalecer a\u00e7\u00f5es que deram certo como, por exemplo, o projeto das queijarias e o projeto da merenda da ro\u00e7a;<\/li>\n\n\n\n<li>Incentivar o plantio de variedades que adapta a cada regi\u00e3o principalmente a cultura do caf\u00e9;<\/li>\n\n\n\n<li>Incentivo e facilita\u00e7\u00e3o de financiamento a pequenos produtores e empreendedores;<\/li>\n\n\n\n<li>Cria\u00e7\u00e3o de uma cooperativa para recebimento dos produtos da agricultura familiar;<\/li>\n\n\n\n<li>Formula\u00e7\u00e3o de pol\u00edticas p\u00fablicas voltadas para um polo industrial de pequenas f\u00e1bricas de sustenta\u00e7\u00e3o ambiental como: F\u00e1brica de sab\u00e3o; F\u00e1brica de vassoura; F\u00e1brica de detergente; F\u00e1brica de \u00e1gua sanit\u00e1ria, f\u00e1brica de doce com as frutas produzidas na regi\u00e3o, etc.;<\/li>\n\n\n\n<li>Pensando na pecu\u00e1ria leiteira da regi\u00e3o apoiar cooperativa de leite que se encontra sendo apenas um ponto de apoio do recebimento de leite;<\/li>\n\n\n\n<li>Formula\u00e7\u00e3o de pol\u00edticas p\u00fablicas voltadas para um polo industrial de pequenas f\u00e1bricas de sustenta\u00e7\u00e3o ambiental como: F\u00e1brica de sab\u00e3o, f\u00e1brica de vassoura, f\u00e1brica de detergente, f\u00e1brica de \u00e1gua sanit\u00e1ria, f\u00e1brica de doce com as frutas produzidas na regi\u00e3o;<\/li>\n<\/ul>\n\n\n\n<h3 class=\"wp-block-heading\">O que esperar?<\/h3>\n\n\n\n<p>Essas a\u00e7\u00f5es, se forem implementadas, ser\u00e1 excelente para o setor econ\u00f4mico do munic\u00edpio. Tanto para impulsionar o com\u00e9rcio local como para gera\u00e7\u00e3o de empregos.<\/p>\n\n\n\n<p>Mas na teoria \u00e9 tudo muito bonito, mas e, na pr\u00e1tica, o que devemos esperar? Essas e outras perguntas pairam sobre a cabe\u00e7a da popula\u00e7\u00e3o. Esses questionamentos sempre ser\u00e3o uma inc\u00f3gnita no que tange novo pleito municipal.<\/p>\n\n\n\n<p>Cabe aguardar depois de 01 de janeiro, para saber o que, na pr\u00e1tica, ser\u00e1 aplicado, daquilo que conhecemos que t\u00e1 no papel. De antem\u00e3o, torcemos e queremos o melhor para o nosso munic\u00edpio. Desejamos que a gest\u00e3o 2025-2028, coloque em pr\u00e1tica os projetos que sejam melhores para a popula\u00e7\u00e3o municipal. Que os interesses coletivos prevale\u00e7am sobre os interesses individuais. \u00c9 o que todos n\u00f3s esperamos de nossos governantes.<\/p>\n\n\n\n<p>\u00c9 esperar e aguardar&#8230; Daqui mais 4 anos saberemos as respostas dos nossos questionamentos.<\/p>\n\n\n\n<p><em>Obs.: Entramos em contato com prefeito eleito, para mais detalhes do plano de governo e suas a\u00e7\u00f5es para a economia e com\u00e9rcio local, mas at\u00e9 o fechamento da mat\u00e9ria n\u00e3o obtivemos resposta.<\/em><\/p>\n","protected":false},"excerpt":{"rendered":"<p>No domingo, dia 06 de outubro, depois das 17h, conhecemos o novo gestor municipal, que assumir\u00e1 o cargo de chefe do poder executivo a partir do dia 01 de janeiro. [&hellip;]<\/p>\n","protected":false},"author":2,"featured_media":3786,"comment_status":"open","ping_status":"open","sticky":false,"template":"","format":"standard","meta":{"om_disable_all_campaigns":false,"_monsterinsights_skip_tracking":false,"_monsterinsights_sitenote_active":false,"_monsterinsights_sitenote_note":"","_monsterinsights_sitenote_category":0,"_uf_show_specific_survey":0,"_uf_disable_surveys":false,"_price":"","_stock":"","_tribe_ticket_header":"","_tribe_default_ticket_provider":"","_tribe_ticket_capacity":"0","_ticket_start_date":"","_ticket_end_date":"","_tribe_ticket_show_description":"","_tribe_ticket_show_not_going":false,"_tribe_ticket_use_global_stock":"","_tribe_ticket_global_stock_level":"","_global_stock_mode":"","_global_stock_cap":"","_tribe_rsvp_for_event":"","_tribe_ticket_going_count":"","_tribe_ticket_not_going_count":"","_tribe_tickets_list":"[]","_tribe_ticket_has_attendee_info_fields":false,"_EventAllDay":false,"_EventTimezone":"","_EventStartDate":"","_EventEndDate":"","_EventStartDateUTC":"","_EventEndDateUTC":"","_EventShowMap":false,"_EventShowMapLink":false,"_EventURL":"","_EventCost":"","_EventCostDescription":"","_EventCurrencySymbol":"","_EventCurrencyCode":"","_EventCurrencyPosition":"","_EventDateTimeSeparator":"","_EventTimeRangeSeparator":"","_EventOrganizerID":[],"_EventVenueID":[],"_OrganizerEmail":"","_OrganizerPhone":"","_OrganizerWebsite":"","_VenueAddress":"","_VenueCity":"","_VenueCountry":"","_VenueProvince":"","_VenueState":"","_VenueZip":"","_VenuePhone":"","_VenueURL":"","_VenueStateProvince":"","_VenueLat":"","_VenueLng":"","_VenueShowMap":false,"_VenueShowMapLink":false,"footnotes":""},"categories":[1],"tags":[406,117,405],"class_list":["post-4435","post","type-post","status-publish","format-standard","has-post-thumbnail","hentry","category-noticias-locais","tag-comercio","tag-economia","tag-eleicoes-2024"],"yoast_head":"<!-- This site is optimized with the Yoast SEO Premium plugin v26.5 (Yoast SEO v27.4) - https:\/\/yoast.com\/product\/yoast-seo-premium-wordpress\/ -->\n<title>Quais os planos do prefeito eleito, para impulsionar a gera\u00e7\u00e3o de emprego e a economia do com\u00e9rcio local? - AConnection Classificados<\/title>\n<meta name=\"description\" content=\"Pensando no crescimento econ\u00f4mico do munic\u00edpio, buscamos saber qual os projetos e planos do prefeito eleito para com\u00e9rcio local. De acordo com o Eixo 2 do plano de governo, dispon\u00edvel no site do TSE, que trata-se da economia, emprego, renda e atividades no campo, empreendedorismo, gera\u00e7\u00e3o de emprego, economia popular.\" \/>\n<meta name=\"robots\" content=\"index, follow, max-snippet:-1, max-image-preview:large, max-video-preview:-1\" \/>\n<link rel=\"canonical\" href=\"https:\/\/aconnection.com.br\/classificados\/quais-os-planos-do-prefeito-eleito-para-impulsionar-a-geracao-de-emprego-e-a-economia-do-comercio-local\/\" \/>\n<meta property=\"og:locale\" content=\"pt_BR\" \/>\n<meta property=\"og:type\" content=\"article\" \/>\n<meta property=\"og:title\" content=\"Quais os planos do prefeito eleito, para impulsionar a gera\u00e7\u00e3o de emprego e a economia do com\u00e9rcio local?\" \/>\n<meta property=\"og:description\" content=\"Pensando no crescimento econ\u00f4mico do munic\u00edpio, buscamos saber qual os projetos e planos do prefeito eleito para com\u00e9rcio local. De acordo com o Eixo 2 do plano de governo, dispon\u00edvel no site do TSE, que trata-se da economia, emprego, renda e atividades no campo, empreendedorismo, gera\u00e7\u00e3o de emprego, economia popular.\" \/>\n<meta property=\"og:url\" content=\"https:\/\/aconnection.com.br\/classificados\/quais-os-planos-do-prefeito-eleito-para-impulsionar-a-geracao-de-emprego-e-a-economia-do-comercio-local\/\" \/>\n<meta property=\"og:site_name\" content=\"AConnection Classificados\" \/>\n<meta property=\"article:published_time\" content=\"2024-10-10T23:00:00+00:00\" \/>\n<meta property=\"article:modified_time\" content=\"2026-02-26T13:52:54+00:00\" \/>\n<meta property=\"og:image\" content=\"https:\/\/aconnection.com.br\/classificados\/wp-content\/uploads\/2024\/07\/IMG-20240703-WA0021-scaled.jpg\" \/>\n\t<meta property=\"og:image:width\" content=\"2560\" \/>\n\t<meta property=\"og:image:height\" content=\"1440\" \/>\n\t<meta property=\"og:image:type\" content=\"image\/jpeg\" \/>\n<meta name=\"author\" content=\"Soliv\u00e1 Guimar\u00e3es Pestana\" \/>\n<meta name=\"twitter:card\" content=\"summary_large_image\" \/>\n<meta name=\"twitter:creator\" content=\"@sticompanyy\" \/>\n<meta name=\"twitter:site\" content=\"@sticompanyy\" \/>\n<meta name=\"twitter:label1\" content=\"Escrito por\" \/>\n\t<meta name=\"twitter:data1\" content=\"Soliv\u00e1 Guimar\u00e3es Pestana\" \/>\n\t<meta name=\"twitter:label2\" content=\"Est. tempo de leitura\" \/>\n\t<meta name=\"twitter:data2\" content=\"4 minutos\" \/>\n<script type=\"application\/ld+json\" class=\"yoast-schema-graph\">{\"@context\":\"https:\\\/\\\/schema.org\",\"@graph\":[{\"@type\":\"Article\",\"@id\":\"https:\\\/\\\/aconnection.com.br\\\/classificados\\\/quais-os-planos-do-prefeito-eleito-para-impulsionar-a-geracao-de-emprego-e-a-economia-do-comercio-local\\\/#article\",\"isPartOf\":{\"@id\":\"https:\\\/\\\/aconnection.com.br\\\/classificados\\\/quais-os-planos-do-prefeito-eleito-para-impulsionar-a-geracao-de-emprego-e-a-economia-do-comercio-local\\\/\"},\"author\":{\"name\":\"Soliv\u00e1 Guimar\u00e3es Pestana\",\"@id\":\"https:\\\/\\\/aconnection.com.br\\\/classificados\\\/#\\\/schema\\\/person\\\/1876eca300517da830b7d9a036e3b01b\"},\"headline\":\"Quais os planos do prefeito eleito, para impulsionar a gera\u00e7\u00e3o de emprego e a economia do com\u00e9rcio local?\",\"datePublished\":\"2024-10-10T23:00:00+00:00\",\"dateModified\":\"2026-02-26T13:52:54+00:00\",\"mainEntityOfPage\":{\"@id\":\"https:\\\/\\\/aconnection.com.br\\\/classificados\\\/quais-os-planos-do-prefeito-eleito-para-impulsionar-a-geracao-de-emprego-e-a-economia-do-comercio-local\\\/\"},\"wordCount\":769,\"commentCount\":0,\"publisher\":{\"@id\":\"https:\\\/\\\/aconnection.com.br\\\/classificados\\\/#organization\"},\"image\":{\"@id\":\"https:\\\/\\\/aconnection.com.br\\\/classificados\\\/quais-os-planos-do-prefeito-eleito-para-impulsionar-a-geracao-de-emprego-e-a-economia-do-comercio-local\\\/#primaryimage\"},\"thumbnailUrl\":\"https:\\\/\\\/aconnection.com.br\\\/classificados\\\/wp-content\\\/uploads\\\/2024\\\/07\\\/IMG-20240703-WA0021-scaled.jpg\",\"keywords\":[\"com\u00e9rcio\",\"economia\",\"elei\u00e7\u00f5es 2024\"],\"articleSection\":[\"Not\u00edcias Locais\"],\"inLanguage\":\"pt-BR\",\"potentialAction\":[{\"@type\":\"CommentAction\",\"name\":\"Comment\",\"target\":[\"https:\\\/\\\/aconnection.com.br\\\/classificados\\\/quais-os-planos-do-prefeito-eleito-para-impulsionar-a-geracao-de-emprego-e-a-economia-do-comercio-local\\\/#respond\"]}]},{\"@type\":\"WebPage\",\"@id\":\"https:\\\/\\\/aconnection.com.br\\\/classificados\\\/quais-os-planos-do-prefeito-eleito-para-impulsionar-a-geracao-de-emprego-e-a-economia-do-comercio-local\\\/\",\"url\":\"https:\\\/\\\/aconnection.com.br\\\/classificados\\\/quais-os-planos-do-prefeito-eleito-para-impulsionar-a-geracao-de-emprego-e-a-economia-do-comercio-local\\\/\",\"name\":\"Quais os planos do prefeito eleito, para impulsionar a gera\u00e7\u00e3o de emprego e a economia do com\u00e9rcio local? - AConnection Classificados\",\"isPartOf\":{\"@id\":\"https:\\\/\\\/aconnection.com.br\\\/classificados\\\/#website\"},\"primaryImageOfPage\":{\"@id\":\"https:\\\/\\\/aconnection.com.br\\\/classificados\\\/quais-os-planos-do-prefeito-eleito-para-impulsionar-a-geracao-de-emprego-e-a-economia-do-comercio-local\\\/#primaryimage\"},\"image\":{\"@id\":\"https:\\\/\\\/aconnection.com.br\\\/classificados\\\/quais-os-planos-do-prefeito-eleito-para-impulsionar-a-geracao-de-emprego-e-a-economia-do-comercio-local\\\/#primaryimage\"},\"thumbnailUrl\":\"https:\\\/\\\/aconnection.com.br\\\/classificados\\\/wp-content\\\/uploads\\\/2024\\\/07\\\/IMG-20240703-WA0021-scaled.jpg\",\"datePublished\":\"2024-10-10T23:00:00+00:00\",\"dateModified\":\"2026-02-26T13:52:54+00:00\",\"description\":\"Pensando no crescimento econ\u00f4mico do munic\u00edpio, buscamos saber qual os projetos e planos do prefeito eleito para com\u00e9rcio local. De acordo com o Eixo 2 do plano de governo, dispon\u00edvel no site do TSE, que trata-se da economia, emprego, renda e atividades no campo, empreendedorismo, gera\u00e7\u00e3o de emprego, economia popular.\",\"breadcrumb\":{\"@id\":\"https:\\\/\\\/aconnection.com.br\\\/classificados\\\/quais-os-planos-do-prefeito-eleito-para-impulsionar-a-geracao-de-emprego-e-a-economia-do-comercio-local\\\/#breadcrumb\"},\"inLanguage\":\"pt-BR\",\"potentialAction\":[{\"@type\":\"ReadAction\",\"target\":[\"https:\\\/\\\/aconnection.com.br\\\/classificados\\\/quais-os-planos-do-prefeito-eleito-para-impulsionar-a-geracao-de-emprego-e-a-economia-do-comercio-local\\\/\"]}]},{\"@type\":\"ImageObject\",\"inLanguage\":\"pt-BR\",\"@id\":\"https:\\\/\\\/aconnection.com.br\\\/classificados\\\/quais-os-planos-do-prefeito-eleito-para-impulsionar-a-geracao-de-emprego-e-a-economia-do-comercio-local\\\/#primaryimage\",\"url\":\"https:\\\/\\\/aconnection.com.br\\\/classificados\\\/wp-content\\\/uploads\\\/2024\\\/07\\\/IMG-20240703-WA0021-scaled.jpg\",\"contentUrl\":\"https:\\\/\\\/aconnection.com.br\\\/classificados\\\/wp-content\\\/uploads\\\/2024\\\/07\\\/IMG-20240703-WA0021-scaled.jpg\",\"width\":2560,\"height\":1440},{\"@type\":\"BreadcrumbList\",\"@id\":\"https:\\\/\\\/aconnection.com.br\\\/classificados\\\/quais-os-planos-do-prefeito-eleito-para-impulsionar-a-geracao-de-emprego-e-a-economia-do-comercio-local\\\/#breadcrumb\",\"itemListElement\":[{\"@type\":\"ListItem\",\"position\":1,\"name\":\"In\u00edcio\",\"item\":\"https:\\\/\\\/aconnection.com.br\\\/classificados\\\/\"},{\"@type\":\"ListItem\",\"position\":2,\"name\":\"Quais os planos do prefeito eleito, para impulsionar a gera\u00e7\u00e3o de emprego e a economia do com\u00e9rcio local?\"}]},{\"@type\":\"WebSite\",\"@id\":\"https:\\\/\\\/aconnection.com.br\\\/classificados\\\/#website\",\"url\":\"https:\\\/\\\/aconnection.com.br\\\/classificados\\\/\",\"name\":\"AConnection Classificados\",\"description\":\"Conectando Clientes, Impulsinando o Seu Neg\u00f3cio\",\"publisher\":{\"@id\":\"https:\\\/\\\/aconnection.com.br\\\/classificados\\\/#organization\"},\"potentialAction\":[{\"@type\":\"SearchAction\",\"target\":{\"@type\":\"EntryPoint\",\"urlTemplate\":\"https:\\\/\\\/aconnection.com.br\\\/classificados\\\/?s={search_term_string}\"},\"query-input\":{\"@type\":\"PropertyValueSpecification\",\"valueRequired\":true,\"valueName\":\"search_term_string\"}}],\"inLanguage\":\"pt-BR\"},{\"@type\":\"Organization\",\"@id\":\"https:\\\/\\\/aconnection.com.br\\\/classificados\\\/#organization\",\"name\":\"AConnection Classificados\",\"url\":\"https:\\\/\\\/aconnection.com.br\\\/classificados\\\/\",\"logo\":{\"@type\":\"ImageObject\",\"inLanguage\":\"pt-BR\",\"@id\":\"https:\\\/\\\/aconnection.com.br\\\/classificados\\\/#\\\/schema\\\/logo\\\/image\\\/\",\"url\":\"https:\\\/\\\/aconnection.com.br\\\/classificados\\\/wp-content\\\/uploads\\\/2021\\\/08\\\/Logomarca-AConnection-05.png\",\"contentUrl\":\"https:\\\/\\\/aconnection.com.br\\\/classificados\\\/wp-content\\\/uploads\\\/2021\\\/08\\\/Logomarca-AConnection-05.png\",\"width\":3098,\"height\":2860,\"caption\":\"AConnection Classificados\"},\"image\":{\"@id\":\"https:\\\/\\\/aconnection.com.br\\\/classificados\\\/#\\\/schema\\\/logo\\\/image\\\/\"},\"sameAs\":[\"https:\\\/\\\/x.com\\\/sticompanyy\",\"https:\\\/\\\/www.instagram.com\\\/sti.company\"]},{\"@type\":\"Person\",\"@id\":\"https:\\\/\\\/aconnection.com.br\\\/classificados\\\/#\\\/schema\\\/person\\\/1876eca300517da830b7d9a036e3b01b\",\"name\":\"Soliv\u00e1 Guimar\u00e3es Pestana\",\"image\":{\"@type\":\"ImageObject\",\"inLanguage\":\"pt-BR\",\"@id\":\"https:\\\/\\\/secure.gravatar.com\\\/avatar\\\/e2da6b8bf6db91c613d93bddb7f16b9d1af2610e2d70973ede034c8dcdacd4ab?s=96&d=mm&r=g\",\"url\":\"https:\\\/\\\/secure.gravatar.com\\\/avatar\\\/e2da6b8bf6db91c613d93bddb7f16b9d1af2610e2d70973ede034c8dcdacd4ab?s=96&d=mm&r=g\",\"contentUrl\":\"https:\\\/\\\/secure.gravatar.com\\\/avatar\\\/e2da6b8bf6db91c613d93bddb7f16b9d1af2610e2d70973ede034c8dcdacd4ab?s=96&d=mm&r=g\",\"caption\":\"Soliv\u00e1 Guimar\u00e3es Pestana\"},\"description\":\"Natural de Itanh\u00e9m, Bahia. Casado, pai de um filho. Tecn\u00f3logo em an\u00e1lise e Desenvolvimento de Sistemas, Bacharel em Administra\u00e7\u00e3o P\u00fablica. Na Contabilidade Pires atua como Auxiliar de contabilidade(RH). Nos hor\u00e1rios extras atua como profissional de inform\u00e1tica e suas tecnologias. Apaixonado por tecnologia, finan\u00e7as e futebol, torcedor do Fluminense-RJ, Cat\u00f3lico Apost\u00f3lico Romano. Propriet\u00e1rio dos sites www.sticompany.com.br e www.aconnection.com.br.\",\"sameAs\":[\"http:\\\/\\\/www.sticompany.com.br\"],\"url\":\"https:\\\/\\\/aconnection.com.br\\\/classificados\\\/author\\\/solivagp\\\/\"}]}<\/script>\n<!-- \/ Yoast SEO Premium plugin. -->","yoast_head_json":{"title":"Quais os planos do prefeito eleito, para impulsionar a gera\u00e7\u00e3o de emprego e a economia do com\u00e9rcio local? - AConnection Classificados","description":"Pensando no crescimento econ\u00f4mico do munic\u00edpio, buscamos saber qual os projetos e planos do prefeito eleito para com\u00e9rcio local. De acordo com o Eixo 2 do plano de governo, dispon\u00edvel no site do TSE, que trata-se da economia, emprego, renda e atividades no campo, empreendedorismo, gera\u00e7\u00e3o de emprego, economia popular.","robots":{"index":"index","follow":"follow","max-snippet":"max-snippet:-1","max-image-preview":"max-image-preview:large","max-video-preview":"max-video-preview:-1"},"canonical":"https:\/\/aconnection.com.br\/classificados\/quais-os-planos-do-prefeito-eleito-para-impulsionar-a-geracao-de-emprego-e-a-economia-do-comercio-local\/","og_locale":"pt_BR","og_type":"article","og_title":"Quais os planos do prefeito eleito, para impulsionar a gera\u00e7\u00e3o de emprego e a economia do com\u00e9rcio local?","og_description":"Pensando no crescimento econ\u00f4mico do munic\u00edpio, buscamos saber qual os projetos e planos do prefeito eleito para com\u00e9rcio local. De acordo com o Eixo 2 do plano de governo, dispon\u00edvel no site do TSE, que trata-se da economia, emprego, renda e atividades no campo, empreendedorismo, gera\u00e7\u00e3o de emprego, economia popular.","og_url":"https:\/\/aconnection.com.br\/classificados\/quais-os-planos-do-prefeito-eleito-para-impulsionar-a-geracao-de-emprego-e-a-economia-do-comercio-local\/","og_site_name":"AConnection Classificados","article_published_time":"2024-10-10T23:00:00+00:00","article_modified_time":"2026-02-26T13:52:54+00:00","og_image":[{"width":2560,"height":1440,"url":"https:\/\/aconnection.com.br\/classificados\/wp-content\/uploads\/2024\/07\/IMG-20240703-WA0021-scaled.jpg","type":"image\/jpeg"}],"author":"Soliv\u00e1 Guimar\u00e3es Pestana","twitter_card":"summary_large_image","twitter_creator":"@sticompanyy","twitter_site":"@sticompanyy","twitter_misc":{"Escrito por":"Soliv\u00e1 Guimar\u00e3es Pestana","Est. tempo de leitura":"4 minutos"},"schema":{"@context":"https:\/\/schema.org","@graph":[{"@type":"Article","@id":"https:\/\/aconnection.com.br\/classificados\/quais-os-planos-do-prefeito-eleito-para-impulsionar-a-geracao-de-emprego-e-a-economia-do-comercio-local\/#article","isPartOf":{"@id":"https:\/\/aconnection.com.br\/classificados\/quais-os-planos-do-prefeito-eleito-para-impulsionar-a-geracao-de-emprego-e-a-economia-do-comercio-local\/"},"author":{"name":"Soliv\u00e1 Guimar\u00e3es Pestana","@id":"https:\/\/aconnection.com.br\/classificados\/#\/schema\/person\/1876eca300517da830b7d9a036e3b01b"},"headline":"Quais os planos do prefeito eleito, para impulsionar a gera\u00e7\u00e3o de emprego e a economia do com\u00e9rcio local?","datePublished":"2024-10-10T23:00:00+00:00","dateModified":"2026-02-26T13:52:54+00:00","mainEntityOfPage":{"@id":"https:\/\/aconnection.com.br\/classificados\/quais-os-planos-do-prefeito-eleito-para-impulsionar-a-geracao-de-emprego-e-a-economia-do-comercio-local\/"},"wordCount":769,"commentCount":0,"publisher":{"@id":"https:\/\/aconnection.com.br\/classificados\/#organization"},"image":{"@id":"https:\/\/aconnection.com.br\/classificados\/quais-os-planos-do-prefeito-eleito-para-impulsionar-a-geracao-de-emprego-e-a-economia-do-comercio-local\/#primaryimage"},"thumbnailUrl":"https:\/\/aconnection.com.br\/classificados\/wp-content\/uploads\/2024\/07\/IMG-20240703-WA0021-scaled.jpg","keywords":["com\u00e9rcio","economia","elei\u00e7\u00f5es 2024"],"articleSection":["Not\u00edcias Locais"],"inLanguage":"pt-BR","potentialAction":[{"@type":"CommentAction","name":"Comment","target":["https:\/\/aconnection.com.br\/classificados\/quais-os-planos-do-prefeito-eleito-para-impulsionar-a-geracao-de-emprego-e-a-economia-do-comercio-local\/#respond"]}]},{"@type":"WebPage","@id":"https:\/\/aconnection.com.br\/classificados\/quais-os-planos-do-prefeito-eleito-para-impulsionar-a-geracao-de-emprego-e-a-economia-do-comercio-local\/","url":"https:\/\/aconnection.com.br\/classificados\/quais-os-planos-do-prefeito-eleito-para-impulsionar-a-geracao-de-emprego-e-a-economia-do-comercio-local\/","name":"Quais os planos do prefeito eleito, para impulsionar a gera\u00e7\u00e3o de emprego e a economia do com\u00e9rcio local? - AConnection Classificados","isPartOf":{"@id":"https:\/\/aconnection.com.br\/classificados\/#website"},"primaryImageOfPage":{"@id":"https:\/\/aconnection.com.br\/classificados\/quais-os-planos-do-prefeito-eleito-para-impulsionar-a-geracao-de-emprego-e-a-economia-do-comercio-local\/#primaryimage"},"image":{"@id":"https:\/\/aconnection.com.br\/classificados\/quais-os-planos-do-prefeito-eleito-para-impulsionar-a-geracao-de-emprego-e-a-economia-do-comercio-local\/#primaryimage"},"thumbnailUrl":"https:\/\/aconnection.com.br\/classificados\/wp-content\/uploads\/2024\/07\/IMG-20240703-WA0021-scaled.jpg","datePublished":"2024-10-10T23:00:00+00:00","dateModified":"2026-02-26T13:52:54+00:00","description":"Pensando no crescimento econ\u00f4mico do munic\u00edpio, buscamos saber qual os projetos e planos do prefeito eleito para com\u00e9rcio local. De acordo com o Eixo 2 do plano de governo, dispon\u00edvel no site do TSE, que trata-se da economia, emprego, renda e atividades no campo, empreendedorismo, gera\u00e7\u00e3o de emprego, economia popular.","breadcrumb":{"@id":"https:\/\/aconnection.com.br\/classificados\/quais-os-planos-do-prefeito-eleito-para-impulsionar-a-geracao-de-emprego-e-a-economia-do-comercio-local\/#breadcrumb"},"inLanguage":"pt-BR","potentialAction":[{"@type":"ReadAction","target":["https:\/\/aconnection.com.br\/classificados\/quais-os-planos-do-prefeito-eleito-para-impulsionar-a-geracao-de-emprego-e-a-economia-do-comercio-local\/"]}]},{"@type":"ImageObject","inLanguage":"pt-BR","@id":"https:\/\/aconnection.com.br\/classificados\/quais-os-planos-do-prefeito-eleito-para-impulsionar-a-geracao-de-emprego-e-a-economia-do-comercio-local\/#primaryimage","url":"https:\/\/aconnection.com.br\/classificados\/wp-content\/uploads\/2024\/07\/IMG-20240703-WA0021-scaled.jpg","contentUrl":"https:\/\/aconnection.com.br\/classificados\/wp-content\/uploads\/2024\/07\/IMG-20240703-WA0021-scaled.jpg","width":2560,"height":1440},{"@type":"BreadcrumbList","@id":"https:\/\/aconnection.com.br\/classificados\/quais-os-planos-do-prefeito-eleito-para-impulsionar-a-geracao-de-emprego-e-a-economia-do-comercio-local\/#breadcrumb","itemListElement":[{"@type":"ListItem","position":1,"name":"In\u00edcio","item":"https:\/\/aconnection.com.br\/classificados\/"},{"@type":"ListItem","position":2,"name":"Quais os planos do prefeito eleito, para impulsionar a gera\u00e7\u00e3o de emprego e a economia do com\u00e9rcio local?"}]},{"@type":"WebSite","@id":"https:\/\/aconnection.com.br\/classificados\/#website","url":"https:\/\/aconnection.com.br\/classificados\/","name":"AConnection Classificados","description":"Conectando Clientes, Impulsinando o Seu Neg\u00f3cio","publisher":{"@id":"https:\/\/aconnection.com.br\/classificados\/#organization"},"potentialAction":[{"@type":"SearchAction","target":{"@type":"EntryPoint","urlTemplate":"https:\/\/aconnection.com.br\/classificados\/?s={search_term_string}"},"query-input":{"@type":"PropertyValueSpecification","valueRequired":true,"valueName":"search_term_string"}}],"inLanguage":"pt-BR"},{"@type":"Organization","@id":"https:\/\/aconnection.com.br\/classificados\/#organization","name":"AConnection Classificados","url":"https:\/\/aconnection.com.br\/classificados\/","logo":{"@type":"ImageObject","inLanguage":"pt-BR","@id":"https:\/\/aconnection.com.br\/classificados\/#\/schema\/logo\/image\/","url":"https:\/\/aconnection.com.br\/classificados\/wp-content\/uploads\/2021\/08\/Logomarca-AConnection-05.png","contentUrl":"https:\/\/aconnection.com.br\/classificados\/wp-content\/uploads\/2021\/08\/Logomarca-AConnection-05.png","width":3098,"height":2860,"caption":"AConnection Classificados"},"image":{"@id":"https:\/\/aconnection.com.br\/classificados\/#\/schema\/logo\/image\/"},"sameAs":["https:\/\/x.com\/sticompanyy","https:\/\/www.instagram.com\/sti.company"]},{"@type":"Person","@id":"https:\/\/aconnection.com.br\/classificados\/#\/schema\/person\/1876eca300517da830b7d9a036e3b01b","name":"Soliv\u00e1 Guimar\u00e3es Pestana","image":{"@type":"ImageObject","inLanguage":"pt-BR","@id":"https:\/\/secure.gravatar.com\/avatar\/e2da6b8bf6db91c613d93bddb7f16b9d1af2610e2d70973ede034c8dcdacd4ab?s=96&d=mm&r=g","url":"https:\/\/secure.gravatar.com\/avatar\/e2da6b8bf6db91c613d93bddb7f16b9d1af2610e2d70973ede034c8dcdacd4ab?s=96&d=mm&r=g","contentUrl":"https:\/\/secure.gravatar.com\/avatar\/e2da6b8bf6db91c613d93bddb7f16b9d1af2610e2d70973ede034c8dcdacd4ab?s=96&d=mm&r=g","caption":"Soliv\u00e1 Guimar\u00e3es Pestana"},"description":"Natural de Itanh\u00e9m, Bahia. Casado, pai de um filho. Tecn\u00f3logo em an\u00e1lise e Desenvolvimento de Sistemas, Bacharel em Administra\u00e7\u00e3o P\u00fablica. Na Contabilidade Pires atua como Auxiliar de contabilidade(RH). Nos hor\u00e1rios extras atua como profissional de inform\u00e1tica e suas tecnologias. Apaixonado por tecnologia, finan\u00e7as e futebol, torcedor do Fluminense-RJ, Cat\u00f3lico Apost\u00f3lico Romano. Propriet\u00e1rio dos sites www.sticompany.com.br e www.aconnection.com.br.","sameAs":["http:\/\/www.sticompany.com.br"],"url":"https:\/\/aconnection.com.br\/classificados\/author\/solivagp\/"}]}},"_links":{"self":[{"href":"https:\/\/aconnection.com.br\/classificados\/wp-json\/wp\/v2\/posts\/4435","targetHints":{"allow":["GET"]}}],"collection":[{"href":"https:\/\/aconnection.com.br\/classificados\/wp-json\/wp\/v2\/posts"}],"about":[{"href":"https:\/\/aconnection.com.br\/classificados\/wp-json\/wp\/v2\/types\/post"}],"author":[{"embeddable":true,"href":"https:\/\/aconnection.com.br\/classificados\/wp-json\/wp\/v2\/users\/2"}],"replies":[{"embeddable":true,"href":"https:\/\/aconnection.com.br\/classificados\/wp-json\/wp\/v2\/comments?post=4435"}],"version-history":[{"count":14,"href":"https:\/\/aconnection.com.br\/classificados\/wp-json\/wp\/v2\/posts\/4435\/revisions"}],"predecessor-version":[{"id":4553,"href":"https:\/\/aconnection.com.br\/classificados\/wp-json\/wp\/v2\/posts\/4435\/revisions\/4553"}],"wp:featuredmedia":[{"embeddable":true,"href":"https:\/\/aconnection.com.br\/classificados\/wp-json\/wp\/v2\/media\/3786"}],"wp:attachment":[{"href":"https:\/\/aconnection.com.br\/classificados\/wp-json\/wp\/v2\/media?parent=4435"}],"wp:term":[{"taxonomy":"category","embeddable":true,"href":"https:\/\/aconnection.com.br\/classificados\/wp-json\/wp\/v2\/categories?post=4435"},{"taxonomy":"post_tag","embeddable":true,"href":"https:\/\/aconnection.com.br\/classificados\/wp-json\/wp\/v2\/tags?post=4435"}],"curies":[{"name":"wp","href":"https:\/\/api.w.org\/{rel}","templated":true}]}}