{"id":45,"date":"2024-10-24T20:00:00","date_gmt":"2024-10-24T23:00:00","guid":{"rendered":"https:\/\/gaviaspreview.com\/wp\/fioxen\/?p=45"},"modified":"2026-02-26T10:53:05","modified_gmt":"2026-02-26T13:53:05","slug":"e-ai-que-tal-marcarmos-para-as-20-horas","status":"publish","type":"post","link":"https:\/\/aconnection.com.br\/classificados\/e-ai-que-tal-marcarmos-para-as-20-horas\/","title":{"rendered":"E ai, que tal marcarmos para as 20 horas?"},"content":{"rendered":"\n<p>Vamos com calma pessoal, n\u00e3o quero marcar nenhum encontro, quero apenas falar de um assunto que para alguns pode parecer normal, mas, para outros, pode ser um tormento. Hoje em dia \u00e9 quase que \u2018normal\u2019 ao sairmos para alguns compromissos sempre ter aquele \u2018cinco minutinhos\u2019 a mais de sono, ou para fazer uma coisa que se julgue importante.<\/p>\n\n\n\n<p>O que podemos considerar como comum pode nos trazer grandes transtornos. Al\u00e9m algu\u00e9m dizer que \u2018voc\u00ea anda sempre atrasado\u2019, os cinco minutinhos a mais pode virar uma bola de neve em compromissos futuros. E como podemos resolver isso? Primeiro passo para os atrasadinhos \u00e9 reconhecer a falta organiza\u00e7\u00e3o no seu pr\u00f3prio tempo.<\/p>\n\n\n\n<p>O grande segredo est\u00e1 em organiza\u00e7\u00e3o, comprometimento e disciplina. Mantendo aten\u00e7\u00e3o para esses tr\u00eas pontos, chegar\u00e1 dificilmente atrasado para seus compromissos.<\/p>\n\n\n\n<figure class=\"wp-block-image size-full\"><img fetchpriority=\"high\" decoding=\"async\" width=\"400\" height=\"249\" src=\"https:\/\/aconnection.com.br\/classificados\/wp-content\/uploads\/2024\/05\/pontual1.jpg\" alt=\"\" class=\"wp-image-1782\"\/><\/figure>\n\n\n\n<h2 class=\"wp-block-heading\" id=\"h-e-como-nbsp-chegar-no-horario-certo\"><strong>E como&nbsp;chegar no hor\u00e1rio certo?<\/strong><\/h2>\n\n\n\n<ol class=\"wp-block-list\">\n<li><strong>Se n\u00e3o sabe o porqu\u00ea vive atrasado<\/strong>, ent\u00e3o precisa reconhecer que deixa as coisas para a \u00faltima hora, ent\u00e3o precisa se programar melhor.<\/li>\n\n\n\n<li><strong>Aprenda a dizer n\u00e3o<\/strong> a tarefas que aparece de \u00faltima hora. Se n\u00e3o fizer isso, viver\u00e1 eternamente atrasado.<\/li>\n\n\n\n<li><strong>Chegue antes do hor\u00e1rio marcado<\/strong>. Tente chegar alguns minutos antes do hor\u00e1rio marcado. Se o problema \u00e9 esperar, ande sempre com algo que te distraia durante o tempo de espera, ler um livro, atualizar e-mails, fazer uma liga\u00e7\u00e3o, entre outros.<\/li>\n\n\n\n<li><strong>Administre o seu tempo<\/strong> e analise o tempo gasto em atividades matinais. Programe-se, metalize, anote, gerencie o tempo de execu\u00e7\u00e3o de todas as tarefas, assim poder\u00e1 faz\u00ea-las antes de sair de casa e chegar ao local sem correrias.<\/li>\n\n\n\n<li><strong>Antecipe seus atrasos.<\/strong> Prepare-se para emerg\u00eancias. Se voc\u00ea sempre \u00e9 pego de surpresa por coisas de \u00faltima hora. Programe-se para que isso n\u00e3o aconte\u00e7a ou se acontecer voc\u00ea ter\u00e1 tempo de sobra para execut\u00e1-la. Se n\u00e3o tiver programado, resista \u00e0 tenta\u00e7\u00e3o e deixe para fazer em outro momento.<\/li>\n\n\n\n<li><strong>Antecipe-se e deixe suas coisas preparadas<\/strong>. Uma excelente dica para n\u00e3o perder tempo que atividades n\u00e3o planejadas do dia seguinte, \u00e9 deixar todas as suas coisas preparadas e arrumadas na noite anterior, como a escolha de uma roupa, separar as chaves, imprimir um documento, etc.<\/li>\n\n\n\n<li><strong>Use e abuse de lembretes<\/strong>, alarmes e anota\u00e7\u00f5es. Se voc\u00ea \u00e9 daqueles que vivem esquecendo compromissos ou vive perdendo a no\u00e7\u00e3o do tempo. Deixe que os alarmes e lembretes fa\u00e7a o trabalho por voc\u00ea. Programar o celular ou rel\u00f3gio para tocar alguns minutos antes, assim evitar\u00e1 que se esque\u00e7a de algum compromisso ou tarefa.<\/li>\n\n\n\n<li><strong>Seja comprometido com voc\u00ea mesmo<\/strong>. Tudo \u00e9 quest\u00e3o de h\u00e1bito, se est\u00e1 dif\u00edcil de controlar seu hor\u00e1rio, comece aos poucos. Execute com frequ\u00eancia seus comportamentos at\u00e9 que se torne um h\u00e1bito. Se empenhe em sempre chegar no hor\u00e1rio certo.<\/li>\n\n\n\n<li><strong>Adquira novos h\u00e1bitos<\/strong>. Tire o h\u00e1bito de apertar o bot\u00e3o soneca. Esses minutinhos a mais nunca est\u00e3o no planejado por voc\u00ea para chegar no hor\u00e1rio marcado. Sempre levante no hor\u00e1rio que o despertador tocar. No in\u00edcio vai ser dif\u00edcil, mas a rotina far\u00e1 que se torne um h\u00e1bito regular.<\/li>\n<\/ol>\n\n\n\n<figure class=\"wp-block-image size-full is-resized\"><img decoding=\"async\" width=\"960\" height=\"640\" src=\"https:\/\/aconnection.com.br\/classificados\/wp-content\/uploads\/2024\/05\/pontual2.jpg\" alt=\"\" class=\"wp-image-1783\" style=\"width:418px;height:auto\" srcset=\"https:\/\/aconnection.com.br\/classificados\/wp-content\/uploads\/2024\/05\/pontual2.jpg 960w, https:\/\/aconnection.com.br\/classificados\/wp-content\/uploads\/2024\/05\/pontual2-768x512.jpg 768w, https:\/\/aconnection.com.br\/classificados\/wp-content\/uploads\/2024\/05\/pontual2-600x400.jpg 600w\" sizes=\"(max-width: 960px) 100vw, 960px\" \/><\/figure>\n\n\n\n<p>Se seguir essas dicas a risca, com certeza as piadinhas pelos atrasos v\u00e3o deixar de ser frequente ou at\u00e9 deixar de existir.<\/p>\n\n\n\n<p>Al\u00e9m de melhorar seu relacionamento com as pessoas, pessoas n\u00e3o gostam de atrasos e espera, tamb\u00e9m melhorara sua reputa\u00e7\u00e3o tanto pessoal como profissional. Pois andar\u00e1 sempre pontualmente, mostrando ser uma pessoa organizada, determinada, comprometida, que honra seus compromissos.<\/p>\n\n\n\n<p>E voc\u00ea vai continuar acrescentando aqueles &#8220;mais cinco minutinhos&#8221;?<\/p>\n\n\n\n<p><\/p>\n","protected":false},"excerpt":{"rendered":"<p>Hoje em dia \u00e9 quase que \u2018normal\u2019 ao sairmos para alguns compromissos sempre ter aquele \u2018cinco minutinhos\u2019 a mais de sono, ou para fazer uma coisa que se julgue importante.<\/p>\n<p>O que podemos considerar como comum pode nos trazer grandes transtornos. Al\u00e9m algu\u00e9m dizer que \u2018voc\u00ea anda sempre atrasado\u2019, os cinco minutinhos a mais pode virar uma bola de neve em compromissos futuros. E como podemos resolver isso? Primeiro passo para os atrasadinhos \u00e9 reconhecer a falta organiza\u00e7\u00e3o no seu pr\u00f3prio tempo.<\/p>\n","protected":false},"author":2,"featured_media":53186,"comment_status":"open","ping_status":"open","sticky":false,"template":"","format":"standard","meta":{"om_disable_all_campaigns":false,"_monsterinsights_skip_tracking":false,"_monsterinsights_sitenote_active":false,"_monsterinsights_sitenote_note":"","_monsterinsights_sitenote_category":0,"_uf_show_specific_survey":0,"_uf_disable_surveys":false,"_price":"","_stock":"","_tribe_ticket_header":"","_tribe_default_ticket_provider":"","_tribe_ticket_capacity":"0","_ticket_start_date":"","_ticket_end_date":"","_tribe_ticket_show_description":"","_tribe_ticket_show_not_going":false,"_tribe_ticket_use_global_stock":"","_tribe_ticket_global_stock_level":"","_global_stock_mode":"","_global_stock_cap":"","_tribe_rsvp_for_event":"","_tribe_ticket_going_count":"","_tribe_ticket_not_going_count":"","_tribe_tickets_list":"[]","_tribe_ticket_has_attendee_info_fields":false,"_EventAllDay":false,"_EventTimezone":"","_EventStartDate":"","_EventEndDate":"","_EventStartDateUTC":"","_EventEndDateUTC":"","_EventShowMap":false,"_EventShowMapLink":false,"_EventURL":"","_EventCost":"","_EventCostDescription":"","_EventCurrencySymbol":"","_EventCurrencyCode":"","_EventCurrencyPosition":"","_EventDateTimeSeparator":"","_EventTimeRangeSeparator":"","_EventOrganizerID":[],"_EventVenueID":[],"_OrganizerEmail":"","_OrganizerPhone":"","_OrganizerWebsite":"","_VenueAddress":"","_VenueCity":"","_VenueCountry":"","_VenueProvince":"","_VenueState":"","_VenueZip":"","_VenuePhone":"","_VenueURL":"","_VenueStateProvince":"","_VenueLat":"","_VenueLng":"","_VenueShowMap":false,"_VenueShowMapLink":false,"footnotes":""},"categories":[108],"tags":[494,125,495],"class_list":["post-45","post","type-post","status-publish","format-standard","has-post-thumbnail","hentry","category-artigos-pessoais","tag-organizacao","tag-pontualidade","tag-tempo-e-dinheiro"],"yoast_head":"<!-- This site is optimized with the Yoast SEO Premium plugin v26.5 (Yoast SEO v27.4) - https:\/\/yoast.com\/product\/yoast-seo-premium-wordpress\/ -->\n<title>Que Tal Marcarmos para as 20h?<\/title>\n<meta name=\"description\" content=\"Descubra o significado por tr\u00e1s do Que tal marcara para as 20h?, dicas para n\u00e3o mais se atrasar nos encontros e reuni\u00f5es.\" \/>\n<meta name=\"robots\" content=\"index, follow, max-snippet:-1, max-image-preview:large, max-video-preview:-1\" \/>\n<link rel=\"canonical\" href=\"https:\/\/aconnection.com.br\/classificados\/e-ai-que-tal-marcarmos-para-as-20-horas\/\" \/>\n<meta property=\"og:locale\" content=\"pt_BR\" \/>\n<meta property=\"og:type\" content=\"article\" \/>\n<meta property=\"og:title\" content=\"E ai, que tal marcarmos para as 20 horas?\" \/>\n<meta property=\"og:description\" content=\"Hoje em dia \u00e9 quase que \u2018normal\u2019 ao sairmos para alguns compromissos sempre ter aquele \u2018cinco minutinhos\u2019 a mais de sono, ou para fazer uma coisa que se julgue importante.O que podemos considerar como comum pode nos trazer grandes transtornos. Al\u00e9m algu\u00e9m dizer que \u2018voc\u00ea anda sempre atrasado\u2019, os cinco minutinhos a mais pode virar uma bola de neve em compromissos futuros. E como podemos resolver isso? Primeiro passo para os atrasadinhos \u00e9 reconhecer a falta organiza\u00e7\u00e3o no seu pr\u00f3prio tempo.\" \/>\n<meta property=\"og:url\" content=\"https:\/\/aconnection.com.br\/classificados\/e-ai-que-tal-marcarmos-para-as-20-horas\/\" \/>\n<meta property=\"og:site_name\" content=\"AConnection Classificados\" \/>\n<meta property=\"article:published_time\" content=\"2024-10-24T23:00:00+00:00\" \/>\n<meta property=\"article:modified_time\" content=\"2026-02-26T13:53:05+00:00\" \/>\n<meta property=\"og:image\" content=\"https:\/\/aconnection.com.br\/classificados\/wp-content\/uploads\/2024\/10\/Como-chegar-na-horario-certo.jpg\" \/>\n\t<meta property=\"og:image:width\" content=\"1080\" \/>\n\t<meta property=\"og:image:height\" content=\"1080\" \/>\n\t<meta property=\"og:image:type\" content=\"image\/jpeg\" \/>\n<meta name=\"author\" content=\"Soliv\u00e1 Guimar\u00e3es Pestana\" \/>\n<meta name=\"twitter:card\" content=\"summary_large_image\" \/>\n<meta name=\"twitter:description\" content=\"Hoje em dia \u00e9 quase que \u2018normal\u2019 ao sairmos para alguns compromissos sempre ter aquele \u2018cinco minutinhos\u2019 a mais de sono, ou para fazer uma coisa que se julgue importante.O que podemos considerar como comum pode nos trazer grandes transtornos. Al\u00e9m algu\u00e9m dizer que \u2018voc\u00ea anda sempre atrasado\u2019, os cinco minutinhos a mais pode virar uma bola de neve em compromissos futuros. E como podemos resolver isso? Primeiro passo para os atrasadinhos \u00e9 reconhecer a falta organiza\u00e7\u00e3o no seu pr\u00f3prio tempo.\" \/>\n<meta name=\"twitter:creator\" content=\"@sticompanyy\" \/>\n<meta name=\"twitter:site\" content=\"@sticompanyy\" \/>\n<meta name=\"twitter:label1\" content=\"Escrito por\" \/>\n\t<meta name=\"twitter:data1\" content=\"Soliv\u00e1 Guimar\u00e3es Pestana\" \/>\n\t<meta name=\"twitter:label2\" content=\"Est. tempo de leitura\" \/>\n\t<meta name=\"twitter:data2\" content=\"4 minutos\" \/>\n<script type=\"application\/ld+json\" class=\"yoast-schema-graph\">{\"@context\":\"https:\\\/\\\/schema.org\",\"@graph\":[{\"@type\":[\"Article\",\"BlogPosting\"],\"@id\":\"https:\\\/\\\/aconnection.com.br\\\/classificados\\\/e-ai-que-tal-marcarmos-para-as-20-horas\\\/#article\",\"isPartOf\":{\"@id\":\"https:\\\/\\\/aconnection.com.br\\\/classificados\\\/e-ai-que-tal-marcarmos-para-as-20-horas\\\/\"},\"author\":{\"name\":\"Soliv\u00e1 Guimar\u00e3es Pestana\",\"@id\":\"https:\\\/\\\/aconnection.com.br\\\/classificados\\\/#\\\/schema\\\/person\\\/1876eca300517da830b7d9a036e3b01b\"},\"headline\":\"E ai, que tal marcarmos para as 20 horas?\",\"datePublished\":\"2024-10-24T23:00:00+00:00\",\"dateModified\":\"2026-02-26T13:53:05+00:00\",\"mainEntityOfPage\":{\"@id\":\"https:\\\/\\\/aconnection.com.br\\\/classificados\\\/e-ai-que-tal-marcarmos-para-as-20-horas\\\/\"},\"wordCount\":614,\"commentCount\":0,\"publisher\":{\"@id\":\"https:\\\/\\\/aconnection.com.br\\\/classificados\\\/#organization\"},\"image\":{\"@id\":\"https:\\\/\\\/aconnection.com.br\\\/classificados\\\/e-ai-que-tal-marcarmos-para-as-20-horas\\\/#primaryimage\"},\"thumbnailUrl\":\"https:\\\/\\\/aconnection.com.br\\\/classificados\\\/wp-content\\\/uploads\\\/2024\\\/10\\\/Como-chegar-na-horario-certo.jpg\",\"keywords\":[\"organiza\u00e7\u00e3o\",\"pontualidade\",\"Tempo \u00e9 dinheiro\"],\"articleSection\":[\"Artigos Pessoais &amp; Opini\u00f5es\"],\"inLanguage\":\"pt-BR\",\"potentialAction\":[{\"@type\":\"CommentAction\",\"name\":\"Comment\",\"target\":[\"https:\\\/\\\/aconnection.com.br\\\/classificados\\\/e-ai-que-tal-marcarmos-para-as-20-horas\\\/#respond\"]}]},{\"@type\":\"WebPage\",\"@id\":\"https:\\\/\\\/aconnection.com.br\\\/classificados\\\/e-ai-que-tal-marcarmos-para-as-20-horas\\\/\",\"url\":\"https:\\\/\\\/aconnection.com.br\\\/classificados\\\/e-ai-que-tal-marcarmos-para-as-20-horas\\\/\",\"name\":\"Que Tal Marcarmos para as 20h?\",\"isPartOf\":{\"@id\":\"https:\\\/\\\/aconnection.com.br\\\/classificados\\\/#website\"},\"primaryImageOfPage\":{\"@id\":\"https:\\\/\\\/aconnection.com.br\\\/classificados\\\/e-ai-que-tal-marcarmos-para-as-20-horas\\\/#primaryimage\"},\"image\":{\"@id\":\"https:\\\/\\\/aconnection.com.br\\\/classificados\\\/e-ai-que-tal-marcarmos-para-as-20-horas\\\/#primaryimage\"},\"thumbnailUrl\":\"https:\\\/\\\/aconnection.com.br\\\/classificados\\\/wp-content\\\/uploads\\\/2024\\\/10\\\/Como-chegar-na-horario-certo.jpg\",\"datePublished\":\"2024-10-24T23:00:00+00:00\",\"dateModified\":\"2026-02-26T13:53:05+00:00\",\"description\":\"Descubra o significado por tr\u00e1s do Que tal marcara para as 20h?, dicas para n\u00e3o mais se atrasar nos encontros e reuni\u00f5es.\",\"breadcrumb\":{\"@id\":\"https:\\\/\\\/aconnection.com.br\\\/classificados\\\/e-ai-que-tal-marcarmos-para-as-20-horas\\\/#breadcrumb\"},\"inLanguage\":\"pt-BR\",\"potentialAction\":[{\"@type\":\"ReadAction\",\"target\":[\"https:\\\/\\\/aconnection.com.br\\\/classificados\\\/e-ai-que-tal-marcarmos-para-as-20-horas\\\/\"]}]},{\"@type\":\"ImageObject\",\"inLanguage\":\"pt-BR\",\"@id\":\"https:\\\/\\\/aconnection.com.br\\\/classificados\\\/e-ai-que-tal-marcarmos-para-as-20-horas\\\/#primaryimage\",\"url\":\"https:\\\/\\\/aconnection.com.br\\\/classificados\\\/wp-content\\\/uploads\\\/2024\\\/10\\\/Como-chegar-na-horario-certo.jpg\",\"contentUrl\":\"https:\\\/\\\/aconnection.com.br\\\/classificados\\\/wp-content\\\/uploads\\\/2024\\\/10\\\/Como-chegar-na-horario-certo.jpg\",\"width\":1080,\"height\":1080},{\"@type\":\"BreadcrumbList\",\"@id\":\"https:\\\/\\\/aconnection.com.br\\\/classificados\\\/e-ai-que-tal-marcarmos-para-as-20-horas\\\/#breadcrumb\",\"itemListElement\":[{\"@type\":\"ListItem\",\"position\":1,\"name\":\"In\u00edcio\",\"item\":\"https:\\\/\\\/aconnection.com.br\\\/classificados\\\/\"},{\"@type\":\"ListItem\",\"position\":2,\"name\":\"E ai, que tal marcarmos para as 20 horas?\"}]},{\"@type\":\"WebSite\",\"@id\":\"https:\\\/\\\/aconnection.com.br\\\/classificados\\\/#website\",\"url\":\"https:\\\/\\\/aconnection.com.br\\\/classificados\\\/\",\"name\":\"AConnection Classificados\",\"description\":\"Conectando Clientes, Impulsinando o Seu Neg\u00f3cio\",\"publisher\":{\"@id\":\"https:\\\/\\\/aconnection.com.br\\\/classificados\\\/#organization\"},\"potentialAction\":[{\"@type\":\"SearchAction\",\"target\":{\"@type\":\"EntryPoint\",\"urlTemplate\":\"https:\\\/\\\/aconnection.com.br\\\/classificados\\\/?s={search_term_string}\"},\"query-input\":{\"@type\":\"PropertyValueSpecification\",\"valueRequired\":true,\"valueName\":\"search_term_string\"}}],\"inLanguage\":\"pt-BR\"},{\"@type\":\"Organization\",\"@id\":\"https:\\\/\\\/aconnection.com.br\\\/classificados\\\/#organization\",\"name\":\"AConnection Classificados\",\"url\":\"https:\\\/\\\/aconnection.com.br\\\/classificados\\\/\",\"logo\":{\"@type\":\"ImageObject\",\"inLanguage\":\"pt-BR\",\"@id\":\"https:\\\/\\\/aconnection.com.br\\\/classificados\\\/#\\\/schema\\\/logo\\\/image\\\/\",\"url\":\"https:\\\/\\\/aconnection.com.br\\\/classificados\\\/wp-content\\\/uploads\\\/2021\\\/08\\\/Logomarca-AConnection-05.png\",\"contentUrl\":\"https:\\\/\\\/aconnection.com.br\\\/classificados\\\/wp-content\\\/uploads\\\/2021\\\/08\\\/Logomarca-AConnection-05.png\",\"width\":3098,\"height\":2860,\"caption\":\"AConnection Classificados\"},\"image\":{\"@id\":\"https:\\\/\\\/aconnection.com.br\\\/classificados\\\/#\\\/schema\\\/logo\\\/image\\\/\"},\"sameAs\":[\"https:\\\/\\\/x.com\\\/sticompanyy\",\"https:\\\/\\\/www.instagram.com\\\/sti.company\"]},{\"@type\":\"Person\",\"@id\":\"https:\\\/\\\/aconnection.com.br\\\/classificados\\\/#\\\/schema\\\/person\\\/1876eca300517da830b7d9a036e3b01b\",\"name\":\"Soliv\u00e1 Guimar\u00e3es Pestana\",\"image\":{\"@type\":\"ImageObject\",\"inLanguage\":\"pt-BR\",\"@id\":\"https:\\\/\\\/secure.gravatar.com\\\/avatar\\\/e2da6b8bf6db91c613d93bddb7f16b9d1af2610e2d70973ede034c8dcdacd4ab?s=96&d=mm&r=g\",\"url\":\"https:\\\/\\\/secure.gravatar.com\\\/avatar\\\/e2da6b8bf6db91c613d93bddb7f16b9d1af2610e2d70973ede034c8dcdacd4ab?s=96&d=mm&r=g\",\"contentUrl\":\"https:\\\/\\\/secure.gravatar.com\\\/avatar\\\/e2da6b8bf6db91c613d93bddb7f16b9d1af2610e2d70973ede034c8dcdacd4ab?s=96&d=mm&r=g\",\"caption\":\"Soliv\u00e1 Guimar\u00e3es Pestana\"},\"description\":\"Natural de Itanh\u00e9m, Bahia. Casado, pai de um filho. Tecn\u00f3logo em an\u00e1lise e Desenvolvimento de Sistemas, Bacharel em Administra\u00e7\u00e3o P\u00fablica. Na Contabilidade Pires atua como Auxiliar de contabilidade(RH). Nos hor\u00e1rios extras atua como profissional de inform\u00e1tica e suas tecnologias. Apaixonado por tecnologia, finan\u00e7as e futebol, torcedor do Fluminense-RJ, Cat\u00f3lico Apost\u00f3lico Romano. Propriet\u00e1rio dos sites www.sticompany.com.br e www.aconnection.com.br.\",\"sameAs\":[\"http:\\\/\\\/www.sticompany.com.br\"],\"url\":\"https:\\\/\\\/aconnection.com.br\\\/classificados\\\/author\\\/solivagp\\\/\"}]}<\/script>\n<!-- \/ Yoast SEO Premium plugin. -->","yoast_head_json":{"title":"Que Tal Marcarmos para as 20h?","description":"Descubra o significado por tr\u00e1s do Que tal marcara para as 20h?, dicas para n\u00e3o mais se atrasar nos encontros e reuni\u00f5es.","robots":{"index":"index","follow":"follow","max-snippet":"max-snippet:-1","max-image-preview":"max-image-preview:large","max-video-preview":"max-video-preview:-1"},"canonical":"https:\/\/aconnection.com.br\/classificados\/e-ai-que-tal-marcarmos-para-as-20-horas\/","og_locale":"pt_BR","og_type":"article","og_title":"E ai, que tal marcarmos para as 20 horas?","og_description":"Hoje em dia \u00e9 quase que \u2018normal\u2019 ao sairmos para alguns compromissos sempre ter aquele \u2018cinco minutinhos\u2019 a mais de sono, ou para fazer uma coisa que se julgue importante.O que podemos considerar como comum pode nos trazer grandes transtornos. Al\u00e9m algu\u00e9m dizer que \u2018voc\u00ea anda sempre atrasado\u2019, os cinco minutinhos a mais pode virar uma bola de neve em compromissos futuros. E como podemos resolver isso? Primeiro passo para os atrasadinhos \u00e9 reconhecer a falta organiza\u00e7\u00e3o no seu pr\u00f3prio tempo.","og_url":"https:\/\/aconnection.com.br\/classificados\/e-ai-que-tal-marcarmos-para-as-20-horas\/","og_site_name":"AConnection Classificados","article_published_time":"2024-10-24T23:00:00+00:00","article_modified_time":"2026-02-26T13:53:05+00:00","og_image":[{"width":1080,"height":1080,"url":"https:\/\/aconnection.com.br\/classificados\/wp-content\/uploads\/2024\/10\/Como-chegar-na-horario-certo.jpg","type":"image\/jpeg"}],"author":"Soliv\u00e1 Guimar\u00e3es Pestana","twitter_card":"summary_large_image","twitter_description":"Hoje em dia \u00e9 quase que \u2018normal\u2019 ao sairmos para alguns compromissos sempre ter aquele \u2018cinco minutinhos\u2019 a mais de sono, ou para fazer uma coisa que se julgue importante.O que podemos considerar como comum pode nos trazer grandes transtornos. Al\u00e9m algu\u00e9m dizer que \u2018voc\u00ea anda sempre atrasado\u2019, os cinco minutinhos a mais pode virar uma bola de neve em compromissos futuros. E como podemos resolver isso? Primeiro passo para os atrasadinhos \u00e9 reconhecer a falta organiza\u00e7\u00e3o no seu pr\u00f3prio tempo.","twitter_creator":"@sticompanyy","twitter_site":"@sticompanyy","twitter_misc":{"Escrito por":"Soliv\u00e1 Guimar\u00e3es Pestana","Est. tempo de leitura":"4 minutos"},"schema":{"@context":"https:\/\/schema.org","@graph":[{"@type":["Article","BlogPosting"],"@id":"https:\/\/aconnection.com.br\/classificados\/e-ai-que-tal-marcarmos-para-as-20-horas\/#article","isPartOf":{"@id":"https:\/\/aconnection.com.br\/classificados\/e-ai-que-tal-marcarmos-para-as-20-horas\/"},"author":{"name":"Soliv\u00e1 Guimar\u00e3es Pestana","@id":"https:\/\/aconnection.com.br\/classificados\/#\/schema\/person\/1876eca300517da830b7d9a036e3b01b"},"headline":"E ai, que tal marcarmos para as 20 horas?","datePublished":"2024-10-24T23:00:00+00:00","dateModified":"2026-02-26T13:53:05+00:00","mainEntityOfPage":{"@id":"https:\/\/aconnection.com.br\/classificados\/e-ai-que-tal-marcarmos-para-as-20-horas\/"},"wordCount":614,"commentCount":0,"publisher":{"@id":"https:\/\/aconnection.com.br\/classificados\/#organization"},"image":{"@id":"https:\/\/aconnection.com.br\/classificados\/e-ai-que-tal-marcarmos-para-as-20-horas\/#primaryimage"},"thumbnailUrl":"https:\/\/aconnection.com.br\/classificados\/wp-content\/uploads\/2024\/10\/Como-chegar-na-horario-certo.jpg","keywords":["organiza\u00e7\u00e3o","pontualidade","Tempo \u00e9 dinheiro"],"articleSection":["Artigos Pessoais &amp; Opini\u00f5es"],"inLanguage":"pt-BR","potentialAction":[{"@type":"CommentAction","name":"Comment","target":["https:\/\/aconnection.com.br\/classificados\/e-ai-que-tal-marcarmos-para-as-20-horas\/#respond"]}]},{"@type":"WebPage","@id":"https:\/\/aconnection.com.br\/classificados\/e-ai-que-tal-marcarmos-para-as-20-horas\/","url":"https:\/\/aconnection.com.br\/classificados\/e-ai-que-tal-marcarmos-para-as-20-horas\/","name":"Que Tal Marcarmos para as 20h?","isPartOf":{"@id":"https:\/\/aconnection.com.br\/classificados\/#website"},"primaryImageOfPage":{"@id":"https:\/\/aconnection.com.br\/classificados\/e-ai-que-tal-marcarmos-para-as-20-horas\/#primaryimage"},"image":{"@id":"https:\/\/aconnection.com.br\/classificados\/e-ai-que-tal-marcarmos-para-as-20-horas\/#primaryimage"},"thumbnailUrl":"https:\/\/aconnection.com.br\/classificados\/wp-content\/uploads\/2024\/10\/Como-chegar-na-horario-certo.jpg","datePublished":"2024-10-24T23:00:00+00:00","dateModified":"2026-02-26T13:53:05+00:00","description":"Descubra o significado por tr\u00e1s do Que tal marcara para as 20h?, dicas para n\u00e3o mais se atrasar nos encontros e reuni\u00f5es.","breadcrumb":{"@id":"https:\/\/aconnection.com.br\/classificados\/e-ai-que-tal-marcarmos-para-as-20-horas\/#breadcrumb"},"inLanguage":"pt-BR","potentialAction":[{"@type":"ReadAction","target":["https:\/\/aconnection.com.br\/classificados\/e-ai-que-tal-marcarmos-para-as-20-horas\/"]}]},{"@type":"ImageObject","inLanguage":"pt-BR","@id":"https:\/\/aconnection.com.br\/classificados\/e-ai-que-tal-marcarmos-para-as-20-horas\/#primaryimage","url":"https:\/\/aconnection.com.br\/classificados\/wp-content\/uploads\/2024\/10\/Como-chegar-na-horario-certo.jpg","contentUrl":"https:\/\/aconnection.com.br\/classificados\/wp-content\/uploads\/2024\/10\/Como-chegar-na-horario-certo.jpg","width":1080,"height":1080},{"@type":"BreadcrumbList","@id":"https:\/\/aconnection.com.br\/classificados\/e-ai-que-tal-marcarmos-para-as-20-horas\/#breadcrumb","itemListElement":[{"@type":"ListItem","position":1,"name":"In\u00edcio","item":"https:\/\/aconnection.com.br\/classificados\/"},{"@type":"ListItem","position":2,"name":"E ai, que tal marcarmos para as 20 horas?"}]},{"@type":"WebSite","@id":"https:\/\/aconnection.com.br\/classificados\/#website","url":"https:\/\/aconnection.com.br\/classificados\/","name":"AConnection Classificados","description":"Conectando Clientes, Impulsinando o Seu Neg\u00f3cio","publisher":{"@id":"https:\/\/aconnection.com.br\/classificados\/#organization"},"potentialAction":[{"@type":"SearchAction","target":{"@type":"EntryPoint","urlTemplate":"https:\/\/aconnection.com.br\/classificados\/?s={search_term_string}"},"query-input":{"@type":"PropertyValueSpecification","valueRequired":true,"valueName":"search_term_string"}}],"inLanguage":"pt-BR"},{"@type":"Organization","@id":"https:\/\/aconnection.com.br\/classificados\/#organization","name":"AConnection Classificados","url":"https:\/\/aconnection.com.br\/classificados\/","logo":{"@type":"ImageObject","inLanguage":"pt-BR","@id":"https:\/\/aconnection.com.br\/classificados\/#\/schema\/logo\/image\/","url":"https:\/\/aconnection.com.br\/classificados\/wp-content\/uploads\/2021\/08\/Logomarca-AConnection-05.png","contentUrl":"https:\/\/aconnection.com.br\/classificados\/wp-content\/uploads\/2021\/08\/Logomarca-AConnection-05.png","width":3098,"height":2860,"caption":"AConnection Classificados"},"image":{"@id":"https:\/\/aconnection.com.br\/classificados\/#\/schema\/logo\/image\/"},"sameAs":["https:\/\/x.com\/sticompanyy","https:\/\/www.instagram.com\/sti.company"]},{"@type":"Person","@id":"https:\/\/aconnection.com.br\/classificados\/#\/schema\/person\/1876eca300517da830b7d9a036e3b01b","name":"Soliv\u00e1 Guimar\u00e3es Pestana","image":{"@type":"ImageObject","inLanguage":"pt-BR","@id":"https:\/\/secure.gravatar.com\/avatar\/e2da6b8bf6db91c613d93bddb7f16b9d1af2610e2d70973ede034c8dcdacd4ab?s=96&d=mm&r=g","url":"https:\/\/secure.gravatar.com\/avatar\/e2da6b8bf6db91c613d93bddb7f16b9d1af2610e2d70973ede034c8dcdacd4ab?s=96&d=mm&r=g","contentUrl":"https:\/\/secure.gravatar.com\/avatar\/e2da6b8bf6db91c613d93bddb7f16b9d1af2610e2d70973ede034c8dcdacd4ab?s=96&d=mm&r=g","caption":"Soliv\u00e1 Guimar\u00e3es Pestana"},"description":"Natural de Itanh\u00e9m, Bahia. Casado, pai de um filho. Tecn\u00f3logo em an\u00e1lise e Desenvolvimento de Sistemas, Bacharel em Administra\u00e7\u00e3o P\u00fablica. Na Contabilidade Pires atua como Auxiliar de contabilidade(RH). Nos hor\u00e1rios extras atua como profissional de inform\u00e1tica e suas tecnologias. Apaixonado por tecnologia, finan\u00e7as e futebol, torcedor do Fluminense-RJ, Cat\u00f3lico Apost\u00f3lico Romano. Propriet\u00e1rio dos sites www.sticompany.com.br e www.aconnection.com.br.","sameAs":["http:\/\/www.sticompany.com.br"],"url":"https:\/\/aconnection.com.br\/classificados\/author\/solivagp\/"}]}},"_links":{"self":[{"href":"https:\/\/aconnection.com.br\/classificados\/wp-json\/wp\/v2\/posts\/45","targetHints":{"allow":["GET"]}}],"collection":[{"href":"https:\/\/aconnection.com.br\/classificados\/wp-json\/wp\/v2\/posts"}],"about":[{"href":"https:\/\/aconnection.com.br\/classificados\/wp-json\/wp\/v2\/types\/post"}],"author":[{"embeddable":true,"href":"https:\/\/aconnection.com.br\/classificados\/wp-json\/wp\/v2\/users\/2"}],"replies":[{"embeddable":true,"href":"https:\/\/aconnection.com.br\/classificados\/wp-json\/wp\/v2\/comments?post=45"}],"version-history":[{"count":4,"href":"https:\/\/aconnection.com.br\/classificados\/wp-json\/wp\/v2\/posts\/45\/revisions"}],"predecessor-version":[{"id":53187,"href":"https:\/\/aconnection.com.br\/classificados\/wp-json\/wp\/v2\/posts\/45\/revisions\/53187"}],"wp:featuredmedia":[{"embeddable":true,"href":"https:\/\/aconnection.com.br\/classificados\/wp-json\/wp\/v2\/media\/53186"}],"wp:attachment":[{"href":"https:\/\/aconnection.com.br\/classificados\/wp-json\/wp\/v2\/media?parent=45"}],"wp:term":[{"taxonomy":"category","embeddable":true,"href":"https:\/\/aconnection.com.br\/classificados\/wp-json\/wp\/v2\/categories?post=45"},{"taxonomy":"post_tag","embeddable":true,"href":"https:\/\/aconnection.com.br\/classificados\/wp-json\/wp\/v2\/tags?post=45"}],"curies":[{"name":"wp","href":"https:\/\/api.w.org\/{rel}","templated":true}]}}