{"id":46,"date":"2024-09-12T22:00:23","date_gmt":"2024-09-13T01:00:23","guid":{"rendered":"https:\/\/gaviaspreview.com\/wp\/fioxen\/?p=46"},"modified":"2024-10-11T11:46:42","modified_gmt":"2024-10-11T14:46:42","slug":"doenca-do-seculo-como-ajudar-uma-pessoa-com-depressao","status":"publish","type":"post","link":"https:\/\/aconnection.com.br\/classificados\/doenca-do-seculo-como-ajudar-uma-pessoa-com-depressao\/","title":{"rendered":"Doen\u00e7a do s\u00e9culo: Como ajudar uma pessoa com depress\u00e3o"},"content":{"rendered":"\n<h3 class=\"wp-block-heading\">Doen\u00e7a do s\u00e9culo: Como ajudar uma pessoa com depress\u00e3o<\/h3>\n\n\n\n<p>Ol\u00e1 galera, como prometemos h\u00e1 duas semanas, estaremos falando mais uma vez sobre a doen\u00e7a do s\u00e9culo XXI, a Depress\u00e3o. No \u00faltimo artigo falamos um pouco sobre os <a href=\"https:\/\/aconnection.com.br\/classificados\/2024\/09\/12\/doenca-do-seculo-atencao-com-o-sinal-amarelo\/\" target=\"_blank\" rel=\"noreferrer noopener\">sintomas da Depress\u00e3o<\/a>. Hoje falaremos sobre como tentar super\u00e1-la.<\/p>\n\n\n\n<p>Devemos ter a ci\u00eancia da import\u00e2ncia de preven\u00e7\u00e3o ao suic\u00eddio durante todo o ano, que seja uma campanha fortificada em setembro, mas que durante o ano possa ter 12 meses amarelos.<\/p>\n\n\n\n<p>No final de setembro a psic\u00f3loga Daniele Guimar\u00e3es, fez uma campanha incentivando todos os profissionais e com\u00e9rcio local a ajudar a fortificar essa campanha, onde cada um de acordo com sua aptid\u00e3o possa mostrar o seu melhor no combate e enfrentamento do problema. O nosso site resolveu encarar o desafio falando um pouco sobre tema, dividindo em dois textos. Boa leitura e vamos exercitar a EMPATIA. Fa\u00e7a sua parte!<\/p>\n\n\n\n<h3 class=\"wp-block-heading\" id=\"o-que-fazer-para-superar-a-depressao-profunda\"><strong>O que fazer para superar a depress\u00e3o profunda<\/strong><\/h3>\n\n\n\n<p>Os efeitos adversos da depress\u00e3o profunda sobre a sa\u00fade das pessoas s\u00e3o realmente perigosos. Por isso, \u00e9 necess\u00e1rio controlar a depress\u00e3o e tentar livrar-se dela, antes que ela tome um rumo perigoso.<\/p>\n\n\n\n<p>Essa doen\u00e7a interfere com os n\u00edveis de energia e, as pessoas que sofrem com ela, muitas vezes, sentem-se desconfort\u00e1veis com a perspectiva de procurar tratamento e combater a depress\u00e3o.<\/p>\n\n\n\n<p>No entanto, \u00e9 fundamental que o fa\u00e7am. Superar uma depress\u00e3o profunda \u00e9 dif\u00edcil, mas n\u00e3o imposs\u00edvel. Veja como:<\/p>\n\n\n\n<p><strong>Passo 1 \u2013 <\/strong><strong>Obter tratamento.<\/strong><\/p>\n\n\n\n<p>A depress\u00e3o \u00e9 muito dif\u00edcil de superar sem ajuda externa. A consulta com um profissional de sa\u00fade \u00e9 indispens\u00e1vel. Uma das terapias passa pela administra\u00e7\u00e3o de medicamentos que podem estabilizar as subst\u00e2ncias qu\u00edmicas no c\u00e9rebro e fazer com que o paciente se sinta melhor. J\u00e1 a terapia cognitiva comportamental ajuda o paciente a resolver os seus problemas atuais e a aprender novas maneiras de lidar com a sua doen\u00e7a.<\/p>\n\n\n\n<p><strong>Passo 2 \u2013 <\/strong><strong>Estabele\u00e7a metas.<\/strong><\/p>\n\n\n\n<p>Mesmo que a medica\u00e7\u00e3o e o aconselhamento sejam ben\u00e9ficos para pessoas com depress\u00e3o profunda, s\u00f3 ser\u00e3o eficazes se o paciente estiver disposto a trabalhar para combater a depress\u00e3o. Estabelecer pequenas metas, concretas, sobre o processo de recupera\u00e7\u00e3o pode ajudar na continua\u00e7\u00e3o da luta contra a doen\u00e7a de uma forma produtiva. O cumprimento dessas metas, muitas vezes, d\u00e1 ao paciente uma sensa\u00e7\u00e3o de poder e controle sobre a sua condi\u00e7\u00e3o.<\/p>\n\n\n\n<p><strong>Passo 3 \u2013 <\/strong><strong>Permanecer saud\u00e1vel<\/strong>.<\/p>\n\n\n\n<p>Muitas pessoas subestimam a liga\u00e7\u00e3o entre a sa\u00fade f\u00edsica e a sa\u00fade mental. Abund\u00e2ncia de exerc\u00edcio, alimenta\u00e7\u00e3o saud\u00e1vel, dormir bem \u00e0 noite, evitar drogas e \u00e1lcool e reduzir o estresse pode ajudar a manter os sintomas da depress\u00e3o \u00e0 dist\u00e2ncia.<\/p>\n\n\n\n<p><strong>Passo 4 \u2013 <\/strong><strong>Procurar apoio.<\/strong><\/p>\n\n\n\n<p>O processo de recupera\u00e7\u00e3o \u00e9 muitas vezes dif\u00edcil, mesmo com a medica\u00e7\u00e3o e aconselhamento adequada. Embora a ajuda profissional seja \u00fatil, as pessoas deprimidas que se <strong><em>cercam<\/em><\/strong> de apoio e pessoas positivas podem ter um processo de recupera\u00e7\u00e3o mais f\u00e1cil. Tamb\u00e9m \u00e9 \u00fatil quando as pessoas deprimidas educam os seus parentes e amigos sobre a sua doen\u00e7a, isto lhes permite prestar aten\u00e7\u00e3o aos sintomas de retorno e ajudar com metas tang\u00edveis.<\/p>\n\n\n\n<p><strong>Passo 5 \u2013 Ser paciente<\/strong>.<\/p>\n\n\n\n<p>Pode levar v\u00e1rias semanas antes que o resultado da medica\u00e7\u00e3o ou terapia seja not\u00e1vel. Os resultados do tratamento dependem muito do paciente, por isso, poder\u00e1 ser necess\u00e1rio tentar diferentes tratamentos antes de encontrar a melhor op\u00e7\u00e3o para a sua situa\u00e7\u00e3o espec\u00edfica. As pessoas que sofrem de depress\u00e3o profunda devem permanecer dedicadas aos seus objetivos e focadas na sua recupera\u00e7\u00e3o, mesmo que n\u00e3o experimentem melhoras t\u00e3o r\u00e1pido quanto esperavam. Embora as condi\u00e7\u00f5es apresentadas possam parecer sombrias, <strong>h\u00e1 dois pontos positivos<\/strong>:<\/p>\n\n\n\n<p><strong>Primeiro, <\/strong>se voc\u00ea est\u00e1 com depress\u00e3o profunda, voc\u00ea n\u00e3o est\u00e1 sozinho. S\u00e3o muitas as situa\u00e7\u00f5es em que as pessoas se encontram enormemente s\u00f3s no seu sofrimento, mas depress\u00e3o \u00e9 muito comum e atinge algum indiv\u00edduo em praticamente todas as fam\u00edlias.<\/p>\n\n\n\n<p><strong>O segundo ponto positivo <\/strong>\u00e9 que existe ajuda e esperan\u00e7a. A depress\u00e3o \u00e9 um dos estados emocionais mais pass\u00edveis de tratamento.<\/p>\n\n\n\n<figure class=\"wp-block-image size-large\"><img fetchpriority=\"high\" decoding=\"async\" width=\"1024\" height=\"682\" src=\"https:\/\/aconnection.com.br\/classificados\/wp-content\/uploads\/2020\/10\/setembro-amarelo-1024x682.jpg\" alt=\"\" class=\"wp-image-3380\" srcset=\"https:\/\/aconnection.com.br\/classificados\/wp-content\/uploads\/2020\/10\/setembro-amarelo-1024x682.jpg 1024w, https:\/\/aconnection.com.br\/classificados\/wp-content\/uploads\/2020\/10\/setembro-amarelo-768x511.jpg 768w, https:\/\/aconnection.com.br\/classificados\/wp-content\/uploads\/2020\/10\/setembro-amarelo-600x400.jpg 600w, https:\/\/aconnection.com.br\/classificados\/wp-content\/uploads\/2020\/10\/setembro-amarelo.jpg 1425w\" sizes=\"(max-width: 1024px) 100vw, 1024px\" \/><\/figure>\n\n\n\n<h3 class=\"wp-block-heading\" id=\"10-coisas-que-voce-pode-fazer-para-ajudar-uma-pessoa-em-depressao\">10 coisas que voc\u00ea pode fazer para ajudar uma pessoa em depress\u00e3o<\/h3>\n\n\n\n<p>Segundo dados da OMS (Organiza\u00e7\u00e3o Mundial da Sa\u00fade), o Brasil \u00e9 o pa\u00eds com maior n\u00famero de pessoas depressivas da Am\u00e9rica Latina. A depress\u00e3o afeta 12% da popula\u00e7\u00e3o brasileira e \u00e9 uma das principais causas dos cerca de <a href=\"http:\/\/portalarquivos.saude.gov.br\/images\/pdf\/2017\/setembro\/21\/Coletiva-suicidio-21-09.pdf\" target=\"_blank\" rel=\"noreferrer noopener\">11 mil suic\u00eddios<\/a> registrados anualmente no pa\u00eds.<\/p>\n\n\n\n<p>Muitas vezes, quem convive com uma pessoa em depress\u00e3o quer a ajudar, mas n\u00e3o sabe como, ou at\u00e9 acaba piorando a situa\u00e7\u00e3o com conselhos vazios, como \u201csai dessa, voc\u00ea precisa se esfor\u00e7ar mais\u201d.<\/p>\n\n\n\n<p>O Minist\u00e9rio da Sa\u00fade preparou uma <a href=\"http:\/\/portalarquivos2.saude.gov.br\/images\/pdf\/2017\/setembro\/21\/folheto-popula----o.pdf\" target=\"_blank\" rel=\"noreferrer noopener\">cartilha<\/a> com dicas de como ajudar quem est\u00e1 passando por esse momento dif\u00edcil, de depress\u00e3o profunda ou risco de suic\u00eddio. Confira algumas delas:<\/p>\n\n\n\n<p><strong>1. Ou\u00e7a mais, fale menos<\/strong><br>Encontre um momento apropriado e um lugar calmo para falar sobre suic\u00eddio com essa pessoa. Deixe-a saber que voc\u00ea est\u00e1 l\u00e1 para ouvir, ou\u00e7a-a com a mente aberta e ofere\u00e7a seu apoio.<\/p>\n\n\n\n<p><strong>2. Incentive uma consulta profissional<\/strong><br>Incentive a pessoa a procurar ajuda de um profissional, como um m\u00e9dico, profissional de sa\u00fade mental, conselheiro ou assistente social. Ofere\u00e7a-se para acompanh\u00e1-la a uma consulta.<\/p>\n\n\n\n<p><strong>3. Fique perto<\/strong><br>Se voc\u00ea acha que essa pessoa est\u00e1 em perigo imediato, n\u00e3o a deixe sozinha. Procure ajuda de profissionais de servi\u00e7os de emerg\u00eancia, um servi\u00e7o telef\u00f4nico de atendimentos a crises, um profissional de sa\u00fade, ou consulte algum familiar dessa pessoa.<\/p>\n\n\n\n<p><strong>4. Previna<\/strong><br>Se a pessoa com quem voc\u00ea est\u00e1 preocupado (a) vive com voc\u00ea, assegure-se de que ele (a) n\u00e3o tenha acesso a meios para provocar a pr\u00f3pria morte (por exemplo, pesticidas, armas de fogo ou medicamentos) em casa.<\/p>\n\n\n\n<p><strong>5. Mantenha contato<\/strong><br>Fique em contato para acompanhar como a pessoa est\u00e1 passando e o que est\u00e1 fazendo. Saber o que<strong> N\u00c3O DIZER<\/strong> tamb\u00e9m \u00e9 muito importante para n\u00e3o piorar a situa\u00e7\u00e3o. Fique atento para n\u00e3o repetir os conselhos abaixo, pois eles s\u00f3 prejudicam quem j\u00e1 est\u00e1 fragilizado:<\/p>\n\n\n\n<p><strong>6. N\u00e3o condene<\/strong><br>\u201cIsso \u00e9 covardia\u201d. \u201c\u00c9 loucura\u201d. \u201c\u00c9 fraqueza\u201d.<\/p>\n\n\n\n<p><strong>7. N\u00e3o banalize<\/strong><br>\u201c\u00c9 por isso que quer morrer? J\u00e1 passei por coisas bem piores e n\u00e3o me matei\u201d.<\/p>\n\n\n\n<p><strong>8. N\u00e3o opine<\/strong><br>\u201cVoc\u00ea quer chamar a aten\u00e7\u00e3o\u201d. \u201cTe falta Deus\u201d. \u201cIsso \u00e9 falta de vergonha na cara\u201d.<\/p>\n\n\n\n<p><strong>9. N\u00e3o d\u00ea serm\u00e3o<\/strong><br>\u201cTantas pessoas com problemas mais s\u00e9rios que o seu, siga em frente\u201d.<\/p>\n\n\n\n<p><strong>10. Evite frases de incentivo<\/strong><br>\u201cLevanta a cabe\u00e7a, deixa disso\u201d. \u201cPense positivo\u201d. \u201cA vida \u00e9 boa\u201d.<\/p>\n\n\n\n<h3 class=\"wp-block-heading\" id=\"relatos-de-uma-pessoa-que-luta-bravamente-contra-a-depressao\">Relatos de uma pessoa que luta bravamente contra a depress\u00e3o<\/h3>\n\n\n\n<p><em>COMO SUPERAR A DEPRESS\u00c3O<\/em><\/p>\n\n\n\n<p><em>Por Sabriana Silva dos Santos<\/em><\/p>\n\n\n\n<p><em>Se est\u00e3o esperando uma receita de bolo, deem a meia volta, porque n\u00e3o tem meus caros, e cada um enfrenta de uma forma completamente diferente.<\/em><\/p>\n\n\n\n<p><em>Conviver com uma doen\u00e7a que tenta lhe matar todos os dias \u00e9 angustiante e por vezes achamos que o suic\u00eddio \u00e9 a sa\u00edda, mas vos digo que n\u00e3o, n\u00e3o \u00e9 e nunca ser\u00e1, mas como sobreviver? Eu tamb\u00e9m n\u00e3o sei lhe dizer, a \u00fanica coisa que posso te falar \u00e9 n\u00e3o desista, procure ajuda profissional SIIIIM, tome rem\u00e9dio se preciso for para se manter mentalmente est\u00e1vel, n\u00e3o d\u00ea import\u00e2ncia para os coment\u00e1rios negativos mesmo se vierem de seus familiares ou aqueles que voc\u00ea achava que eram seus amigos.<\/em><\/p>\n\n\n\n<p><em>Tente conhecer os gatilhos que te levam para o fundo do po\u00e7o, pois assim aprender\u00e1 a enfrentar o que lhe faz mal. Fa\u00e7a o que gosta de fazer: escute sua m\u00fasica preferida, dance, estravasse, chore, sorria, grite se preciso for, sinta a brisa do vento, ou\u00e7a os cantos dos p\u00e1ssaros, veja o p\u00f4r do sol ou o nascer dele, h\u00e1 sim in\u00fameras coisas que ainda podes fazer, mesmo que nesse momento se sinta sozinho e sem for\u00e7as para lutar, mas lhe digo, s\u00f3 os fortes passam e sobrevivem a depress\u00e3o, em momento algum ache inferior por esta passando por isso, muito pelo contr\u00e1rio, sabe como sei de tudo isso? Eu passo por isso e j\u00e1 se foram 10 longos meses desde o meu surto, mas o que poucas pessoas sabem \u00e9 que eu j\u00e1 planejava minha morte desde os 9 ou 10 anos.<\/em><\/p>\n\n\n\n<p><em>E como tenho sobrevivido? Vivo um dia por vez, e quando chega o fim do dia agrade\u00e7o por estar viva, mesmo que durante o dia inteiro n\u00e3o tenha nem sa\u00eddo do quarto. Fui taxada de doida pelo simples fato de procurar ajuda profissional, hoje ainda escuto uma piadinha sobre o meu \u201cproblema de cabe\u00e7a\u201d, tomo rem\u00e9dios para tratar minha mente, acredito que com o tempo certo e tratamento adequado vou superar isso, mas at\u00e9 l\u00e1 tenho apenas me preocupado com hoje. E por hoje nem sequer pensei no suic\u00eddio.<\/em><\/p>\n\n\n\n<p>Fontes: <a href=\"https:\/\/blog.psicologiaviva.com.br\/depressao-profunda\/\">PsicologiaViva<\/a>, <a href=\"https:\/\/www.fundacaodorina.org.br\/blog\/setembro-amarelo-dicas-depressao\/\">funda\u00e7\u00e3o Dorina.<\/a><\/p>\n\n\n\n<p><em>Texto criado em 13 de novembro de 2020<\/em>.<\/p>\n","protected":false},"excerpt":{"rendered":"<p>There are many variations of but the majority have simply free text.<\/p>\n","protected":false},"author":2,"featured_media":3381,"comment_status":"open","ping_status":"open","sticky":false,"template":"","format":"standard","meta":{"om_disable_all_campaigns":false,"_monsterinsights_skip_tracking":false,"_monsterinsights_sitenote_active":false,"_monsterinsights_sitenote_note":"","_monsterinsights_sitenote_category":0,"_uf_show_specific_survey":0,"_uf_disable_surveys":false,"_price":"","_stock":"","_tribe_ticket_header":"","_tribe_default_ticket_provider":"","_tribe_ticket_capacity":"0","_ticket_start_date":"","_ticket_end_date":"","_tribe_ticket_show_description":"","_tribe_ticket_show_not_going":false,"_tribe_ticket_use_global_stock":"","_tribe_ticket_global_stock_level":"","_global_stock_mode":"","_global_stock_cap":"","_tribe_rsvp_for_event":"","_tribe_ticket_going_count":"","_tribe_ticket_not_going_count":"","_tribe_tickets_list":"[]","_tribe_ticket_has_attendee_info_fields":false,"_EventAllDay":false,"_EventTimezone":"","_EventStartDate":"","_EventEndDate":"","_EventStartDateUTC":"","_EventEndDateUTC":"","_EventShowMap":false,"_EventShowMapLink":false,"_EventURL":"","_EventCost":"","_EventCostDescription":"","_EventCurrencySymbol":"","_EventCurrencyCode":"","_EventCurrencyPosition":"","_EventDateTimeSeparator":"","_EventTimeRangeSeparator":"","_EventOrganizerID":[],"_EventVenueID":[],"_OrganizerEmail":"","_OrganizerPhone":"","_OrganizerWebsite":"","_VenueAddress":"","_VenueCity":"","_VenueCountry":"","_VenueProvince":"","_VenueState":"","_VenueZip":"","_VenuePhone":"","_VenueURL":"","_VenueStateProvince":"","_VenueLat":"","_VenueLng":"","_VenueShowMap":false,"_VenueShowMapLink":false,"footnotes":""},"categories":[108],"tags":[217,216,218],"class_list":["post-46","post","type-post","status-publish","format-standard","has-post-thumbnail","hentry","category-artigos-pessoais","tag-depressao","tag-doenca-do-seculo","tag-sinal-amarelo"],"yoast_head":"<!-- This site is optimized with the Yoast SEO Premium plugin v26.5 (Yoast SEO v27.5) - https:\/\/yoast.com\/product\/yoast-seo-premium-wordpress\/ -->\n<title>Doen\u00e7a do s\u00e9culo: Como ajudar uma pessoa com depress\u00e3o - AConnection Classificados<\/title>\n<meta name=\"description\" content=\"Devemos ter a ci\u00eancia da import\u00e2ncia de preven\u00e7\u00e3o ao suic\u00eddio durante todo o ano, que seja uma campanha fortificada em setembro, mas que durante o ano possa ter 12 meses amarelos.\" \/>\n<meta name=\"robots\" content=\"index, follow, max-snippet:-1, max-image-preview:large, max-video-preview:-1\" \/>\n<link rel=\"canonical\" href=\"https:\/\/aconnection.com.br\/classificados\/doenca-do-seculo-como-ajudar-uma-pessoa-com-depressao\/\" \/>\n<meta property=\"og:locale\" content=\"pt_BR\" \/>\n<meta property=\"og:type\" content=\"article\" \/>\n<meta property=\"og:title\" content=\"Doen\u00e7a do s\u00e9culo: Como ajudar uma pessoa com depress\u00e3o\" \/>\n<meta property=\"og:description\" content=\"Devemos ter a ci\u00eancia da import\u00e2ncia de preven\u00e7\u00e3o ao suic\u00eddio durante todo o ano, que seja uma campanha fortificada em setembro, mas que durante o ano possa ter 12 meses amarelos.\" \/>\n<meta property=\"og:url\" content=\"https:\/\/aconnection.com.br\/classificados\/doenca-do-seculo-como-ajudar-uma-pessoa-com-depressao\/\" \/>\n<meta property=\"og:site_name\" content=\"AConnection Classificados\" \/>\n<meta property=\"article:published_time\" content=\"2024-09-13T01:00:23+00:00\" \/>\n<meta property=\"article:modified_time\" content=\"2024-10-11T14:46:42+00:00\" \/>\n<meta property=\"og:image\" content=\"https:\/\/aconnection.com.br\/classificados\/wp-content\/uploads\/2020\/10\/sorriso-am.jpg\" \/>\n\t<meta property=\"og:image:width\" content=\"400\" \/>\n\t<meta property=\"og:image:height\" content=\"400\" \/>\n\t<meta property=\"og:image:type\" content=\"image\/jpeg\" \/>\n<meta name=\"author\" content=\"Soliv\u00e1 Guimar\u00e3es Pestana\" \/>\n<meta name=\"twitter:card\" content=\"summary_large_image\" \/>\n<meta name=\"twitter:creator\" content=\"@sticompanyy\" \/>\n<meta name=\"twitter:site\" content=\"@sticompanyy\" \/>\n<meta name=\"twitter:label1\" content=\"Escrito por\" \/>\n\t<meta name=\"twitter:data1\" content=\"Soliv\u00e1 Guimar\u00e3es Pestana\" \/>\n\t<meta name=\"twitter:label2\" content=\"Est. tempo de leitura\" \/>\n\t<meta name=\"twitter:data2\" content=\"9 minutos\" \/>\n<script type=\"application\/ld+json\" class=\"yoast-schema-graph\">{\"@context\":\"https:\\\/\\\/schema.org\",\"@graph\":[{\"@type\":\"Article\",\"@id\":\"https:\\\/\\\/aconnection.com.br\\\/classificados\\\/doenca-do-seculo-como-ajudar-uma-pessoa-com-depressao\\\/#article\",\"isPartOf\":{\"@id\":\"https:\\\/\\\/aconnection.com.br\\\/classificados\\\/doenca-do-seculo-como-ajudar-uma-pessoa-com-depressao\\\/\"},\"author\":{\"name\":\"Soliv\u00e1 Guimar\u00e3es Pestana\",\"@id\":\"https:\\\/\\\/aconnection.com.br\\\/classificados\\\/#\\\/schema\\\/person\\\/1876eca300517da830b7d9a036e3b01b\"},\"headline\":\"Doen\u00e7a do s\u00e9culo: Como ajudar uma pessoa com depress\u00e3o\",\"datePublished\":\"2024-09-13T01:00:23+00:00\",\"dateModified\":\"2024-10-11T14:46:42+00:00\",\"mainEntityOfPage\":{\"@id\":\"https:\\\/\\\/aconnection.com.br\\\/classificados\\\/doenca-do-seculo-como-ajudar-uma-pessoa-com-depressao\\\/\"},\"wordCount\":1554,\"commentCount\":0,\"publisher\":{\"@id\":\"https:\\\/\\\/aconnection.com.br\\\/classificados\\\/#organization\"},\"image\":{\"@id\":\"https:\\\/\\\/aconnection.com.br\\\/classificados\\\/doenca-do-seculo-como-ajudar-uma-pessoa-com-depressao\\\/#primaryimage\"},\"thumbnailUrl\":\"https:\\\/\\\/aconnection.com.br\\\/classificados\\\/wp-content\\\/uploads\\\/2020\\\/10\\\/sorriso-am.jpg\",\"keywords\":[\"depress\u00e3o\",\"doen\u00e7a do seculo\",\"sinal amarelo\"],\"articleSection\":[\"Artigos Pessoais &amp; Opini\u00f5es\"],\"inLanguage\":\"pt-BR\",\"potentialAction\":[{\"@type\":\"CommentAction\",\"name\":\"Comment\",\"target\":[\"https:\\\/\\\/aconnection.com.br\\\/classificados\\\/doenca-do-seculo-como-ajudar-uma-pessoa-com-depressao\\\/#respond\"]}]},{\"@type\":\"WebPage\",\"@id\":\"https:\\\/\\\/aconnection.com.br\\\/classificados\\\/doenca-do-seculo-como-ajudar-uma-pessoa-com-depressao\\\/\",\"url\":\"https:\\\/\\\/aconnection.com.br\\\/classificados\\\/doenca-do-seculo-como-ajudar-uma-pessoa-com-depressao\\\/\",\"name\":\"Doen\u00e7a do s\u00e9culo: Como ajudar uma pessoa com depress\u00e3o - AConnection Classificados\",\"isPartOf\":{\"@id\":\"https:\\\/\\\/aconnection.com.br\\\/classificados\\\/#website\"},\"primaryImageOfPage\":{\"@id\":\"https:\\\/\\\/aconnection.com.br\\\/classificados\\\/doenca-do-seculo-como-ajudar-uma-pessoa-com-depressao\\\/#primaryimage\"},\"image\":{\"@id\":\"https:\\\/\\\/aconnection.com.br\\\/classificados\\\/doenca-do-seculo-como-ajudar-uma-pessoa-com-depressao\\\/#primaryimage\"},\"thumbnailUrl\":\"https:\\\/\\\/aconnection.com.br\\\/classificados\\\/wp-content\\\/uploads\\\/2020\\\/10\\\/sorriso-am.jpg\",\"datePublished\":\"2024-09-13T01:00:23+00:00\",\"dateModified\":\"2024-10-11T14:46:42+00:00\",\"description\":\"Devemos ter a ci\u00eancia da import\u00e2ncia de preven\u00e7\u00e3o ao suic\u00eddio durante todo o ano, que seja uma campanha fortificada em setembro, mas que durante o ano possa ter 12 meses amarelos.\",\"breadcrumb\":{\"@id\":\"https:\\\/\\\/aconnection.com.br\\\/classificados\\\/doenca-do-seculo-como-ajudar-uma-pessoa-com-depressao\\\/#breadcrumb\"},\"inLanguage\":\"pt-BR\",\"potentialAction\":[{\"@type\":\"ReadAction\",\"target\":[\"https:\\\/\\\/aconnection.com.br\\\/classificados\\\/doenca-do-seculo-como-ajudar-uma-pessoa-com-depressao\\\/\"]}]},{\"@type\":\"ImageObject\",\"inLanguage\":\"pt-BR\",\"@id\":\"https:\\\/\\\/aconnection.com.br\\\/classificados\\\/doenca-do-seculo-como-ajudar-uma-pessoa-com-depressao\\\/#primaryimage\",\"url\":\"https:\\\/\\\/aconnection.com.br\\\/classificados\\\/wp-content\\\/uploads\\\/2020\\\/10\\\/sorriso-am.jpg\",\"contentUrl\":\"https:\\\/\\\/aconnection.com.br\\\/classificados\\\/wp-content\\\/uploads\\\/2020\\\/10\\\/sorriso-am.jpg\",\"width\":400,\"height\":400},{\"@type\":\"BreadcrumbList\",\"@id\":\"https:\\\/\\\/aconnection.com.br\\\/classificados\\\/doenca-do-seculo-como-ajudar-uma-pessoa-com-depressao\\\/#breadcrumb\",\"itemListElement\":[{\"@type\":\"ListItem\",\"position\":1,\"name\":\"In\u00edcio\",\"item\":\"https:\\\/\\\/aconnection.com.br\\\/classificados\\\/\"},{\"@type\":\"ListItem\",\"position\":2,\"name\":\"Doen\u00e7a do s\u00e9culo: Como ajudar uma pessoa com depress\u00e3o\"}]},{\"@type\":\"WebSite\",\"@id\":\"https:\\\/\\\/aconnection.com.br\\\/classificados\\\/#website\",\"url\":\"https:\\\/\\\/aconnection.com.br\\\/classificados\\\/\",\"name\":\"AConnection Classificados\",\"description\":\"Conectando Clientes, Impulsinando o Seu Neg\u00f3cio\",\"publisher\":{\"@id\":\"https:\\\/\\\/aconnection.com.br\\\/classificados\\\/#organization\"},\"potentialAction\":[{\"@type\":\"SearchAction\",\"target\":{\"@type\":\"EntryPoint\",\"urlTemplate\":\"https:\\\/\\\/aconnection.com.br\\\/classificados\\\/?s={search_term_string}\"},\"query-input\":{\"@type\":\"PropertyValueSpecification\",\"valueRequired\":true,\"valueName\":\"search_term_string\"}}],\"inLanguage\":\"pt-BR\"},{\"@type\":\"Organization\",\"@id\":\"https:\\\/\\\/aconnection.com.br\\\/classificados\\\/#organization\",\"name\":\"AConnection Classificados\",\"url\":\"https:\\\/\\\/aconnection.com.br\\\/classificados\\\/\",\"logo\":{\"@type\":\"ImageObject\",\"inLanguage\":\"pt-BR\",\"@id\":\"https:\\\/\\\/aconnection.com.br\\\/classificados\\\/#\\\/schema\\\/logo\\\/image\\\/\",\"url\":\"https:\\\/\\\/aconnection.com.br\\\/classificados\\\/wp-content\\\/uploads\\\/2021\\\/08\\\/Logomarca-AConnection-05.png\",\"contentUrl\":\"https:\\\/\\\/aconnection.com.br\\\/classificados\\\/wp-content\\\/uploads\\\/2021\\\/08\\\/Logomarca-AConnection-05.png\",\"width\":3098,\"height\":2860,\"caption\":\"AConnection Classificados\"},\"image\":{\"@id\":\"https:\\\/\\\/aconnection.com.br\\\/classificados\\\/#\\\/schema\\\/logo\\\/image\\\/\"},\"sameAs\":[\"https:\\\/\\\/x.com\\\/sticompanyy\",\"https:\\\/\\\/www.instagram.com\\\/sti.company\"]},{\"@type\":\"Person\",\"@id\":\"https:\\\/\\\/aconnection.com.br\\\/classificados\\\/#\\\/schema\\\/person\\\/1876eca300517da830b7d9a036e3b01b\",\"name\":\"Soliv\u00e1 Guimar\u00e3es Pestana\",\"image\":{\"@type\":\"ImageObject\",\"inLanguage\":\"pt-BR\",\"@id\":\"https:\\\/\\\/secure.gravatar.com\\\/avatar\\\/e2da6b8bf6db91c613d93bddb7f16b9d1af2610e2d70973ede034c8dcdacd4ab?s=96&d=mm&r=g\",\"url\":\"https:\\\/\\\/secure.gravatar.com\\\/avatar\\\/e2da6b8bf6db91c613d93bddb7f16b9d1af2610e2d70973ede034c8dcdacd4ab?s=96&d=mm&r=g\",\"contentUrl\":\"https:\\\/\\\/secure.gravatar.com\\\/avatar\\\/e2da6b8bf6db91c613d93bddb7f16b9d1af2610e2d70973ede034c8dcdacd4ab?s=96&d=mm&r=g\",\"caption\":\"Soliv\u00e1 Guimar\u00e3es Pestana\"},\"description\":\"Natural de Itanh\u00e9m, Bahia. Casado, pai de um filho. Tecn\u00f3logo em an\u00e1lise e Desenvolvimento de Sistemas, Bacharel em Administra\u00e7\u00e3o P\u00fablica. Na Contabilidade Pires atua como Auxiliar de contabilidade(RH). Nos hor\u00e1rios extras atua como profissional de inform\u00e1tica e suas tecnologias. Apaixonado por tecnologia, finan\u00e7as e futebol, torcedor do Fluminense-RJ, Cat\u00f3lico Apost\u00f3lico Romano. Propriet\u00e1rio dos sites www.sticompany.com.br e www.aconnection.com.br.\",\"sameAs\":[\"http:\\\/\\\/www.sticompany.com.br\"],\"url\":\"https:\\\/\\\/aconnection.com.br\\\/classificados\\\/author\\\/solivagp\\\/\"}]}<\/script>\n<!-- \/ Yoast SEO Premium plugin. -->","yoast_head_json":{"title":"Doen\u00e7a do s\u00e9culo: Como ajudar uma pessoa com depress\u00e3o - AConnection Classificados","description":"Devemos ter a ci\u00eancia da import\u00e2ncia de preven\u00e7\u00e3o ao suic\u00eddio durante todo o ano, que seja uma campanha fortificada em setembro, mas que durante o ano possa ter 12 meses amarelos.","robots":{"index":"index","follow":"follow","max-snippet":"max-snippet:-1","max-image-preview":"max-image-preview:large","max-video-preview":"max-video-preview:-1"},"canonical":"https:\/\/aconnection.com.br\/classificados\/doenca-do-seculo-como-ajudar-uma-pessoa-com-depressao\/","og_locale":"pt_BR","og_type":"article","og_title":"Doen\u00e7a do s\u00e9culo: Como ajudar uma pessoa com depress\u00e3o","og_description":"Devemos ter a ci\u00eancia da import\u00e2ncia de preven\u00e7\u00e3o ao suic\u00eddio durante todo o ano, que seja uma campanha fortificada em setembro, mas que durante o ano possa ter 12 meses amarelos.","og_url":"https:\/\/aconnection.com.br\/classificados\/doenca-do-seculo-como-ajudar-uma-pessoa-com-depressao\/","og_site_name":"AConnection Classificados","article_published_time":"2024-09-13T01:00:23+00:00","article_modified_time":"2024-10-11T14:46:42+00:00","og_image":[{"width":400,"height":400,"url":"https:\/\/aconnection.com.br\/classificados\/wp-content\/uploads\/2020\/10\/sorriso-am.jpg","type":"image\/jpeg"}],"author":"Soliv\u00e1 Guimar\u00e3es Pestana","twitter_card":"summary_large_image","twitter_creator":"@sticompanyy","twitter_site":"@sticompanyy","twitter_misc":{"Escrito por":"Soliv\u00e1 Guimar\u00e3es Pestana","Est. tempo de leitura":"9 minutos"},"schema":{"@context":"https:\/\/schema.org","@graph":[{"@type":"Article","@id":"https:\/\/aconnection.com.br\/classificados\/doenca-do-seculo-como-ajudar-uma-pessoa-com-depressao\/#article","isPartOf":{"@id":"https:\/\/aconnection.com.br\/classificados\/doenca-do-seculo-como-ajudar-uma-pessoa-com-depressao\/"},"author":{"name":"Soliv\u00e1 Guimar\u00e3es Pestana","@id":"https:\/\/aconnection.com.br\/classificados\/#\/schema\/person\/1876eca300517da830b7d9a036e3b01b"},"headline":"Doen\u00e7a do s\u00e9culo: Como ajudar uma pessoa com depress\u00e3o","datePublished":"2024-09-13T01:00:23+00:00","dateModified":"2024-10-11T14:46:42+00:00","mainEntityOfPage":{"@id":"https:\/\/aconnection.com.br\/classificados\/doenca-do-seculo-como-ajudar-uma-pessoa-com-depressao\/"},"wordCount":1554,"commentCount":0,"publisher":{"@id":"https:\/\/aconnection.com.br\/classificados\/#organization"},"image":{"@id":"https:\/\/aconnection.com.br\/classificados\/doenca-do-seculo-como-ajudar-uma-pessoa-com-depressao\/#primaryimage"},"thumbnailUrl":"https:\/\/aconnection.com.br\/classificados\/wp-content\/uploads\/2020\/10\/sorriso-am.jpg","keywords":["depress\u00e3o","doen\u00e7a do seculo","sinal amarelo"],"articleSection":["Artigos Pessoais &amp; Opini\u00f5es"],"inLanguage":"pt-BR","potentialAction":[{"@type":"CommentAction","name":"Comment","target":["https:\/\/aconnection.com.br\/classificados\/doenca-do-seculo-como-ajudar-uma-pessoa-com-depressao\/#respond"]}]},{"@type":"WebPage","@id":"https:\/\/aconnection.com.br\/classificados\/doenca-do-seculo-como-ajudar-uma-pessoa-com-depressao\/","url":"https:\/\/aconnection.com.br\/classificados\/doenca-do-seculo-como-ajudar-uma-pessoa-com-depressao\/","name":"Doen\u00e7a do s\u00e9culo: Como ajudar uma pessoa com depress\u00e3o - AConnection Classificados","isPartOf":{"@id":"https:\/\/aconnection.com.br\/classificados\/#website"},"primaryImageOfPage":{"@id":"https:\/\/aconnection.com.br\/classificados\/doenca-do-seculo-como-ajudar-uma-pessoa-com-depressao\/#primaryimage"},"image":{"@id":"https:\/\/aconnection.com.br\/classificados\/doenca-do-seculo-como-ajudar-uma-pessoa-com-depressao\/#primaryimage"},"thumbnailUrl":"https:\/\/aconnection.com.br\/classificados\/wp-content\/uploads\/2020\/10\/sorriso-am.jpg","datePublished":"2024-09-13T01:00:23+00:00","dateModified":"2024-10-11T14:46:42+00:00","description":"Devemos ter a ci\u00eancia da import\u00e2ncia de preven\u00e7\u00e3o ao suic\u00eddio durante todo o ano, que seja uma campanha fortificada em setembro, mas que durante o ano possa ter 12 meses amarelos.","breadcrumb":{"@id":"https:\/\/aconnection.com.br\/classificados\/doenca-do-seculo-como-ajudar-uma-pessoa-com-depressao\/#breadcrumb"},"inLanguage":"pt-BR","potentialAction":[{"@type":"ReadAction","target":["https:\/\/aconnection.com.br\/classificados\/doenca-do-seculo-como-ajudar-uma-pessoa-com-depressao\/"]}]},{"@type":"ImageObject","inLanguage":"pt-BR","@id":"https:\/\/aconnection.com.br\/classificados\/doenca-do-seculo-como-ajudar-uma-pessoa-com-depressao\/#primaryimage","url":"https:\/\/aconnection.com.br\/classificados\/wp-content\/uploads\/2020\/10\/sorriso-am.jpg","contentUrl":"https:\/\/aconnection.com.br\/classificados\/wp-content\/uploads\/2020\/10\/sorriso-am.jpg","width":400,"height":400},{"@type":"BreadcrumbList","@id":"https:\/\/aconnection.com.br\/classificados\/doenca-do-seculo-como-ajudar-uma-pessoa-com-depressao\/#breadcrumb","itemListElement":[{"@type":"ListItem","position":1,"name":"In\u00edcio","item":"https:\/\/aconnection.com.br\/classificados\/"},{"@type":"ListItem","position":2,"name":"Doen\u00e7a do s\u00e9culo: Como ajudar uma pessoa com depress\u00e3o"}]},{"@type":"WebSite","@id":"https:\/\/aconnection.com.br\/classificados\/#website","url":"https:\/\/aconnection.com.br\/classificados\/","name":"AConnection Classificados","description":"Conectando Clientes, Impulsinando o Seu Neg\u00f3cio","publisher":{"@id":"https:\/\/aconnection.com.br\/classificados\/#organization"},"potentialAction":[{"@type":"SearchAction","target":{"@type":"EntryPoint","urlTemplate":"https:\/\/aconnection.com.br\/classificados\/?s={search_term_string}"},"query-input":{"@type":"PropertyValueSpecification","valueRequired":true,"valueName":"search_term_string"}}],"inLanguage":"pt-BR"},{"@type":"Organization","@id":"https:\/\/aconnection.com.br\/classificados\/#organization","name":"AConnection Classificados","url":"https:\/\/aconnection.com.br\/classificados\/","logo":{"@type":"ImageObject","inLanguage":"pt-BR","@id":"https:\/\/aconnection.com.br\/classificados\/#\/schema\/logo\/image\/","url":"https:\/\/aconnection.com.br\/classificados\/wp-content\/uploads\/2021\/08\/Logomarca-AConnection-05.png","contentUrl":"https:\/\/aconnection.com.br\/classificados\/wp-content\/uploads\/2021\/08\/Logomarca-AConnection-05.png","width":3098,"height":2860,"caption":"AConnection Classificados"},"image":{"@id":"https:\/\/aconnection.com.br\/classificados\/#\/schema\/logo\/image\/"},"sameAs":["https:\/\/x.com\/sticompanyy","https:\/\/www.instagram.com\/sti.company"]},{"@type":"Person","@id":"https:\/\/aconnection.com.br\/classificados\/#\/schema\/person\/1876eca300517da830b7d9a036e3b01b","name":"Soliv\u00e1 Guimar\u00e3es Pestana","image":{"@type":"ImageObject","inLanguage":"pt-BR","@id":"https:\/\/secure.gravatar.com\/avatar\/e2da6b8bf6db91c613d93bddb7f16b9d1af2610e2d70973ede034c8dcdacd4ab?s=96&d=mm&r=g","url":"https:\/\/secure.gravatar.com\/avatar\/e2da6b8bf6db91c613d93bddb7f16b9d1af2610e2d70973ede034c8dcdacd4ab?s=96&d=mm&r=g","contentUrl":"https:\/\/secure.gravatar.com\/avatar\/e2da6b8bf6db91c613d93bddb7f16b9d1af2610e2d70973ede034c8dcdacd4ab?s=96&d=mm&r=g","caption":"Soliv\u00e1 Guimar\u00e3es Pestana"},"description":"Natural de Itanh\u00e9m, Bahia. Casado, pai de um filho. Tecn\u00f3logo em an\u00e1lise e Desenvolvimento de Sistemas, Bacharel em Administra\u00e7\u00e3o P\u00fablica. Na Contabilidade Pires atua como Auxiliar de contabilidade(RH). Nos hor\u00e1rios extras atua como profissional de inform\u00e1tica e suas tecnologias. Apaixonado por tecnologia, finan\u00e7as e futebol, torcedor do Fluminense-RJ, Cat\u00f3lico Apost\u00f3lico Romano. Propriet\u00e1rio dos sites www.sticompany.com.br e www.aconnection.com.br.","sameAs":["http:\/\/www.sticompany.com.br"],"url":"https:\/\/aconnection.com.br\/classificados\/author\/solivagp\/"}]}},"_links":{"self":[{"href":"https:\/\/aconnection.com.br\/classificados\/wp-json\/wp\/v2\/posts\/46","targetHints":{"allow":["GET"]}}],"collection":[{"href":"https:\/\/aconnection.com.br\/classificados\/wp-json\/wp\/v2\/posts"}],"about":[{"href":"https:\/\/aconnection.com.br\/classificados\/wp-json\/wp\/v2\/types\/post"}],"author":[{"embeddable":true,"href":"https:\/\/aconnection.com.br\/classificados\/wp-json\/wp\/v2\/users\/2"}],"replies":[{"embeddable":true,"href":"https:\/\/aconnection.com.br\/classificados\/wp-json\/wp\/v2\/comments?post=46"}],"version-history":[{"count":7,"href":"https:\/\/aconnection.com.br\/classificados\/wp-json\/wp\/v2\/posts\/46\/revisions"}],"predecessor-version":[{"id":4565,"href":"https:\/\/aconnection.com.br\/classificados\/wp-json\/wp\/v2\/posts\/46\/revisions\/4565"}],"wp:featuredmedia":[{"embeddable":true,"href":"https:\/\/aconnection.com.br\/classificados\/wp-json\/wp\/v2\/media\/3381"}],"wp:attachment":[{"href":"https:\/\/aconnection.com.br\/classificados\/wp-json\/wp\/v2\/media?parent=46"}],"wp:term":[{"taxonomy":"category","embeddable":true,"href":"https:\/\/aconnection.com.br\/classificados\/wp-json\/wp\/v2\/categories?post=46"},{"taxonomy":"post_tag","embeddable":true,"href":"https:\/\/aconnection.com.br\/classificados\/wp-json\/wp\/v2\/tags?post=46"}],"curies":[{"name":"wp","href":"https:\/\/api.w.org\/{rel}","templated":true}]}}