{"id":4602,"date":"2024-11-21T18:00:49","date_gmt":"2024-11-21T21:00:49","guid":{"rendered":"https:\/\/aconnection.com.br\/classificados\/?p=4602"},"modified":"2026-02-26T10:57:11","modified_gmt":"2026-02-26T13:57:11","slug":"venha-ai-de-5-a-7-de-dezembro-a-5a-edicao-da-arte-na-praca","status":"publish","type":"post","link":"https:\/\/aconnection.com.br\/classificados\/venha-ai-de-5-a-7-de-dezembro-a-5a-edicao-da-arte-na-praca\/","title":{"rendered":"Venha a\u00ed! De 5 a 7 de dezembro a 5\u00aa edi\u00e7\u00e3o da Arte na Pra\u00e7a"},"content":{"rendered":"\n<p>A Prefeitura de Itanh\u00e9m ir\u00e1 realizar a 5\u00aa edi\u00e7\u00e3o do &#8220;Arte da Pra\u00e7a&#8221;, o evento j\u00e1 foi realizado nos distritos de Ibiraj\u00e1 e Batinga. As festividades no distrito de Ibiraj\u00e1 aconteceu nos dias 31 de outubro e 1\u00ba de novembro, enquanto em Batinga foi realizada nas datas 15 e 16 de novembro. J\u00e1 na sede, os eventos ocorrer\u00e3o nos dias 5 e 7 de dezembro.<\/p>\n\n\n\n<p>Em breve, ser\u00e1 divulgada a programa\u00e7\u00e3o completa do evento, incluindo as atra\u00e7\u00f5es musicais e informa\u00e7\u00f5es sobre o local. O &#8220;Arte da Pra\u00e7a&#8221; tem sido um grande sucesso nas edi\u00e7\u00f5es anteriores, promovendo a cultura local e gerando oportunidades financeiras para os expositores, que recebem seus estandes doados pela prefeitura. Essa iniciativa tamb\u00e9m contribui para o fortalecimento da economia local. Fiquem atentos para mais detalhes!<\/p>\n\n\n\n<figure class=\"wp-block-image size-full\"><img fetchpriority=\"high\" decoding=\"async\" width=\"555\" height=\"458\" src=\"https:\/\/aconnection.com.br\/classificados\/wp-content\/uploads\/2024\/10\/image.png\" alt=\"\" class=\"wp-image-4603\"\/><\/figure>\n","protected":false},"excerpt":{"rendered":"<p>A Prefeitura de Itanh\u00e9m ir\u00e1 realizar a 5\u00aa edi\u00e7\u00e3o do &#8220;Arte da Pra\u00e7a&#8221;, o evento j\u00e1 foi realizado nos distritos de Ibiraj\u00e1 e Batinga. As festividades no distrito de Ibiraj\u00e1 [&hellip;]<\/p>\n","protected":false},"author":2,"featured_media":4603,"comment_status":"open","ping_status":"open","sticky":false,"template":"","format":"standard","meta":{"om_disable_all_campaigns":false,"_monsterinsights_skip_tracking":false,"_monsterinsights_sitenote_active":false,"_monsterinsights_sitenote_note":"","_monsterinsights_sitenote_category":0,"_uf_show_specific_survey":0,"_uf_disable_surveys":false,"_price":"","_stock":"","_tribe_ticket_header":"","_tribe_default_ticket_provider":"","_tribe_ticket_capacity":"0","_ticket_start_date":"","_ticket_end_date":"","_tribe_ticket_show_description":"","_tribe_ticket_show_not_going":false,"_tribe_ticket_use_global_stock":"","_tribe_ticket_global_stock_level":"","_global_stock_mode":"","_global_stock_cap":"","_tribe_rsvp_for_event":"","_tribe_ticket_going_count":"","_tribe_ticket_not_going_count":"","_tribe_tickets_list":"[]","_tribe_ticket_has_attendee_info_fields":false,"_EventAllDay":false,"_EventTimezone":"","_EventStartDate":"","_EventEndDate":"","_EventStartDateUTC":"","_EventEndDateUTC":"","_EventShowMap":false,"_EventShowMapLink":false,"_EventURL":"","_EventCost":"","_EventCostDescription":"","_EventCurrencySymbol":"","_EventCurrencyCode":"","_EventCurrencyPosition":"","_EventDateTimeSeparator":"","_EventTimeRangeSeparator":"","_EventOrganizerID":[],"_EventVenueID":[],"_OrganizerEmail":"","_OrganizerPhone":"","_OrganizerWebsite":"","_VenueAddress":"","_VenueCity":"","_VenueCountry":"","_VenueProvince":"","_VenueState":"","_VenueZip":"","_VenuePhone":"","_VenueURL":"","_VenueStateProvince":"","_VenueLat":"","_VenueLng":"","_VenueShowMap":false,"_VenueShowMapLink":false,"footnotes":""},"categories":[569],"tags":[],"class_list":["post-4602","post","type-post","status-publish","format-standard","has-post-thumbnail","hentry","category-comunidade"],"yoast_head":"<!-- This site is optimized with the Yoast SEO Premium plugin v26.5 (Yoast SEO v27.5) - https:\/\/yoast.com\/product\/yoast-seo-premium-wordpress\/ -->\n<title>Venha a\u00ed! De 5 a 7 de dezembro a 5\u00aa edi\u00e7\u00e3o da Arte na Pra\u00e7a - AConnection Classificados<\/title>\n<meta name=\"description\" content=\"A Prefeitura de Itanh\u00e9m ir\u00e1 realizar a 5\u00aa edi\u00e7\u00e3o do &quot;Arte da Pra\u00e7a&quot;, o evento j\u00e1 foi realizado nos distritos de Ibiraj\u00e1 e Batinga. As festividades no distrito de Ibiraj\u00e1 aconteceu nos dias 31 de outubro e 1\u00ba de novembro, enquanto em Batinga foi realizada nas datas 15 e 16 de novembro. J\u00e1 na sede, os eventos ocorrer\u00e3o nos dias 5 e 7 de dezembro.\" \/>\n<meta name=\"robots\" content=\"index, follow, max-snippet:-1, max-image-preview:large, max-video-preview:-1\" \/>\n<link rel=\"canonical\" href=\"https:\/\/aconnection.com.br\/classificados\/venha-ai-de-5-a-7-de-dezembro-a-5a-edicao-da-arte-na-praca\/\" \/>\n<meta property=\"og:locale\" content=\"pt_BR\" \/>\n<meta property=\"og:type\" content=\"article\" \/>\n<meta property=\"og:title\" content=\"Venha a\u00ed! De 5 a 7 de dezembro a 5\u00aa edi\u00e7\u00e3o da Arte na Pra\u00e7a\" \/>\n<meta property=\"og:description\" content=\"A Prefeitura de Itanh\u00e9m ir\u00e1 realizar a 5\u00aa edi\u00e7\u00e3o do &quot;Arte da Pra\u00e7a&quot;, o evento j\u00e1 foi realizado nos distritos de Ibiraj\u00e1 e Batinga. As festividades no distrito de Ibiraj\u00e1 aconteceu nos dias 31 de outubro e 1\u00ba de novembro, enquanto em Batinga foi realizada nas datas 15 e 16 de novembro. J\u00e1 na sede, os eventos ocorrer\u00e3o nos dias 5 e 7 de dezembro.\" \/>\n<meta property=\"og:url\" content=\"https:\/\/aconnection.com.br\/classificados\/venha-ai-de-5-a-7-de-dezembro-a-5a-edicao-da-arte-na-praca\/\" \/>\n<meta property=\"og:site_name\" content=\"AConnection Classificados\" \/>\n<meta property=\"article:published_time\" content=\"2024-11-21T21:00:49+00:00\" \/>\n<meta property=\"article:modified_time\" content=\"2026-02-26T13:57:11+00:00\" \/>\n<meta property=\"og:image\" content=\"https:\/\/aconnection.com.br\/classificados\/wp-content\/uploads\/2024\/10\/image.png\" \/>\n\t<meta property=\"og:image:width\" content=\"555\" \/>\n\t<meta property=\"og:image:height\" content=\"458\" \/>\n\t<meta property=\"og:image:type\" content=\"image\/png\" \/>\n<meta name=\"author\" content=\"Soliv\u00e1 Guimar\u00e3es Pestana\" \/>\n<meta name=\"twitter:card\" content=\"summary_large_image\" \/>\n<meta name=\"twitter:creator\" content=\"@sticompanyy\" \/>\n<meta name=\"twitter:site\" content=\"@sticompanyy\" \/>\n<meta name=\"twitter:label1\" content=\"Escrito por\" \/>\n\t<meta name=\"twitter:data1\" content=\"Soliv\u00e1 Guimar\u00e3es Pestana\" \/>\n\t<meta name=\"twitter:label2\" content=\"Est. tempo de leitura\" \/>\n\t<meta name=\"twitter:data2\" content=\"2 minutos\" \/>\n<script type=\"application\/ld+json\" class=\"yoast-schema-graph\">{\"@context\":\"https:\\\/\\\/schema.org\",\"@graph\":[{\"@type\":\"Article\",\"@id\":\"https:\\\/\\\/aconnection.com.br\\\/classificados\\\/venha-ai-de-5-a-7-de-dezembro-a-5a-edicao-da-arte-na-praca\\\/#article\",\"isPartOf\":{\"@id\":\"https:\\\/\\\/aconnection.com.br\\\/classificados\\\/venha-ai-de-5-a-7-de-dezembro-a-5a-edicao-da-arte-na-praca\\\/\"},\"author\":{\"name\":\"Soliv\u00e1 Guimar\u00e3es Pestana\",\"@id\":\"https:\\\/\\\/aconnection.com.br\\\/classificados\\\/#\\\/schema\\\/person\\\/1876eca300517da830b7d9a036e3b01b\"},\"headline\":\"Venha a\u00ed! De 5 a 7 de dezembro a 5\u00aa edi\u00e7\u00e3o da Arte na Pra\u00e7a\",\"datePublished\":\"2024-11-21T21:00:49+00:00\",\"dateModified\":\"2026-02-26T13:57:11+00:00\",\"mainEntityOfPage\":{\"@id\":\"https:\\\/\\\/aconnection.com.br\\\/classificados\\\/venha-ai-de-5-a-7-de-dezembro-a-5a-edicao-da-arte-na-praca\\\/\"},\"wordCount\":145,\"commentCount\":0,\"publisher\":{\"@id\":\"https:\\\/\\\/aconnection.com.br\\\/classificados\\\/#organization\"},\"image\":{\"@id\":\"https:\\\/\\\/aconnection.com.br\\\/classificados\\\/venha-ai-de-5-a-7-de-dezembro-a-5a-edicao-da-arte-na-praca\\\/#primaryimage\"},\"thumbnailUrl\":\"https:\\\/\\\/aconnection.com.br\\\/classificados\\\/wp-content\\\/uploads\\\/2024\\\/10\\\/image.png\",\"articleSection\":[\"Comunidade\"],\"inLanguage\":\"pt-BR\",\"potentialAction\":[{\"@type\":\"CommentAction\",\"name\":\"Comment\",\"target\":[\"https:\\\/\\\/aconnection.com.br\\\/classificados\\\/venha-ai-de-5-a-7-de-dezembro-a-5a-edicao-da-arte-na-praca\\\/#respond\"]}]},{\"@type\":\"WebPage\",\"@id\":\"https:\\\/\\\/aconnection.com.br\\\/classificados\\\/venha-ai-de-5-a-7-de-dezembro-a-5a-edicao-da-arte-na-praca\\\/\",\"url\":\"https:\\\/\\\/aconnection.com.br\\\/classificados\\\/venha-ai-de-5-a-7-de-dezembro-a-5a-edicao-da-arte-na-praca\\\/\",\"name\":\"Venha a\u00ed! De 5 a 7 de dezembro a 5\u00aa edi\u00e7\u00e3o da Arte na Pra\u00e7a - AConnection Classificados\",\"isPartOf\":{\"@id\":\"https:\\\/\\\/aconnection.com.br\\\/classificados\\\/#website\"},\"primaryImageOfPage\":{\"@id\":\"https:\\\/\\\/aconnection.com.br\\\/classificados\\\/venha-ai-de-5-a-7-de-dezembro-a-5a-edicao-da-arte-na-praca\\\/#primaryimage\"},\"image\":{\"@id\":\"https:\\\/\\\/aconnection.com.br\\\/classificados\\\/venha-ai-de-5-a-7-de-dezembro-a-5a-edicao-da-arte-na-praca\\\/#primaryimage\"},\"thumbnailUrl\":\"https:\\\/\\\/aconnection.com.br\\\/classificados\\\/wp-content\\\/uploads\\\/2024\\\/10\\\/image.png\",\"datePublished\":\"2024-11-21T21:00:49+00:00\",\"dateModified\":\"2026-02-26T13:57:11+00:00\",\"description\":\"A Prefeitura de Itanh\u00e9m ir\u00e1 realizar a 5\u00aa edi\u00e7\u00e3o do \\\"Arte da Pra\u00e7a\\\", o evento j\u00e1 foi realizado nos distritos de Ibiraj\u00e1 e Batinga. As festividades no distrito de Ibiraj\u00e1 aconteceu nos dias 31 de outubro e 1\u00ba de novembro, enquanto em Batinga foi realizada nas datas 15 e 16 de novembro. J\u00e1 na sede, os eventos ocorrer\u00e3o nos dias 5 e 7 de dezembro.\",\"breadcrumb\":{\"@id\":\"https:\\\/\\\/aconnection.com.br\\\/classificados\\\/venha-ai-de-5-a-7-de-dezembro-a-5a-edicao-da-arte-na-praca\\\/#breadcrumb\"},\"inLanguage\":\"pt-BR\",\"potentialAction\":[{\"@type\":\"ReadAction\",\"target\":[\"https:\\\/\\\/aconnection.com.br\\\/classificados\\\/venha-ai-de-5-a-7-de-dezembro-a-5a-edicao-da-arte-na-praca\\\/\"]}]},{\"@type\":\"ImageObject\",\"inLanguage\":\"pt-BR\",\"@id\":\"https:\\\/\\\/aconnection.com.br\\\/classificados\\\/venha-ai-de-5-a-7-de-dezembro-a-5a-edicao-da-arte-na-praca\\\/#primaryimage\",\"url\":\"https:\\\/\\\/aconnection.com.br\\\/classificados\\\/wp-content\\\/uploads\\\/2024\\\/10\\\/image.png\",\"contentUrl\":\"https:\\\/\\\/aconnection.com.br\\\/classificados\\\/wp-content\\\/uploads\\\/2024\\\/10\\\/image.png\",\"width\":555,\"height\":458},{\"@type\":\"BreadcrumbList\",\"@id\":\"https:\\\/\\\/aconnection.com.br\\\/classificados\\\/venha-ai-de-5-a-7-de-dezembro-a-5a-edicao-da-arte-na-praca\\\/#breadcrumb\",\"itemListElement\":[{\"@type\":\"ListItem\",\"position\":1,\"name\":\"In\u00edcio\",\"item\":\"https:\\\/\\\/aconnection.com.br\\\/classificados\\\/\"},{\"@type\":\"ListItem\",\"position\":2,\"name\":\"Venha a\u00ed! De 5 a 7 de dezembro a 5\u00aa edi\u00e7\u00e3o da Arte na Pra\u00e7a\"}]},{\"@type\":\"WebSite\",\"@id\":\"https:\\\/\\\/aconnection.com.br\\\/classificados\\\/#website\",\"url\":\"https:\\\/\\\/aconnection.com.br\\\/classificados\\\/\",\"name\":\"AConnection Classificados\",\"description\":\"Conectando Clientes, Impulsinando o Seu Neg\u00f3cio\",\"publisher\":{\"@id\":\"https:\\\/\\\/aconnection.com.br\\\/classificados\\\/#organization\"},\"potentialAction\":[{\"@type\":\"SearchAction\",\"target\":{\"@type\":\"EntryPoint\",\"urlTemplate\":\"https:\\\/\\\/aconnection.com.br\\\/classificados\\\/?s={search_term_string}\"},\"query-input\":{\"@type\":\"PropertyValueSpecification\",\"valueRequired\":true,\"valueName\":\"search_term_string\"}}],\"inLanguage\":\"pt-BR\"},{\"@type\":\"Organization\",\"@id\":\"https:\\\/\\\/aconnection.com.br\\\/classificados\\\/#organization\",\"name\":\"AConnection Classificados\",\"url\":\"https:\\\/\\\/aconnection.com.br\\\/classificados\\\/\",\"logo\":{\"@type\":\"ImageObject\",\"inLanguage\":\"pt-BR\",\"@id\":\"https:\\\/\\\/aconnection.com.br\\\/classificados\\\/#\\\/schema\\\/logo\\\/image\\\/\",\"url\":\"https:\\\/\\\/aconnection.com.br\\\/classificados\\\/wp-content\\\/uploads\\\/2021\\\/08\\\/Logomarca-AConnection-05.png\",\"contentUrl\":\"https:\\\/\\\/aconnection.com.br\\\/classificados\\\/wp-content\\\/uploads\\\/2021\\\/08\\\/Logomarca-AConnection-05.png\",\"width\":3098,\"height\":2860,\"caption\":\"AConnection Classificados\"},\"image\":{\"@id\":\"https:\\\/\\\/aconnection.com.br\\\/classificados\\\/#\\\/schema\\\/logo\\\/image\\\/\"},\"sameAs\":[\"https:\\\/\\\/x.com\\\/sticompanyy\",\"https:\\\/\\\/www.instagram.com\\\/sti.company\"]},{\"@type\":\"Person\",\"@id\":\"https:\\\/\\\/aconnection.com.br\\\/classificados\\\/#\\\/schema\\\/person\\\/1876eca300517da830b7d9a036e3b01b\",\"name\":\"Soliv\u00e1 Guimar\u00e3es Pestana\",\"image\":{\"@type\":\"ImageObject\",\"inLanguage\":\"pt-BR\",\"@id\":\"https:\\\/\\\/secure.gravatar.com\\\/avatar\\\/e2da6b8bf6db91c613d93bddb7f16b9d1af2610e2d70973ede034c8dcdacd4ab?s=96&d=mm&r=g\",\"url\":\"https:\\\/\\\/secure.gravatar.com\\\/avatar\\\/e2da6b8bf6db91c613d93bddb7f16b9d1af2610e2d70973ede034c8dcdacd4ab?s=96&d=mm&r=g\",\"contentUrl\":\"https:\\\/\\\/secure.gravatar.com\\\/avatar\\\/e2da6b8bf6db91c613d93bddb7f16b9d1af2610e2d70973ede034c8dcdacd4ab?s=96&d=mm&r=g\",\"caption\":\"Soliv\u00e1 Guimar\u00e3es Pestana\"},\"description\":\"Natural de Itanh\u00e9m, Bahia. Casado, pai de um filho. Tecn\u00f3logo em an\u00e1lise e Desenvolvimento de Sistemas, Bacharel em Administra\u00e7\u00e3o P\u00fablica. Na Contabilidade Pires atua como Auxiliar de contabilidade(RH). Nos hor\u00e1rios extras atua como profissional de inform\u00e1tica e suas tecnologias. Apaixonado por tecnologia, finan\u00e7as e futebol, torcedor do Fluminense-RJ, Cat\u00f3lico Apost\u00f3lico Romano. Propriet\u00e1rio dos sites www.sticompany.com.br e www.aconnection.com.br.\",\"sameAs\":[\"http:\\\/\\\/www.sticompany.com.br\"],\"url\":\"https:\\\/\\\/aconnection.com.br\\\/classificados\\\/author\\\/solivagp\\\/\"}]}<\/script>\n<!-- \/ Yoast SEO Premium plugin. -->","yoast_head_json":{"title":"Venha a\u00ed! De 5 a 7 de dezembro a 5\u00aa edi\u00e7\u00e3o da Arte na Pra\u00e7a - AConnection Classificados","description":"A Prefeitura de Itanh\u00e9m ir\u00e1 realizar a 5\u00aa edi\u00e7\u00e3o do \"Arte da Pra\u00e7a\", o evento j\u00e1 foi realizado nos distritos de Ibiraj\u00e1 e Batinga. As festividades no distrito de Ibiraj\u00e1 aconteceu nos dias 31 de outubro e 1\u00ba de novembro, enquanto em Batinga foi realizada nas datas 15 e 16 de novembro. J\u00e1 na sede, os eventos ocorrer\u00e3o nos dias 5 e 7 de dezembro.","robots":{"index":"index","follow":"follow","max-snippet":"max-snippet:-1","max-image-preview":"max-image-preview:large","max-video-preview":"max-video-preview:-1"},"canonical":"https:\/\/aconnection.com.br\/classificados\/venha-ai-de-5-a-7-de-dezembro-a-5a-edicao-da-arte-na-praca\/","og_locale":"pt_BR","og_type":"article","og_title":"Venha a\u00ed! De 5 a 7 de dezembro a 5\u00aa edi\u00e7\u00e3o da Arte na Pra\u00e7a","og_description":"A Prefeitura de Itanh\u00e9m ir\u00e1 realizar a 5\u00aa edi\u00e7\u00e3o do \"Arte da Pra\u00e7a\", o evento j\u00e1 foi realizado nos distritos de Ibiraj\u00e1 e Batinga. As festividades no distrito de Ibiraj\u00e1 aconteceu nos dias 31 de outubro e 1\u00ba de novembro, enquanto em Batinga foi realizada nas datas 15 e 16 de novembro. J\u00e1 na sede, os eventos ocorrer\u00e3o nos dias 5 e 7 de dezembro.","og_url":"https:\/\/aconnection.com.br\/classificados\/venha-ai-de-5-a-7-de-dezembro-a-5a-edicao-da-arte-na-praca\/","og_site_name":"AConnection Classificados","article_published_time":"2024-11-21T21:00:49+00:00","article_modified_time":"2026-02-26T13:57:11+00:00","og_image":[{"width":555,"height":458,"url":"https:\/\/aconnection.com.br\/classificados\/wp-content\/uploads\/2024\/10\/image.png","type":"image\/png"}],"author":"Soliv\u00e1 Guimar\u00e3es Pestana","twitter_card":"summary_large_image","twitter_creator":"@sticompanyy","twitter_site":"@sticompanyy","twitter_misc":{"Escrito por":"Soliv\u00e1 Guimar\u00e3es Pestana","Est. tempo de leitura":"2 minutos"},"schema":{"@context":"https:\/\/schema.org","@graph":[{"@type":"Article","@id":"https:\/\/aconnection.com.br\/classificados\/venha-ai-de-5-a-7-de-dezembro-a-5a-edicao-da-arte-na-praca\/#article","isPartOf":{"@id":"https:\/\/aconnection.com.br\/classificados\/venha-ai-de-5-a-7-de-dezembro-a-5a-edicao-da-arte-na-praca\/"},"author":{"name":"Soliv\u00e1 Guimar\u00e3es Pestana","@id":"https:\/\/aconnection.com.br\/classificados\/#\/schema\/person\/1876eca300517da830b7d9a036e3b01b"},"headline":"Venha a\u00ed! De 5 a 7 de dezembro a 5\u00aa edi\u00e7\u00e3o da Arte na Pra\u00e7a","datePublished":"2024-11-21T21:00:49+00:00","dateModified":"2026-02-26T13:57:11+00:00","mainEntityOfPage":{"@id":"https:\/\/aconnection.com.br\/classificados\/venha-ai-de-5-a-7-de-dezembro-a-5a-edicao-da-arte-na-praca\/"},"wordCount":145,"commentCount":0,"publisher":{"@id":"https:\/\/aconnection.com.br\/classificados\/#organization"},"image":{"@id":"https:\/\/aconnection.com.br\/classificados\/venha-ai-de-5-a-7-de-dezembro-a-5a-edicao-da-arte-na-praca\/#primaryimage"},"thumbnailUrl":"https:\/\/aconnection.com.br\/classificados\/wp-content\/uploads\/2024\/10\/image.png","articleSection":["Comunidade"],"inLanguage":"pt-BR","potentialAction":[{"@type":"CommentAction","name":"Comment","target":["https:\/\/aconnection.com.br\/classificados\/venha-ai-de-5-a-7-de-dezembro-a-5a-edicao-da-arte-na-praca\/#respond"]}]},{"@type":"WebPage","@id":"https:\/\/aconnection.com.br\/classificados\/venha-ai-de-5-a-7-de-dezembro-a-5a-edicao-da-arte-na-praca\/","url":"https:\/\/aconnection.com.br\/classificados\/venha-ai-de-5-a-7-de-dezembro-a-5a-edicao-da-arte-na-praca\/","name":"Venha a\u00ed! De 5 a 7 de dezembro a 5\u00aa edi\u00e7\u00e3o da Arte na Pra\u00e7a - AConnection Classificados","isPartOf":{"@id":"https:\/\/aconnection.com.br\/classificados\/#website"},"primaryImageOfPage":{"@id":"https:\/\/aconnection.com.br\/classificados\/venha-ai-de-5-a-7-de-dezembro-a-5a-edicao-da-arte-na-praca\/#primaryimage"},"image":{"@id":"https:\/\/aconnection.com.br\/classificados\/venha-ai-de-5-a-7-de-dezembro-a-5a-edicao-da-arte-na-praca\/#primaryimage"},"thumbnailUrl":"https:\/\/aconnection.com.br\/classificados\/wp-content\/uploads\/2024\/10\/image.png","datePublished":"2024-11-21T21:00:49+00:00","dateModified":"2026-02-26T13:57:11+00:00","description":"A Prefeitura de Itanh\u00e9m ir\u00e1 realizar a 5\u00aa edi\u00e7\u00e3o do \"Arte da Pra\u00e7a\", o evento j\u00e1 foi realizado nos distritos de Ibiraj\u00e1 e Batinga. As festividades no distrito de Ibiraj\u00e1 aconteceu nos dias 31 de outubro e 1\u00ba de novembro, enquanto em Batinga foi realizada nas datas 15 e 16 de novembro. J\u00e1 na sede, os eventos ocorrer\u00e3o nos dias 5 e 7 de dezembro.","breadcrumb":{"@id":"https:\/\/aconnection.com.br\/classificados\/venha-ai-de-5-a-7-de-dezembro-a-5a-edicao-da-arte-na-praca\/#breadcrumb"},"inLanguage":"pt-BR","potentialAction":[{"@type":"ReadAction","target":["https:\/\/aconnection.com.br\/classificados\/venha-ai-de-5-a-7-de-dezembro-a-5a-edicao-da-arte-na-praca\/"]}]},{"@type":"ImageObject","inLanguage":"pt-BR","@id":"https:\/\/aconnection.com.br\/classificados\/venha-ai-de-5-a-7-de-dezembro-a-5a-edicao-da-arte-na-praca\/#primaryimage","url":"https:\/\/aconnection.com.br\/classificados\/wp-content\/uploads\/2024\/10\/image.png","contentUrl":"https:\/\/aconnection.com.br\/classificados\/wp-content\/uploads\/2024\/10\/image.png","width":555,"height":458},{"@type":"BreadcrumbList","@id":"https:\/\/aconnection.com.br\/classificados\/venha-ai-de-5-a-7-de-dezembro-a-5a-edicao-da-arte-na-praca\/#breadcrumb","itemListElement":[{"@type":"ListItem","position":1,"name":"In\u00edcio","item":"https:\/\/aconnection.com.br\/classificados\/"},{"@type":"ListItem","position":2,"name":"Venha a\u00ed! De 5 a 7 de dezembro a 5\u00aa edi\u00e7\u00e3o da Arte na Pra\u00e7a"}]},{"@type":"WebSite","@id":"https:\/\/aconnection.com.br\/classificados\/#website","url":"https:\/\/aconnection.com.br\/classificados\/","name":"AConnection Classificados","description":"Conectando Clientes, Impulsinando o Seu Neg\u00f3cio","publisher":{"@id":"https:\/\/aconnection.com.br\/classificados\/#organization"},"potentialAction":[{"@type":"SearchAction","target":{"@type":"EntryPoint","urlTemplate":"https:\/\/aconnection.com.br\/classificados\/?s={search_term_string}"},"query-input":{"@type":"PropertyValueSpecification","valueRequired":true,"valueName":"search_term_string"}}],"inLanguage":"pt-BR"},{"@type":"Organization","@id":"https:\/\/aconnection.com.br\/classificados\/#organization","name":"AConnection Classificados","url":"https:\/\/aconnection.com.br\/classificados\/","logo":{"@type":"ImageObject","inLanguage":"pt-BR","@id":"https:\/\/aconnection.com.br\/classificados\/#\/schema\/logo\/image\/","url":"https:\/\/aconnection.com.br\/classificados\/wp-content\/uploads\/2021\/08\/Logomarca-AConnection-05.png","contentUrl":"https:\/\/aconnection.com.br\/classificados\/wp-content\/uploads\/2021\/08\/Logomarca-AConnection-05.png","width":3098,"height":2860,"caption":"AConnection Classificados"},"image":{"@id":"https:\/\/aconnection.com.br\/classificados\/#\/schema\/logo\/image\/"},"sameAs":["https:\/\/x.com\/sticompanyy","https:\/\/www.instagram.com\/sti.company"]},{"@type":"Person","@id":"https:\/\/aconnection.com.br\/classificados\/#\/schema\/person\/1876eca300517da830b7d9a036e3b01b","name":"Soliv\u00e1 Guimar\u00e3es Pestana","image":{"@type":"ImageObject","inLanguage":"pt-BR","@id":"https:\/\/secure.gravatar.com\/avatar\/e2da6b8bf6db91c613d93bddb7f16b9d1af2610e2d70973ede034c8dcdacd4ab?s=96&d=mm&r=g","url":"https:\/\/secure.gravatar.com\/avatar\/e2da6b8bf6db91c613d93bddb7f16b9d1af2610e2d70973ede034c8dcdacd4ab?s=96&d=mm&r=g","contentUrl":"https:\/\/secure.gravatar.com\/avatar\/e2da6b8bf6db91c613d93bddb7f16b9d1af2610e2d70973ede034c8dcdacd4ab?s=96&d=mm&r=g","caption":"Soliv\u00e1 Guimar\u00e3es Pestana"},"description":"Natural de Itanh\u00e9m, Bahia. Casado, pai de um filho. Tecn\u00f3logo em an\u00e1lise e Desenvolvimento de Sistemas, Bacharel em Administra\u00e7\u00e3o P\u00fablica. Na Contabilidade Pires atua como Auxiliar de contabilidade(RH). Nos hor\u00e1rios extras atua como profissional de inform\u00e1tica e suas tecnologias. Apaixonado por tecnologia, finan\u00e7as e futebol, torcedor do Fluminense-RJ, Cat\u00f3lico Apost\u00f3lico Romano. Propriet\u00e1rio dos sites www.sticompany.com.br e www.aconnection.com.br.","sameAs":["http:\/\/www.sticompany.com.br"],"url":"https:\/\/aconnection.com.br\/classificados\/author\/solivagp\/"}]}},"_links":{"self":[{"href":"https:\/\/aconnection.com.br\/classificados\/wp-json\/wp\/v2\/posts\/4602","targetHints":{"allow":["GET"]}}],"collection":[{"href":"https:\/\/aconnection.com.br\/classificados\/wp-json\/wp\/v2\/posts"}],"about":[{"href":"https:\/\/aconnection.com.br\/classificados\/wp-json\/wp\/v2\/types\/post"}],"author":[{"embeddable":true,"href":"https:\/\/aconnection.com.br\/classificados\/wp-json\/wp\/v2\/users\/2"}],"replies":[{"embeddable":true,"href":"https:\/\/aconnection.com.br\/classificados\/wp-json\/wp\/v2\/comments?post=4602"}],"version-history":[{"count":4,"href":"https:\/\/aconnection.com.br\/classificados\/wp-json\/wp\/v2\/posts\/4602\/revisions"}],"predecessor-version":[{"id":53129,"href":"https:\/\/aconnection.com.br\/classificados\/wp-json\/wp\/v2\/posts\/4602\/revisions\/53129"}],"wp:featuredmedia":[{"embeddable":true,"href":"https:\/\/aconnection.com.br\/classificados\/wp-json\/wp\/v2\/media\/4603"}],"wp:attachment":[{"href":"https:\/\/aconnection.com.br\/classificados\/wp-json\/wp\/v2\/media?parent=4602"}],"wp:term":[{"taxonomy":"category","embeddable":true,"href":"https:\/\/aconnection.com.br\/classificados\/wp-json\/wp\/v2\/categories?post=4602"},{"taxonomy":"post_tag","embeddable":true,"href":"https:\/\/aconnection.com.br\/classificados\/wp-json\/wp\/v2\/tags?post=4602"}],"curies":[{"name":"wp","href":"https:\/\/api.w.org\/{rel}","templated":true}]}}