{"id":4668,"date":"2024-12-31T08:48:35","date_gmt":"2024-12-31T11:48:35","guid":{"rendered":"https:\/\/aconnection.com.br\/classificados\/?p=4668"},"modified":"2026-02-26T10:57:44","modified_gmt":"2026-02-26T13:57:44","slug":"novo-salario-minimo-para-2025-sera-de-r-1-51800","status":"publish","type":"post","link":"https:\/\/aconnection.com.br\/classificados\/novo-salario-minimo-para-2025-sera-de-r-1-51800\/","title":{"rendered":"Novo sal\u00e1rio m\u00ednimo para 2025 ser\u00e1 de R$ 1.518,00"},"content":{"rendered":"\n<p>O novo sal\u00e1rio m\u00ednimo ser\u00e1 de 1.518,00 a partir de janeiro de 2025. <a href=\"https:\/\/www.gov.br\/trabalho-e-emprego\/pt-br\/noticias-e-conteudo\/2024\/Dezembro\/presidente-lula-assina-decreto-aumentando-o-salario-minimo-para-r-1-518-00\" target=\"_blank\" rel=\"noreferrer noopener\">O decreto foi assinado dia 30\/12 \u00e0 tarde pelo presidente Luiz In\u00e1cio Lula da Silva<\/a>, acompanhado dos ministros Luiz Marinho (Trabalho e Emprego), Fernando Haddad (Fazenda), Alexandre Padilha (Rela\u00e7\u00f5es Institucionais) e da ministra em exerc\u00edcio da Casa Civil, Miriam Belchior. O novo valor representa um aumento de R$ 106,00 (7,5%) em rela\u00e7\u00e3o ao piso deste ano que est\u00e1 em R$ 1.412,00. \u00a0<\/p>\n\n\n\n<p>O c\u00e1lculo do novo sal\u00e1rio m\u00ednimo foi de 4,84% (segundo o \u00cdndice Nacional de Pre\u00e7os ao Consumidor (INPC) dos \u00faltimos 12 meses at\u00e9 novembro) e mais os 2,5% do Produto Interno Bruto (PIB), ganho real acima da infla\u00e7\u00e3o, segundo norma aprovada pelo Congresso Nacional.<\/p>\n\n\n\n<p>\u201c\u00c9 importante lembrar e o presidente Lula destacou hoje, durante a assinatura do Decreto, que em seu governo o sal\u00e1rio m\u00ednimo ter\u00e1 reajuste acima da infla\u00e7\u00e3o em todos os anos, ou seja, ganho real. Um compromisso com o processo de distribui\u00e7\u00e3o de renda, que \u00e9 o papel do sal\u00e1rio m\u00ednimo\u201d, ressaltou Marinho.<\/p>\n\n\n\n<p>Segundo ele, a valoriza\u00e7\u00e3o do sal\u00e1rio m\u00ednimo \u00e9 tamb\u00e9m um aliado important\u00edssimo no esfor\u00e7o de acabar com a fome no pa\u00eds, somado com os programas sociais. \u201cPor isso, seria uma trag\u00e9dia se n\u00e3o tiv\u00e9ssemos retomado a pol\u00edtica de valoriza\u00e7\u00e3o do sal\u00e1rio m\u00ednimo que foi aprovada em 2023\u201d, argumenta&nbsp; Marinho, complementando que em 2025 o pa\u00eds continuar\u00e1 seu ciclo de crescimento econ\u00f4mico, e o desemprego em queda. &nbsp;<\/p>\n\n\n\n<p>Segundo o Departamento Intersindical de Estat\u00edstica e Estudos Socioecon\u00f4micos (Dieese), cerca de 59 milh\u00f5es de pessoas no Brasil t\u00eam rendimento ligado ao sal\u00e1rio m\u00ednimo. Cerca de 19 milh\u00f5es de aposentados e pensionistas recebem sal\u00e1rio m\u00ednimo. Al\u00e9m disso, ele \u00e9 piso para corrigir uma s\u00e9rie de benef\u00edcios sociais, como o Benef\u00edcio de Presta\u00e7\u00e3o Continuada (BPC), abono salarial e o seguro-desemprego.<\/p>\n\n\n\n<p>A Lei que retoma a pol\u00edtica de valoriza\u00e7\u00e3o do sal\u00e1rio m\u00ednimo, enviada pelo presidente Lula ao Congresso Nacional em 2023, e come\u00e7ou a vigorar em 2024, determina que o reajuste do sal\u00e1rio m\u00ednimo passa a levar em conta a infla\u00e7\u00e3o medida pelo INPC dos 12 meses anteriores, mais a taxa de crescimento do PIB do segundo ano anterior ao ano vigente, como ganho real. Essa pol\u00edtica foi descontinuada pelos governos anteriores, entre 2017 e 2022 o sal\u00e1rio m\u00ednimo deixou de receber aumento real acima da infla\u00e7\u00e3o.<\/p>\n\n\n\n<p>Fonte: <a href=\"https:\/\/www.gov.br\/trabalho-e-emprego\/pt-br\/noticias-e-conteudo\/2024\/Dezembro\/presidente-lula-assina-decreto-aumentando-o-salario-minimo-para-r-1-518-00\" target=\"_blank\" rel=\"noreferrer noopener\">Gov.br<\/a><\/p>\n","protected":false},"excerpt":{"rendered":"<p>Reajuste foi de 7,5% em rela\u00e7\u00e3o ao piso anterior de R$ 1.412,00<\/p>\n","protected":false},"author":2,"featured_media":4669,"comment_status":"open","ping_status":"open","sticky":false,"template":"","format":"standard","meta":{"om_disable_all_campaigns":false,"_monsterinsights_skip_tracking":false,"_monsterinsights_sitenote_active":false,"_monsterinsights_sitenote_note":"","_monsterinsights_sitenote_category":0,"_uf_show_specific_survey":0,"_uf_disable_surveys":false,"_price":"","_stock":"","_tribe_ticket_header":"","_tribe_default_ticket_provider":"","_tribe_ticket_capacity":"0","_ticket_start_date":"","_ticket_end_date":"","_tribe_ticket_show_description":"","_tribe_ticket_show_not_going":false,"_tribe_ticket_use_global_stock":"","_tribe_ticket_global_stock_level":"","_global_stock_mode":"","_global_stock_cap":"","_tribe_rsvp_for_event":"","_tribe_ticket_going_count":"","_tribe_ticket_not_going_count":"","_tribe_tickets_list":"[]","_tribe_ticket_has_attendee_info_fields":false,"_EventAllDay":false,"_EventTimezone":"","_EventStartDate":"","_EventEndDate":"","_EventStartDateUTC":"","_EventEndDateUTC":"","_EventShowMap":false,"_EventShowMapLink":false,"_EventURL":"","_EventCost":"","_EventCostDescription":"","_EventCurrencySymbol":"","_EventCurrencyCode":"","_EventCurrencyPosition":"","_EventDateTimeSeparator":"","_EventTimeRangeSeparator":"","_EventOrganizerID":[],"_EventVenueID":[],"_OrganizerEmail":"","_OrganizerPhone":"","_OrganizerWebsite":"","_VenueAddress":"","_VenueCity":"","_VenueCountry":"","_VenueProvince":"","_VenueState":"","_VenueZip":"","_VenuePhone":"","_VenueURL":"","_VenueStateProvince":"","_VenueLat":"","_VenueLng":"","_VenueShowMap":false,"_VenueShowMapLink":false,"footnotes":""},"categories":[25],"tags":[117,424,423],"class_list":["post-4668","post","type-post","status-publish","format-standard","has-post-thumbnail","hentry","category-empregos-e-oportunidades","tag-economia","tag-reajuste","tag-salario-minimo"],"yoast_head":"<!-- This site is optimized with the Yoast SEO Premium plugin v26.5 (Yoast SEO v27.5) - https:\/\/yoast.com\/product\/yoast-seo-premium-wordpress\/ -->\n<title>Novo sal\u00e1rio m\u00ednimo para 2025 ser\u00e1 de R$ 1.518,00 - AConnection Classificados<\/title>\n<meta name=\"robots\" content=\"index, follow, max-snippet:-1, max-image-preview:large, max-video-preview:-1\" \/>\n<link rel=\"canonical\" href=\"https:\/\/aconnection.com.br\/classificados\/novo-salario-minimo-para-2025-sera-de-r-1-51800\/\" \/>\n<meta property=\"og:locale\" content=\"pt_BR\" \/>\n<meta property=\"og:type\" content=\"article\" \/>\n<meta property=\"og:title\" content=\"Novo sal\u00e1rio m\u00ednimo para 2025 ser\u00e1 de R$ 1.518,00\" \/>\n<meta property=\"og:description\" content=\"Reajuste foi de 7,5% em rela\u00e7\u00e3o ao piso anterior de R$ 1.412,00\" \/>\n<meta property=\"og:url\" content=\"https:\/\/aconnection.com.br\/classificados\/novo-salario-minimo-para-2025-sera-de-r-1-51800\/\" \/>\n<meta property=\"og:site_name\" content=\"AConnection Classificados\" \/>\n<meta property=\"article:published_time\" content=\"2024-12-31T11:48:35+00:00\" \/>\n<meta property=\"article:modified_time\" content=\"2026-02-26T13:57:44+00:00\" \/>\n<meta property=\"og:image\" content=\"https:\/\/aconnection.com.br\/classificados\/wp-content\/uploads\/2024\/12\/salariominimo.png\" \/>\n\t<meta property=\"og:image:width\" content=\"768\" \/>\n\t<meta property=\"og:image:height\" content=\"431\" \/>\n\t<meta property=\"og:image:type\" content=\"image\/png\" \/>\n<meta name=\"author\" content=\"Soliv\u00e1 Guimar\u00e3es Pestana\" \/>\n<meta name=\"twitter:card\" content=\"summary_large_image\" \/>\n<meta name=\"twitter:creator\" content=\"@sticompanyy\" \/>\n<meta name=\"twitter:site\" content=\"@sticompanyy\" \/>\n<meta name=\"twitter:label1\" content=\"Escrito por\" \/>\n\t<meta name=\"twitter:data1\" content=\"Soliv\u00e1 Guimar\u00e3es Pestana\" \/>\n\t<meta name=\"twitter:label2\" content=\"Est. tempo de leitura\" \/>\n\t<meta name=\"twitter:data2\" content=\"3 minutos\" \/>\n<script type=\"application\/ld+json\" class=\"yoast-schema-graph\">{\"@context\":\"https:\\\/\\\/schema.org\",\"@graph\":[{\"@type\":\"Article\",\"@id\":\"https:\\\/\\\/aconnection.com.br\\\/classificados\\\/novo-salario-minimo-para-2025-sera-de-r-1-51800\\\/#article\",\"isPartOf\":{\"@id\":\"https:\\\/\\\/aconnection.com.br\\\/classificados\\\/novo-salario-minimo-para-2025-sera-de-r-1-51800\\\/\"},\"author\":{\"name\":\"Soliv\u00e1 Guimar\u00e3es Pestana\",\"@id\":\"https:\\\/\\\/aconnection.com.br\\\/classificados\\\/#\\\/schema\\\/person\\\/1876eca300517da830b7d9a036e3b01b\"},\"headline\":\"Novo sal\u00e1rio m\u00ednimo para 2025 ser\u00e1 de R$ 1.518,00\",\"datePublished\":\"2024-12-31T11:48:35+00:00\",\"dateModified\":\"2026-02-26T13:57:44+00:00\",\"mainEntityOfPage\":{\"@id\":\"https:\\\/\\\/aconnection.com.br\\\/classificados\\\/novo-salario-minimo-para-2025-sera-de-r-1-51800\\\/\"},\"wordCount\":431,\"commentCount\":0,\"publisher\":{\"@id\":\"https:\\\/\\\/aconnection.com.br\\\/classificados\\\/#organization\"},\"image\":{\"@id\":\"https:\\\/\\\/aconnection.com.br\\\/classificados\\\/novo-salario-minimo-para-2025-sera-de-r-1-51800\\\/#primaryimage\"},\"thumbnailUrl\":\"https:\\\/\\\/aconnection.com.br\\\/classificados\\\/wp-content\\\/uploads\\\/2024\\\/12\\\/salariominimo.png\",\"keywords\":[\"economia\",\"reajuste\",\"sal\u00e1rio minimo\"],\"articleSection\":[\"Empregos e Oportunidades\"],\"inLanguage\":\"pt-BR\",\"potentialAction\":[{\"@type\":\"CommentAction\",\"name\":\"Comment\",\"target\":[\"https:\\\/\\\/aconnection.com.br\\\/classificados\\\/novo-salario-minimo-para-2025-sera-de-r-1-51800\\\/#respond\"]}]},{\"@type\":\"WebPage\",\"@id\":\"https:\\\/\\\/aconnection.com.br\\\/classificados\\\/novo-salario-minimo-para-2025-sera-de-r-1-51800\\\/\",\"url\":\"https:\\\/\\\/aconnection.com.br\\\/classificados\\\/novo-salario-minimo-para-2025-sera-de-r-1-51800\\\/\",\"name\":\"Novo sal\u00e1rio m\u00ednimo para 2025 ser\u00e1 de R$ 1.518,00 - AConnection Classificados\",\"isPartOf\":{\"@id\":\"https:\\\/\\\/aconnection.com.br\\\/classificados\\\/#website\"},\"primaryImageOfPage\":{\"@id\":\"https:\\\/\\\/aconnection.com.br\\\/classificados\\\/novo-salario-minimo-para-2025-sera-de-r-1-51800\\\/#primaryimage\"},\"image\":{\"@id\":\"https:\\\/\\\/aconnection.com.br\\\/classificados\\\/novo-salario-minimo-para-2025-sera-de-r-1-51800\\\/#primaryimage\"},\"thumbnailUrl\":\"https:\\\/\\\/aconnection.com.br\\\/classificados\\\/wp-content\\\/uploads\\\/2024\\\/12\\\/salariominimo.png\",\"datePublished\":\"2024-12-31T11:48:35+00:00\",\"dateModified\":\"2026-02-26T13:57:44+00:00\",\"breadcrumb\":{\"@id\":\"https:\\\/\\\/aconnection.com.br\\\/classificados\\\/novo-salario-minimo-para-2025-sera-de-r-1-51800\\\/#breadcrumb\"},\"inLanguage\":\"pt-BR\",\"potentialAction\":[{\"@type\":\"ReadAction\",\"target\":[\"https:\\\/\\\/aconnection.com.br\\\/classificados\\\/novo-salario-minimo-para-2025-sera-de-r-1-51800\\\/\"]}]},{\"@type\":\"ImageObject\",\"inLanguage\":\"pt-BR\",\"@id\":\"https:\\\/\\\/aconnection.com.br\\\/classificados\\\/novo-salario-minimo-para-2025-sera-de-r-1-51800\\\/#primaryimage\",\"url\":\"https:\\\/\\\/aconnection.com.br\\\/classificados\\\/wp-content\\\/uploads\\\/2024\\\/12\\\/salariominimo.png\",\"contentUrl\":\"https:\\\/\\\/aconnection.com.br\\\/classificados\\\/wp-content\\\/uploads\\\/2024\\\/12\\\/salariominimo.png\",\"width\":768,\"height\":431},{\"@type\":\"BreadcrumbList\",\"@id\":\"https:\\\/\\\/aconnection.com.br\\\/classificados\\\/novo-salario-minimo-para-2025-sera-de-r-1-51800\\\/#breadcrumb\",\"itemListElement\":[{\"@type\":\"ListItem\",\"position\":1,\"name\":\"In\u00edcio\",\"item\":\"https:\\\/\\\/aconnection.com.br\\\/classificados\\\/\"},{\"@type\":\"ListItem\",\"position\":2,\"name\":\"Novo sal\u00e1rio m\u00ednimo para 2025 ser\u00e1 de R$ 1.518,00\"}]},{\"@type\":\"WebSite\",\"@id\":\"https:\\\/\\\/aconnection.com.br\\\/classificados\\\/#website\",\"url\":\"https:\\\/\\\/aconnection.com.br\\\/classificados\\\/\",\"name\":\"AConnection Classificados\",\"description\":\"Conectando Clientes, Impulsinando o Seu Neg\u00f3cio\",\"publisher\":{\"@id\":\"https:\\\/\\\/aconnection.com.br\\\/classificados\\\/#organization\"},\"potentialAction\":[{\"@type\":\"SearchAction\",\"target\":{\"@type\":\"EntryPoint\",\"urlTemplate\":\"https:\\\/\\\/aconnection.com.br\\\/classificados\\\/?s={search_term_string}\"},\"query-input\":{\"@type\":\"PropertyValueSpecification\",\"valueRequired\":true,\"valueName\":\"search_term_string\"}}],\"inLanguage\":\"pt-BR\"},{\"@type\":\"Organization\",\"@id\":\"https:\\\/\\\/aconnection.com.br\\\/classificados\\\/#organization\",\"name\":\"AConnection Classificados\",\"url\":\"https:\\\/\\\/aconnection.com.br\\\/classificados\\\/\",\"logo\":{\"@type\":\"ImageObject\",\"inLanguage\":\"pt-BR\",\"@id\":\"https:\\\/\\\/aconnection.com.br\\\/classificados\\\/#\\\/schema\\\/logo\\\/image\\\/\",\"url\":\"https:\\\/\\\/aconnection.com.br\\\/classificados\\\/wp-content\\\/uploads\\\/2021\\\/08\\\/Logomarca-AConnection-05.png\",\"contentUrl\":\"https:\\\/\\\/aconnection.com.br\\\/classificados\\\/wp-content\\\/uploads\\\/2021\\\/08\\\/Logomarca-AConnection-05.png\",\"width\":3098,\"height\":2860,\"caption\":\"AConnection Classificados\"},\"image\":{\"@id\":\"https:\\\/\\\/aconnection.com.br\\\/classificados\\\/#\\\/schema\\\/logo\\\/image\\\/\"},\"sameAs\":[\"https:\\\/\\\/x.com\\\/sticompanyy\",\"https:\\\/\\\/www.instagram.com\\\/sti.company\"]},{\"@type\":\"Person\",\"@id\":\"https:\\\/\\\/aconnection.com.br\\\/classificados\\\/#\\\/schema\\\/person\\\/1876eca300517da830b7d9a036e3b01b\",\"name\":\"Soliv\u00e1 Guimar\u00e3es Pestana\",\"image\":{\"@type\":\"ImageObject\",\"inLanguage\":\"pt-BR\",\"@id\":\"https:\\\/\\\/secure.gravatar.com\\\/avatar\\\/e2da6b8bf6db91c613d93bddb7f16b9d1af2610e2d70973ede034c8dcdacd4ab?s=96&d=mm&r=g\",\"url\":\"https:\\\/\\\/secure.gravatar.com\\\/avatar\\\/e2da6b8bf6db91c613d93bddb7f16b9d1af2610e2d70973ede034c8dcdacd4ab?s=96&d=mm&r=g\",\"contentUrl\":\"https:\\\/\\\/secure.gravatar.com\\\/avatar\\\/e2da6b8bf6db91c613d93bddb7f16b9d1af2610e2d70973ede034c8dcdacd4ab?s=96&d=mm&r=g\",\"caption\":\"Soliv\u00e1 Guimar\u00e3es Pestana\"},\"description\":\"Natural de Itanh\u00e9m, Bahia. Casado, pai de um filho. Tecn\u00f3logo em an\u00e1lise e Desenvolvimento de Sistemas, Bacharel em Administra\u00e7\u00e3o P\u00fablica. Na Contabilidade Pires atua como Auxiliar de contabilidade(RH). Nos hor\u00e1rios extras atua como profissional de inform\u00e1tica e suas tecnologias. Apaixonado por tecnologia, finan\u00e7as e futebol, torcedor do Fluminense-RJ, Cat\u00f3lico Apost\u00f3lico Romano. Propriet\u00e1rio dos sites www.sticompany.com.br e www.aconnection.com.br.\",\"sameAs\":[\"http:\\\/\\\/www.sticompany.com.br\"],\"url\":\"https:\\\/\\\/aconnection.com.br\\\/classificados\\\/author\\\/solivagp\\\/\"}]}<\/script>\n<!-- \/ Yoast SEO Premium plugin. -->","yoast_head_json":{"title":"Novo sal\u00e1rio m\u00ednimo para 2025 ser\u00e1 de R$ 1.518,00 - AConnection Classificados","robots":{"index":"index","follow":"follow","max-snippet":"max-snippet:-1","max-image-preview":"max-image-preview:large","max-video-preview":"max-video-preview:-1"},"canonical":"https:\/\/aconnection.com.br\/classificados\/novo-salario-minimo-para-2025-sera-de-r-1-51800\/","og_locale":"pt_BR","og_type":"article","og_title":"Novo sal\u00e1rio m\u00ednimo para 2025 ser\u00e1 de R$ 1.518,00","og_description":"Reajuste foi de 7,5% em rela\u00e7\u00e3o ao piso anterior de R$ 1.412,00","og_url":"https:\/\/aconnection.com.br\/classificados\/novo-salario-minimo-para-2025-sera-de-r-1-51800\/","og_site_name":"AConnection Classificados","article_published_time":"2024-12-31T11:48:35+00:00","article_modified_time":"2026-02-26T13:57:44+00:00","og_image":[{"width":768,"height":431,"url":"https:\/\/aconnection.com.br\/classificados\/wp-content\/uploads\/2024\/12\/salariominimo.png","type":"image\/png"}],"author":"Soliv\u00e1 Guimar\u00e3es Pestana","twitter_card":"summary_large_image","twitter_creator":"@sticompanyy","twitter_site":"@sticompanyy","twitter_misc":{"Escrito por":"Soliv\u00e1 Guimar\u00e3es Pestana","Est. tempo de leitura":"3 minutos"},"schema":{"@context":"https:\/\/schema.org","@graph":[{"@type":"Article","@id":"https:\/\/aconnection.com.br\/classificados\/novo-salario-minimo-para-2025-sera-de-r-1-51800\/#article","isPartOf":{"@id":"https:\/\/aconnection.com.br\/classificados\/novo-salario-minimo-para-2025-sera-de-r-1-51800\/"},"author":{"name":"Soliv\u00e1 Guimar\u00e3es Pestana","@id":"https:\/\/aconnection.com.br\/classificados\/#\/schema\/person\/1876eca300517da830b7d9a036e3b01b"},"headline":"Novo sal\u00e1rio m\u00ednimo para 2025 ser\u00e1 de R$ 1.518,00","datePublished":"2024-12-31T11:48:35+00:00","dateModified":"2026-02-26T13:57:44+00:00","mainEntityOfPage":{"@id":"https:\/\/aconnection.com.br\/classificados\/novo-salario-minimo-para-2025-sera-de-r-1-51800\/"},"wordCount":431,"commentCount":0,"publisher":{"@id":"https:\/\/aconnection.com.br\/classificados\/#organization"},"image":{"@id":"https:\/\/aconnection.com.br\/classificados\/novo-salario-minimo-para-2025-sera-de-r-1-51800\/#primaryimage"},"thumbnailUrl":"https:\/\/aconnection.com.br\/classificados\/wp-content\/uploads\/2024\/12\/salariominimo.png","keywords":["economia","reajuste","sal\u00e1rio minimo"],"articleSection":["Empregos e Oportunidades"],"inLanguage":"pt-BR","potentialAction":[{"@type":"CommentAction","name":"Comment","target":["https:\/\/aconnection.com.br\/classificados\/novo-salario-minimo-para-2025-sera-de-r-1-51800\/#respond"]}]},{"@type":"WebPage","@id":"https:\/\/aconnection.com.br\/classificados\/novo-salario-minimo-para-2025-sera-de-r-1-51800\/","url":"https:\/\/aconnection.com.br\/classificados\/novo-salario-minimo-para-2025-sera-de-r-1-51800\/","name":"Novo sal\u00e1rio m\u00ednimo para 2025 ser\u00e1 de R$ 1.518,00 - AConnection Classificados","isPartOf":{"@id":"https:\/\/aconnection.com.br\/classificados\/#website"},"primaryImageOfPage":{"@id":"https:\/\/aconnection.com.br\/classificados\/novo-salario-minimo-para-2025-sera-de-r-1-51800\/#primaryimage"},"image":{"@id":"https:\/\/aconnection.com.br\/classificados\/novo-salario-minimo-para-2025-sera-de-r-1-51800\/#primaryimage"},"thumbnailUrl":"https:\/\/aconnection.com.br\/classificados\/wp-content\/uploads\/2024\/12\/salariominimo.png","datePublished":"2024-12-31T11:48:35+00:00","dateModified":"2026-02-26T13:57:44+00:00","breadcrumb":{"@id":"https:\/\/aconnection.com.br\/classificados\/novo-salario-minimo-para-2025-sera-de-r-1-51800\/#breadcrumb"},"inLanguage":"pt-BR","potentialAction":[{"@type":"ReadAction","target":["https:\/\/aconnection.com.br\/classificados\/novo-salario-minimo-para-2025-sera-de-r-1-51800\/"]}]},{"@type":"ImageObject","inLanguage":"pt-BR","@id":"https:\/\/aconnection.com.br\/classificados\/novo-salario-minimo-para-2025-sera-de-r-1-51800\/#primaryimage","url":"https:\/\/aconnection.com.br\/classificados\/wp-content\/uploads\/2024\/12\/salariominimo.png","contentUrl":"https:\/\/aconnection.com.br\/classificados\/wp-content\/uploads\/2024\/12\/salariominimo.png","width":768,"height":431},{"@type":"BreadcrumbList","@id":"https:\/\/aconnection.com.br\/classificados\/novo-salario-minimo-para-2025-sera-de-r-1-51800\/#breadcrumb","itemListElement":[{"@type":"ListItem","position":1,"name":"In\u00edcio","item":"https:\/\/aconnection.com.br\/classificados\/"},{"@type":"ListItem","position":2,"name":"Novo sal\u00e1rio m\u00ednimo para 2025 ser\u00e1 de R$ 1.518,00"}]},{"@type":"WebSite","@id":"https:\/\/aconnection.com.br\/classificados\/#website","url":"https:\/\/aconnection.com.br\/classificados\/","name":"AConnection Classificados","description":"Conectando Clientes, Impulsinando o Seu Neg\u00f3cio","publisher":{"@id":"https:\/\/aconnection.com.br\/classificados\/#organization"},"potentialAction":[{"@type":"SearchAction","target":{"@type":"EntryPoint","urlTemplate":"https:\/\/aconnection.com.br\/classificados\/?s={search_term_string}"},"query-input":{"@type":"PropertyValueSpecification","valueRequired":true,"valueName":"search_term_string"}}],"inLanguage":"pt-BR"},{"@type":"Organization","@id":"https:\/\/aconnection.com.br\/classificados\/#organization","name":"AConnection Classificados","url":"https:\/\/aconnection.com.br\/classificados\/","logo":{"@type":"ImageObject","inLanguage":"pt-BR","@id":"https:\/\/aconnection.com.br\/classificados\/#\/schema\/logo\/image\/","url":"https:\/\/aconnection.com.br\/classificados\/wp-content\/uploads\/2021\/08\/Logomarca-AConnection-05.png","contentUrl":"https:\/\/aconnection.com.br\/classificados\/wp-content\/uploads\/2021\/08\/Logomarca-AConnection-05.png","width":3098,"height":2860,"caption":"AConnection Classificados"},"image":{"@id":"https:\/\/aconnection.com.br\/classificados\/#\/schema\/logo\/image\/"},"sameAs":["https:\/\/x.com\/sticompanyy","https:\/\/www.instagram.com\/sti.company"]},{"@type":"Person","@id":"https:\/\/aconnection.com.br\/classificados\/#\/schema\/person\/1876eca300517da830b7d9a036e3b01b","name":"Soliv\u00e1 Guimar\u00e3es Pestana","image":{"@type":"ImageObject","inLanguage":"pt-BR","@id":"https:\/\/secure.gravatar.com\/avatar\/e2da6b8bf6db91c613d93bddb7f16b9d1af2610e2d70973ede034c8dcdacd4ab?s=96&d=mm&r=g","url":"https:\/\/secure.gravatar.com\/avatar\/e2da6b8bf6db91c613d93bddb7f16b9d1af2610e2d70973ede034c8dcdacd4ab?s=96&d=mm&r=g","contentUrl":"https:\/\/secure.gravatar.com\/avatar\/e2da6b8bf6db91c613d93bddb7f16b9d1af2610e2d70973ede034c8dcdacd4ab?s=96&d=mm&r=g","caption":"Soliv\u00e1 Guimar\u00e3es Pestana"},"description":"Natural de Itanh\u00e9m, Bahia. Casado, pai de um filho. Tecn\u00f3logo em an\u00e1lise e Desenvolvimento de Sistemas, Bacharel em Administra\u00e7\u00e3o P\u00fablica. Na Contabilidade Pires atua como Auxiliar de contabilidade(RH). Nos hor\u00e1rios extras atua como profissional de inform\u00e1tica e suas tecnologias. Apaixonado por tecnologia, finan\u00e7as e futebol, torcedor do Fluminense-RJ, Cat\u00f3lico Apost\u00f3lico Romano. Propriet\u00e1rio dos sites www.sticompany.com.br e www.aconnection.com.br.","sameAs":["http:\/\/www.sticompany.com.br"],"url":"https:\/\/aconnection.com.br\/classificados\/author\/solivagp\/"}]}},"_links":{"self":[{"href":"https:\/\/aconnection.com.br\/classificados\/wp-json\/wp\/v2\/posts\/4668","targetHints":{"allow":["GET"]}}],"collection":[{"href":"https:\/\/aconnection.com.br\/classificados\/wp-json\/wp\/v2\/posts"}],"about":[{"href":"https:\/\/aconnection.com.br\/classificados\/wp-json\/wp\/v2\/types\/post"}],"author":[{"embeddable":true,"href":"https:\/\/aconnection.com.br\/classificados\/wp-json\/wp\/v2\/users\/2"}],"replies":[{"embeddable":true,"href":"https:\/\/aconnection.com.br\/classificados\/wp-json\/wp\/v2\/comments?post=4668"}],"version-history":[{"count":1,"href":"https:\/\/aconnection.com.br\/classificados\/wp-json\/wp\/v2\/posts\/4668\/revisions"}],"predecessor-version":[{"id":4670,"href":"https:\/\/aconnection.com.br\/classificados\/wp-json\/wp\/v2\/posts\/4668\/revisions\/4670"}],"wp:featuredmedia":[{"embeddable":true,"href":"https:\/\/aconnection.com.br\/classificados\/wp-json\/wp\/v2\/media\/4669"}],"wp:attachment":[{"href":"https:\/\/aconnection.com.br\/classificados\/wp-json\/wp\/v2\/media?parent=4668"}],"wp:term":[{"taxonomy":"category","embeddable":true,"href":"https:\/\/aconnection.com.br\/classificados\/wp-json\/wp\/v2\/categories?post=4668"},{"taxonomy":"post_tag","embeddable":true,"href":"https:\/\/aconnection.com.br\/classificados\/wp-json\/wp\/v2\/tags?post=4668"}],"curies":[{"name":"wp","href":"https:\/\/api.w.org\/{rel}","templated":true}]}}