{"id":47,"date":"2024-09-19T22:00:26","date_gmt":"2024-09-20T01:00:26","guid":{"rendered":"https:\/\/gaviaspreview.com\/wp\/fioxen\/?p=47"},"modified":"2024-10-11T11:44:07","modified_gmt":"2024-10-11T14:44:07","slug":"doenca-do-seculo-atencao-com-o-sinal-amarelo","status":"publish","type":"post","link":"https:\/\/aconnection.com.br\/classificados\/doenca-do-seculo-atencao-com-o-sinal-amarelo\/","title":{"rendered":"Doen\u00e7a do s\u00e9culo: Aten\u00e7\u00e3o com o sinal amarelo"},"content":{"rendered":"\n<h3 class=\"wp-block-heading\">Doen\u00e7a do s\u00e9culo: Aten\u00e7\u00e3o com o sinal amarelo<\/h3>\n\n\n\n<p>Ol\u00e1 galera, tudo bem com voc\u00eas? Vim debatermos um tema que vem afetando a sociedade de forma preocupante atualmente, h\u00e1 quem se diz que essa \u00e9 a doen\u00e7a do s\u00e9culo XXI. Se voc\u00ea pensou na depress\u00e3o, acertou! Estarei dividindo o artigo em dois textos, ent\u00e3o, no pr\u00f3ximo artigo teremos mais novidades.<\/p>\n\n\n\n<p>Desde 2014, a Associa\u00e7\u00e3o Brasileira de Psiquiatria \u2013 ABP, em parceria com o Conselho Federal de Medicina \u2013 CFM, organiza nacionalmente o Setembro Amarelo. O dia 10 de setembro \u00e9 oficialmente, o Dia Mundial de Preven\u00e7\u00e3o ao Suic\u00eddio, mas a campanha acontece durante todo o ano.<\/p>\n\n\n\n<p><strong>Depress\u00e3o<\/strong>&nbsp;ou transtorno depressivo maior \u00e9 uma doen\u00e7a comum e s\u00e9ria que afeta negativamente como voc\u00ea se sente, como pensa e como age. Contudo, felizmente tamb\u00e9m \u00e9 trat\u00e1vel. A depress\u00e3o provoca sentimentos de tristeza e\/ou perda de interesse em atividades que em momentos anteriores traziam prazer. Pode levar a uma variedade de problemas emocionais e f\u00edsicos e pode diminuir a capacidade de uma pessoa manter suas atividades normais no trabalho e em casa.<\/p>\n\n\n\n<h3 class=\"wp-block-heading\" id=\"fique-atento-a-esses-sitomas\"><strong><br><br>Fique atento a esses sintomas:<\/strong><br><\/h3>\n\n\n\n<figure class=\"wp-block-image size-full\"><img fetchpriority=\"high\" decoding=\"async\" width=\"434\" height=\"337\" src=\"https:\/\/aconnection.com.br\/classificados\/wp-content\/uploads\/2020\/10\/sinal-amarelo.webp\" alt=\"\" class=\"wp-image-3378\"\/><\/figure>\n\n\n\n<p>Ent\u00e3o, se voc\u00ea tem experimentado alguns dos seguintes sinais e sintomas a maior parte do dia, quase todos os dias, durante pelo menos duas semanas, voc\u00ea pode estar sofrendo de depress\u00e3o:<\/p>\n\n\n\n<ol class=\"wp-block-list\">\n<li>Humor triste, ansioso ou \u201cvazio\u201d persistente;<\/li>\n\n\n\n<li>Sentimentos de desesperan\u00e7a, luto ou pessimismo<\/li>\n\n\n\n<li>Irritabilidade<\/li>\n\n\n\n<li>Sentimentos de culpa, inutilidade ou desamparo<\/li>\n\n\n\n<li>Perda de interesse ou prazer pela vida, passatempos e atividades<\/li>\n\n\n\n<li>Diminui\u00e7\u00e3o da energia ou fadiga<\/li>\n\n\n\n<li>Mover ou falar mais devagar<\/li>\n\n\n\n<li>Sentir-se inquieto ou ter problemas para ficar sentado<\/li>\n\n\n\n<li>Dificuldade de concentra\u00e7\u00e3o, lembran\u00e7a ou tomada de decis\u00f5es<\/li>\n\n\n\n<li>Dificuldade para dormir, despertar de manh\u00e3 cedo ou dormir demais<\/li>\n\n\n\n<li>Apetite e \/ ou altera\u00e7\u00f5es de peso<\/li>\n\n\n\n<li>Pensamentos de morte ou suic\u00eddio, ou tentativas de suic\u00eddio<\/li>\n\n\n\n<li>Dores, dores de cabe\u00e7a, c\u00f3licas ou problemas digestivos sem uma causa f\u00edsica clara e \/ ou que n\u00e3o se aliviam mesmo com o tratamento.<\/li>\n<\/ol>\n\n\n\n<h3 class=\"wp-block-heading\" id=\"coisas-que-pessoas-com-depressao-querem-muito-que-voce-saiba\">Coisas que pessoas com depress\u00e3o querem muito que voc\u00ea saiba<\/h3>\n\n\n\n<p><strong>1. Tenho depress\u00e3o e n\u00e3o sinto s\u00f3 tristeza<\/strong><\/p>\n\n\n\n<p>Sim, sentir uma tristeza profunda \u00e9 um dos sintomas, mas a depress\u00e3o n\u00e3o se resume a esse \u00fanico aspecto. O dist\u00farbio pode vir acompanhado de diversos outros sentimentos, como irritabilidade, ansiedade, ang\u00fastia ou medo, por exemplo.<\/p>\n\n\n\n<p><strong>2. N\u00e3o me pe\u00e7a para \u201csair dessa\u201d<\/strong><\/p>\n\n\n\n<p>Uma das coisas mais inconvenientes para dizer \u00e0 algu\u00e9m com depress\u00e3o \u00e9: \u201csai dessa\u201d. Isso soa como se voc\u00ea estivesse diminuindo a gravidade da condi\u00e7\u00e3o da outra pessoa, traz um tom muito simplista para algo realmente s\u00e9rio.<\/p>\n\n\n\n<p><strong>3. Nem sempre terei uma raz\u00e3o para ficar deprimido<\/strong><\/p>\n\n\n\n<p>A depress\u00e3o pode afetar qualquer um e \u00e9 uma doen\u00e7a. Dessa forma, se voc\u00ea conhece algu\u00e9m com esse problema, n\u00e3o tente encontrar raz\u00f5es concretas que possam ter deixado a pessoa nessa condi\u00e7\u00e3o.<\/p>\n\n\n\n<p><strong>4. Estou me afastando porque gosto de voc\u00ea e n\u00e3o quero te deixar triste<\/strong><\/p>\n\n\n\n<p>Amigos e familiares sofrem muito ao ver algu\u00e9m querido enfrentar a depress\u00e3o, principalmente por n\u00e3o encontrarem formas de ajudar. Muitas vezes isso faz com que a pessoa que sofre com a doen\u00e7a acabe se afastando de todos, fale coisas que n\u00e3o tem a inten\u00e7\u00e3o de dizer e at\u00e9 mesmo trate com agressividade quem est\u00e1 a sua volta.<\/p>\n\n\n\n<p><strong>5. Minhas metas podem parecer banais, mas s\u00e3o importantes para mim<\/strong><\/p>\n\n\n\n<p>Sair da cama, conversar com algu\u00e9m sobre o que est\u00e1 sentindo ou at\u00e9 mesmo arrumar o cabelo. Essas a\u00e7\u00f5es simples, sem import\u00e2ncia para muita gente, muitas vezes s\u00e3o consideradas verdadeiras conquistas de quem sofre com uma depress\u00e3o mais severa.<\/p>\n\n\n\n<p><strong>6. Posso ter momentos felizes, mesmo com depress\u00e3o<\/strong><\/p>\n\n\n\n<p>Para quem sofre com a depress\u00e3o, grande parte dos dias s\u00e3o complicados. Mas nem todos. Existem momentos em que a pessoa consegue se sentir bem e se divertir. A verdade \u00e9 que existe uma oscila\u00e7\u00e3o do humor, que faz com que muitas pessoas duvidem da gravidade desse problema.<\/p>\n\n\n\n<p><strong>7. N\u00e3o sou uma pessoa fraca<\/strong><\/p>\n\n\n\n<p>\u00c9 comum encontrar quem acredite que depress\u00e3o seja um sinal de fraqueza. As pessoas pensam: \u201cSemana passada eu me senti muito triste tamb\u00e9m, mas j\u00e1 superei\u201d. O problema \u00e9 que quem tem depress\u00e3o sente coisas diferentes de voc\u00ea, que teve um dia ruim.<\/p>\n\n\n\n<p><strong>8. Depress\u00e3o n\u00e3o \u00e9 sin\u00f4nimo de rem\u00e9dios<\/strong><\/p>\n\n\n\n<p>Pessoas diagnosticadas com depress\u00e3o n\u00e3o devem obrigatoriamente tomar medica\u00e7\u00e3o. E, caso tomem, n\u00e3o significa que os sintomas do problema v\u00e3o sumir de um dia para o outro. Na verdade, a vis\u00e3o negativa dos rem\u00e9dios, muitas vezes usados por pessoas que n\u00e3o precisam, faz com que muitos pacientes n\u00e3o queiram se medicar, com medo da forma como ser\u00e3o vistos pela fam\u00edlia e pelos amigos.<\/p>\n\n\n\n<p><strong>9. N\u00e3o precisa \u201cpisar em ovos\u201d para falar comigo<\/strong><\/p>\n\n\n\n<p>Claro que voc\u00ea deve tomar cuidado para n\u00e3o ofender ou magoar uma pessoa querida que est\u00e1 com depress\u00e3o, mas nada de exagerar. O melhor gesto que voc\u00ea pode fazer por um amigo que sofre com esse problema \u00e9 simplesmente ser o amigo que voc\u00ea sempre foi para ele. Estar presente e ser um ouvinte atento tamb\u00e9m pode ser bom.<\/p>\n\n\n\n<p><strong>10. N\u00e3o preciso ocupar minha cabe\u00e7a e nem sou pregui\u00e7oso<\/strong><\/p>\n\n\n\n<p>Na depress\u00e3o, o des\u00e2nimo e a falta de energia para sair da cama ou realizar atividades n\u00e3o s\u00e3o gerados por pregui\u00e7a, mas sim pela falta de motiva\u00e7\u00e3o que a pessoa sente.<\/p>\n\n\n\n<p><strong>11. Podemos conversar sobre muitos assuntos al\u00e9m da depress\u00e3o<\/strong><\/p>\n\n\n\n<p>Ao encontrar algu\u00e9m que convive com a depress\u00e3o, algumas pessoas podem querer falar apenas sobre isso. Entretanto, quem sofre com a doen\u00e7a pode querer buscar a distra\u00e7\u00e3o e o foco em assuntos prazerosos, para desviar o foco de um grande sofrimento j\u00e1 existente em suas rotinas.<\/p>\n\n\n\n<p><strong>12. Suas palavras me fazem bem<\/strong><\/p>\n\n\n\n<p>Pode ser bem dif\u00edcil saber o que dizer e o que fazer para ajudar nessa situa\u00e7\u00e3o. Contudo, palavras gentis fazem bem, mesmo que a pessoa n\u00e3o consiga demonstrar o quanto ela gostou do que disse. Demonstrar gratid\u00e3o pelo ato pode ser dif\u00edcil, mas, no fundo, a mensagem ficar\u00e1 guardada e ajudar\u00e1 no processo de recupera\u00e7\u00e3o.<\/p>\n\n\n\n<p><strong>13. N\u00e3o \u00e9 porque algo funcionou para outra pessoa, que deve funcionar para mim tamb\u00e9m<\/strong><\/p>\n\n\n\n<p>Exerc\u00edcios f\u00edsicos, \u00f3leos essenciais, medicamentos, animais de estima\u00e7\u00e3o. Por meio das hist\u00f3rias de outras pessoas com depress\u00e3o, amigos e parentes come\u00e7am a sugerir as mais variadas op\u00e7\u00f5es de tratamentos e, claro, com as melhores inten\u00e7\u00f5es. Mas isso gera uma certa expectativa em todos, principalmente na pessoa que sofre com o problema. Por isso, pense bem antes de trazer uma sugest\u00e3o e tenha paci\u00eancia, pois pode n\u00e3o funcionar t\u00e3o bem quanto na outra pessoa.<\/p>\n\n\n\n<p><strong>14. Estou me esfor\u00e7ando para melhorar<\/strong><\/p>\n\n\n\n<p>A recupera\u00e7\u00e3o da depress\u00e3o n\u00e3o \u00e9 algo simples. Dizer que para melhorar basta querer \u00e9 uma afirma\u00e7\u00e3o irreal e pouco emp\u00e1tica. O caminho para a cura \u00e9 longo, e necessita de tratamento especializado, com terapia ou medica\u00e7\u00e3o. Neste processo, que pode durar meses ou at\u00e9 anos, a sua participa\u00e7\u00e3o \u00e9 muito importante, apoiando e se mantendo presente nos bons e maus momentos.<\/p>\n\n\n\n<p>Ent\u00e3o se voc\u00ea ver algu\u00e9m que apresente esses sinais. Saiba que ele ou ela provavelmente precisa da sua ajuda.<\/p>\n\n\n\n<p>Fontes: <a href=\"https:\/\/www.vittude.com\/blog\/13-sintomas-de-depressao\/\">Virtude.com<\/a>, <a href=\"https:\/\/www.minhavida.com.br\/bem-estar\/listas\/22701-14-coisas-que-pessoas-com-depressao-querem-muito-que-voce-saiba\">Minha Vida<\/a>, <a href=\"https:\/\/www.setembroamarelo.com\/\">Setembroamarelo.com<\/a>.<\/p>\n\n\n\n<p><em>Texto criado em 22 de outubro de 2020.<\/em><\/p>\n","protected":false},"excerpt":{"rendered":"<p>Doen\u00e7a do s\u00e9culo: Aten\u00e7\u00e3o com o sinal amarelo Ol\u00e1 galera, tudo bem com voc\u00eas? Vim debatermos um tema que vem afetando a sociedade de forma preocupante atualmente, h\u00e1 quem se [&hellip;]<\/p>\n","protected":false},"author":2,"featured_media":3381,"comment_status":"open","ping_status":"open","sticky":false,"template":"","format":"standard","meta":{"om_disable_all_campaigns":false,"_monsterinsights_skip_tracking":false,"_monsterinsights_sitenote_active":false,"_monsterinsights_sitenote_note":"","_monsterinsights_sitenote_category":0,"_uf_show_specific_survey":0,"_uf_disable_surveys":false,"_price":"","_stock":"","_tribe_ticket_header":"","_tribe_default_ticket_provider":"","_tribe_ticket_capacity":"0","_ticket_start_date":"","_ticket_end_date":"","_tribe_ticket_show_description":"","_tribe_ticket_show_not_going":false,"_tribe_ticket_use_global_stock":"","_tribe_ticket_global_stock_level":"","_global_stock_mode":"","_global_stock_cap":"","_tribe_rsvp_for_event":"","_tribe_ticket_going_count":"","_tribe_ticket_not_going_count":"","_tribe_tickets_list":"[]","_tribe_ticket_has_attendee_info_fields":false,"_EventAllDay":false,"_EventTimezone":"","_EventStartDate":"","_EventEndDate":"","_EventStartDateUTC":"","_EventEndDateUTC":"","_EventShowMap":false,"_EventShowMapLink":false,"_EventURL":"","_EventCost":"","_EventCostDescription":"","_EventCurrencySymbol":"","_EventCurrencyCode":"","_EventCurrencyPosition":"","_EventDateTimeSeparator":"","_EventTimeRangeSeparator":"","_EventOrganizerID":[],"_EventVenueID":[],"_OrganizerEmail":"","_OrganizerPhone":"","_OrganizerWebsite":"","_VenueAddress":"","_VenueCity":"","_VenueCountry":"","_VenueProvince":"","_VenueState":"","_VenueZip":"","_VenuePhone":"","_VenueURL":"","_VenueStateProvince":"","_VenueLat":"","_VenueLng":"","_VenueShowMap":false,"_VenueShowMapLink":false,"footnotes":""},"categories":[108],"tags":[217,216,218],"class_list":["post-47","post","type-post","status-publish","format-standard","has-post-thumbnail","hentry","category-artigos-pessoais","tag-depressao","tag-doenca-do-seculo","tag-sinal-amarelo"],"yoast_head":"<!-- This site is optimized with the Yoast SEO Premium plugin v26.5 (Yoast SEO v27.4) - https:\/\/yoast.com\/product\/yoast-seo-premium-wordpress\/ -->\n<title>Doen\u00e7a do s\u00e9culo: Aten\u00e7\u00e3o com o sinal amarelo - AConnection Classificados<\/title>\n<meta name=\"robots\" content=\"index, follow, max-snippet:-1, max-image-preview:large, max-video-preview:-1\" \/>\n<link rel=\"canonical\" href=\"https:\/\/aconnection.com.br\/classificados\/doenca-do-seculo-atencao-com-o-sinal-amarelo\/\" \/>\n<meta property=\"og:locale\" content=\"pt_BR\" \/>\n<meta property=\"og:type\" content=\"article\" \/>\n<meta property=\"og:title\" content=\"Doen\u00e7a do s\u00e9culo: Aten\u00e7\u00e3o com o sinal amarelo\" \/>\n<meta property=\"og:description\" content=\"Doen\u00e7a do s\u00e9culo: Aten\u00e7\u00e3o com o sinal amarelo Ol\u00e1 galera, tudo bem com voc\u00eas? Vim debatermos um tema que vem afetando a sociedade de forma preocupante atualmente, h\u00e1 quem se [&hellip;]\" \/>\n<meta property=\"og:url\" content=\"https:\/\/aconnection.com.br\/classificados\/doenca-do-seculo-atencao-com-o-sinal-amarelo\/\" \/>\n<meta property=\"og:site_name\" content=\"AConnection Classificados\" \/>\n<meta property=\"article:published_time\" content=\"2024-09-20T01:00:26+00:00\" \/>\n<meta property=\"article:modified_time\" content=\"2024-10-11T14:44:07+00:00\" \/>\n<meta property=\"og:image\" content=\"https:\/\/aconnection.com.br\/classificados\/wp-content\/uploads\/2020\/10\/sorriso-am.jpg\" \/>\n\t<meta property=\"og:image:width\" content=\"400\" \/>\n\t<meta property=\"og:image:height\" content=\"400\" \/>\n\t<meta property=\"og:image:type\" content=\"image\/jpeg\" \/>\n<meta name=\"author\" content=\"Soliv\u00e1 Guimar\u00e3es Pestana\" \/>\n<meta name=\"twitter:card\" content=\"summary_large_image\" \/>\n<meta name=\"twitter:creator\" content=\"@sticompanyy\" \/>\n<meta name=\"twitter:site\" content=\"@sticompanyy\" \/>\n<meta name=\"twitter:label1\" content=\"Escrito por\" \/>\n\t<meta name=\"twitter:data1\" content=\"Soliv\u00e1 Guimar\u00e3es Pestana\" \/>\n\t<meta name=\"twitter:label2\" content=\"Est. tempo de leitura\" \/>\n\t<meta name=\"twitter:data2\" content=\"7 minutos\" \/>\n<script type=\"application\/ld+json\" class=\"yoast-schema-graph\">{\"@context\":\"https:\\\/\\\/schema.org\",\"@graph\":[{\"@type\":\"Article\",\"@id\":\"https:\\\/\\\/aconnection.com.br\\\/classificados\\\/doenca-do-seculo-atencao-com-o-sinal-amarelo\\\/#article\",\"isPartOf\":{\"@id\":\"https:\\\/\\\/aconnection.com.br\\\/classificados\\\/doenca-do-seculo-atencao-com-o-sinal-amarelo\\\/\"},\"author\":{\"name\":\"Soliv\u00e1 Guimar\u00e3es Pestana\",\"@id\":\"https:\\\/\\\/aconnection.com.br\\\/classificados\\\/#\\\/schema\\\/person\\\/1876eca300517da830b7d9a036e3b01b\"},\"headline\":\"Doen\u00e7a do s\u00e9culo: Aten\u00e7\u00e3o com o sinal amarelo\",\"datePublished\":\"2024-09-20T01:00:26+00:00\",\"dateModified\":\"2024-10-11T14:44:07+00:00\",\"mainEntityOfPage\":{\"@id\":\"https:\\\/\\\/aconnection.com.br\\\/classificados\\\/doenca-do-seculo-atencao-com-o-sinal-amarelo\\\/\"},\"wordCount\":1280,\"commentCount\":0,\"publisher\":{\"@id\":\"https:\\\/\\\/aconnection.com.br\\\/classificados\\\/#organization\"},\"image\":{\"@id\":\"https:\\\/\\\/aconnection.com.br\\\/classificados\\\/doenca-do-seculo-atencao-com-o-sinal-amarelo\\\/#primaryimage\"},\"thumbnailUrl\":\"https:\\\/\\\/aconnection.com.br\\\/classificados\\\/wp-content\\\/uploads\\\/2020\\\/10\\\/sorriso-am.jpg\",\"keywords\":[\"depress\u00e3o\",\"doen\u00e7a do seculo\",\"sinal amarelo\"],\"articleSection\":[\"Artigos Pessoais &amp; Opini\u00f5es\"],\"inLanguage\":\"pt-BR\",\"potentialAction\":[{\"@type\":\"CommentAction\",\"name\":\"Comment\",\"target\":[\"https:\\\/\\\/aconnection.com.br\\\/classificados\\\/doenca-do-seculo-atencao-com-o-sinal-amarelo\\\/#respond\"]}]},{\"@type\":\"WebPage\",\"@id\":\"https:\\\/\\\/aconnection.com.br\\\/classificados\\\/doenca-do-seculo-atencao-com-o-sinal-amarelo\\\/\",\"url\":\"https:\\\/\\\/aconnection.com.br\\\/classificados\\\/doenca-do-seculo-atencao-com-o-sinal-amarelo\\\/\",\"name\":\"Doen\u00e7a do s\u00e9culo: Aten\u00e7\u00e3o com o sinal amarelo - AConnection Classificados\",\"isPartOf\":{\"@id\":\"https:\\\/\\\/aconnection.com.br\\\/classificados\\\/#website\"},\"primaryImageOfPage\":{\"@id\":\"https:\\\/\\\/aconnection.com.br\\\/classificados\\\/doenca-do-seculo-atencao-com-o-sinal-amarelo\\\/#primaryimage\"},\"image\":{\"@id\":\"https:\\\/\\\/aconnection.com.br\\\/classificados\\\/doenca-do-seculo-atencao-com-o-sinal-amarelo\\\/#primaryimage\"},\"thumbnailUrl\":\"https:\\\/\\\/aconnection.com.br\\\/classificados\\\/wp-content\\\/uploads\\\/2020\\\/10\\\/sorriso-am.jpg\",\"datePublished\":\"2024-09-20T01:00:26+00:00\",\"dateModified\":\"2024-10-11T14:44:07+00:00\",\"breadcrumb\":{\"@id\":\"https:\\\/\\\/aconnection.com.br\\\/classificados\\\/doenca-do-seculo-atencao-com-o-sinal-amarelo\\\/#breadcrumb\"},\"inLanguage\":\"pt-BR\",\"potentialAction\":[{\"@type\":\"ReadAction\",\"target\":[\"https:\\\/\\\/aconnection.com.br\\\/classificados\\\/doenca-do-seculo-atencao-com-o-sinal-amarelo\\\/\"]}]},{\"@type\":\"ImageObject\",\"inLanguage\":\"pt-BR\",\"@id\":\"https:\\\/\\\/aconnection.com.br\\\/classificados\\\/doenca-do-seculo-atencao-com-o-sinal-amarelo\\\/#primaryimage\",\"url\":\"https:\\\/\\\/aconnection.com.br\\\/classificados\\\/wp-content\\\/uploads\\\/2020\\\/10\\\/sorriso-am.jpg\",\"contentUrl\":\"https:\\\/\\\/aconnection.com.br\\\/classificados\\\/wp-content\\\/uploads\\\/2020\\\/10\\\/sorriso-am.jpg\",\"width\":400,\"height\":400},{\"@type\":\"BreadcrumbList\",\"@id\":\"https:\\\/\\\/aconnection.com.br\\\/classificados\\\/doenca-do-seculo-atencao-com-o-sinal-amarelo\\\/#breadcrumb\",\"itemListElement\":[{\"@type\":\"ListItem\",\"position\":1,\"name\":\"In\u00edcio\",\"item\":\"https:\\\/\\\/aconnection.com.br\\\/classificados\\\/\"},{\"@type\":\"ListItem\",\"position\":2,\"name\":\"Doen\u00e7a do s\u00e9culo: Aten\u00e7\u00e3o com o sinal amarelo\"}]},{\"@type\":\"WebSite\",\"@id\":\"https:\\\/\\\/aconnection.com.br\\\/classificados\\\/#website\",\"url\":\"https:\\\/\\\/aconnection.com.br\\\/classificados\\\/\",\"name\":\"AConnection Classificados\",\"description\":\"Conectando Clientes, Impulsinando o Seu Neg\u00f3cio\",\"publisher\":{\"@id\":\"https:\\\/\\\/aconnection.com.br\\\/classificados\\\/#organization\"},\"potentialAction\":[{\"@type\":\"SearchAction\",\"target\":{\"@type\":\"EntryPoint\",\"urlTemplate\":\"https:\\\/\\\/aconnection.com.br\\\/classificados\\\/?s={search_term_string}\"},\"query-input\":{\"@type\":\"PropertyValueSpecification\",\"valueRequired\":true,\"valueName\":\"search_term_string\"}}],\"inLanguage\":\"pt-BR\"},{\"@type\":\"Organization\",\"@id\":\"https:\\\/\\\/aconnection.com.br\\\/classificados\\\/#organization\",\"name\":\"AConnection Classificados\",\"url\":\"https:\\\/\\\/aconnection.com.br\\\/classificados\\\/\",\"logo\":{\"@type\":\"ImageObject\",\"inLanguage\":\"pt-BR\",\"@id\":\"https:\\\/\\\/aconnection.com.br\\\/classificados\\\/#\\\/schema\\\/logo\\\/image\\\/\",\"url\":\"https:\\\/\\\/aconnection.com.br\\\/classificados\\\/wp-content\\\/uploads\\\/2021\\\/08\\\/Logomarca-AConnection-05.png\",\"contentUrl\":\"https:\\\/\\\/aconnection.com.br\\\/classificados\\\/wp-content\\\/uploads\\\/2021\\\/08\\\/Logomarca-AConnection-05.png\",\"width\":3098,\"height\":2860,\"caption\":\"AConnection Classificados\"},\"image\":{\"@id\":\"https:\\\/\\\/aconnection.com.br\\\/classificados\\\/#\\\/schema\\\/logo\\\/image\\\/\"},\"sameAs\":[\"https:\\\/\\\/x.com\\\/sticompanyy\",\"https:\\\/\\\/www.instagram.com\\\/sti.company\"]},{\"@type\":\"Person\",\"@id\":\"https:\\\/\\\/aconnection.com.br\\\/classificados\\\/#\\\/schema\\\/person\\\/1876eca300517da830b7d9a036e3b01b\",\"name\":\"Soliv\u00e1 Guimar\u00e3es Pestana\",\"image\":{\"@type\":\"ImageObject\",\"inLanguage\":\"pt-BR\",\"@id\":\"https:\\\/\\\/secure.gravatar.com\\\/avatar\\\/e2da6b8bf6db91c613d93bddb7f16b9d1af2610e2d70973ede034c8dcdacd4ab?s=96&d=mm&r=g\",\"url\":\"https:\\\/\\\/secure.gravatar.com\\\/avatar\\\/e2da6b8bf6db91c613d93bddb7f16b9d1af2610e2d70973ede034c8dcdacd4ab?s=96&d=mm&r=g\",\"contentUrl\":\"https:\\\/\\\/secure.gravatar.com\\\/avatar\\\/e2da6b8bf6db91c613d93bddb7f16b9d1af2610e2d70973ede034c8dcdacd4ab?s=96&d=mm&r=g\",\"caption\":\"Soliv\u00e1 Guimar\u00e3es Pestana\"},\"description\":\"Natural de Itanh\u00e9m, Bahia. Casado, pai de um filho. Tecn\u00f3logo em an\u00e1lise e Desenvolvimento de Sistemas, Bacharel em Administra\u00e7\u00e3o P\u00fablica. Na Contabilidade Pires atua como Auxiliar de contabilidade(RH). Nos hor\u00e1rios extras atua como profissional de inform\u00e1tica e suas tecnologias. Apaixonado por tecnologia, finan\u00e7as e futebol, torcedor do Fluminense-RJ, Cat\u00f3lico Apost\u00f3lico Romano. Propriet\u00e1rio dos sites www.sticompany.com.br e www.aconnection.com.br.\",\"sameAs\":[\"http:\\\/\\\/www.sticompany.com.br\"],\"url\":\"https:\\\/\\\/aconnection.com.br\\\/classificados\\\/author\\\/solivagp\\\/\"}]}<\/script>\n<!-- \/ Yoast SEO Premium plugin. -->","yoast_head_json":{"title":"Doen\u00e7a do s\u00e9culo: Aten\u00e7\u00e3o com o sinal amarelo - AConnection Classificados","robots":{"index":"index","follow":"follow","max-snippet":"max-snippet:-1","max-image-preview":"max-image-preview:large","max-video-preview":"max-video-preview:-1"},"canonical":"https:\/\/aconnection.com.br\/classificados\/doenca-do-seculo-atencao-com-o-sinal-amarelo\/","og_locale":"pt_BR","og_type":"article","og_title":"Doen\u00e7a do s\u00e9culo: Aten\u00e7\u00e3o com o sinal amarelo","og_description":"Doen\u00e7a do s\u00e9culo: Aten\u00e7\u00e3o com o sinal amarelo Ol\u00e1 galera, tudo bem com voc\u00eas? Vim debatermos um tema que vem afetando a sociedade de forma preocupante atualmente, h\u00e1 quem se [&hellip;]","og_url":"https:\/\/aconnection.com.br\/classificados\/doenca-do-seculo-atencao-com-o-sinal-amarelo\/","og_site_name":"AConnection Classificados","article_published_time":"2024-09-20T01:00:26+00:00","article_modified_time":"2024-10-11T14:44:07+00:00","og_image":[{"width":400,"height":400,"url":"https:\/\/aconnection.com.br\/classificados\/wp-content\/uploads\/2020\/10\/sorriso-am.jpg","type":"image\/jpeg"}],"author":"Soliv\u00e1 Guimar\u00e3es Pestana","twitter_card":"summary_large_image","twitter_creator":"@sticompanyy","twitter_site":"@sticompanyy","twitter_misc":{"Escrito por":"Soliv\u00e1 Guimar\u00e3es Pestana","Est. tempo de leitura":"7 minutos"},"schema":{"@context":"https:\/\/schema.org","@graph":[{"@type":"Article","@id":"https:\/\/aconnection.com.br\/classificados\/doenca-do-seculo-atencao-com-o-sinal-amarelo\/#article","isPartOf":{"@id":"https:\/\/aconnection.com.br\/classificados\/doenca-do-seculo-atencao-com-o-sinal-amarelo\/"},"author":{"name":"Soliv\u00e1 Guimar\u00e3es Pestana","@id":"https:\/\/aconnection.com.br\/classificados\/#\/schema\/person\/1876eca300517da830b7d9a036e3b01b"},"headline":"Doen\u00e7a do s\u00e9culo: Aten\u00e7\u00e3o com o sinal amarelo","datePublished":"2024-09-20T01:00:26+00:00","dateModified":"2024-10-11T14:44:07+00:00","mainEntityOfPage":{"@id":"https:\/\/aconnection.com.br\/classificados\/doenca-do-seculo-atencao-com-o-sinal-amarelo\/"},"wordCount":1280,"commentCount":0,"publisher":{"@id":"https:\/\/aconnection.com.br\/classificados\/#organization"},"image":{"@id":"https:\/\/aconnection.com.br\/classificados\/doenca-do-seculo-atencao-com-o-sinal-amarelo\/#primaryimage"},"thumbnailUrl":"https:\/\/aconnection.com.br\/classificados\/wp-content\/uploads\/2020\/10\/sorriso-am.jpg","keywords":["depress\u00e3o","doen\u00e7a do seculo","sinal amarelo"],"articleSection":["Artigos Pessoais &amp; Opini\u00f5es"],"inLanguage":"pt-BR","potentialAction":[{"@type":"CommentAction","name":"Comment","target":["https:\/\/aconnection.com.br\/classificados\/doenca-do-seculo-atencao-com-o-sinal-amarelo\/#respond"]}]},{"@type":"WebPage","@id":"https:\/\/aconnection.com.br\/classificados\/doenca-do-seculo-atencao-com-o-sinal-amarelo\/","url":"https:\/\/aconnection.com.br\/classificados\/doenca-do-seculo-atencao-com-o-sinal-amarelo\/","name":"Doen\u00e7a do s\u00e9culo: Aten\u00e7\u00e3o com o sinal amarelo - AConnection Classificados","isPartOf":{"@id":"https:\/\/aconnection.com.br\/classificados\/#website"},"primaryImageOfPage":{"@id":"https:\/\/aconnection.com.br\/classificados\/doenca-do-seculo-atencao-com-o-sinal-amarelo\/#primaryimage"},"image":{"@id":"https:\/\/aconnection.com.br\/classificados\/doenca-do-seculo-atencao-com-o-sinal-amarelo\/#primaryimage"},"thumbnailUrl":"https:\/\/aconnection.com.br\/classificados\/wp-content\/uploads\/2020\/10\/sorriso-am.jpg","datePublished":"2024-09-20T01:00:26+00:00","dateModified":"2024-10-11T14:44:07+00:00","breadcrumb":{"@id":"https:\/\/aconnection.com.br\/classificados\/doenca-do-seculo-atencao-com-o-sinal-amarelo\/#breadcrumb"},"inLanguage":"pt-BR","potentialAction":[{"@type":"ReadAction","target":["https:\/\/aconnection.com.br\/classificados\/doenca-do-seculo-atencao-com-o-sinal-amarelo\/"]}]},{"@type":"ImageObject","inLanguage":"pt-BR","@id":"https:\/\/aconnection.com.br\/classificados\/doenca-do-seculo-atencao-com-o-sinal-amarelo\/#primaryimage","url":"https:\/\/aconnection.com.br\/classificados\/wp-content\/uploads\/2020\/10\/sorriso-am.jpg","contentUrl":"https:\/\/aconnection.com.br\/classificados\/wp-content\/uploads\/2020\/10\/sorriso-am.jpg","width":400,"height":400},{"@type":"BreadcrumbList","@id":"https:\/\/aconnection.com.br\/classificados\/doenca-do-seculo-atencao-com-o-sinal-amarelo\/#breadcrumb","itemListElement":[{"@type":"ListItem","position":1,"name":"In\u00edcio","item":"https:\/\/aconnection.com.br\/classificados\/"},{"@type":"ListItem","position":2,"name":"Doen\u00e7a do s\u00e9culo: Aten\u00e7\u00e3o com o sinal amarelo"}]},{"@type":"WebSite","@id":"https:\/\/aconnection.com.br\/classificados\/#website","url":"https:\/\/aconnection.com.br\/classificados\/","name":"AConnection Classificados","description":"Conectando Clientes, Impulsinando o Seu Neg\u00f3cio","publisher":{"@id":"https:\/\/aconnection.com.br\/classificados\/#organization"},"potentialAction":[{"@type":"SearchAction","target":{"@type":"EntryPoint","urlTemplate":"https:\/\/aconnection.com.br\/classificados\/?s={search_term_string}"},"query-input":{"@type":"PropertyValueSpecification","valueRequired":true,"valueName":"search_term_string"}}],"inLanguage":"pt-BR"},{"@type":"Organization","@id":"https:\/\/aconnection.com.br\/classificados\/#organization","name":"AConnection Classificados","url":"https:\/\/aconnection.com.br\/classificados\/","logo":{"@type":"ImageObject","inLanguage":"pt-BR","@id":"https:\/\/aconnection.com.br\/classificados\/#\/schema\/logo\/image\/","url":"https:\/\/aconnection.com.br\/classificados\/wp-content\/uploads\/2021\/08\/Logomarca-AConnection-05.png","contentUrl":"https:\/\/aconnection.com.br\/classificados\/wp-content\/uploads\/2021\/08\/Logomarca-AConnection-05.png","width":3098,"height":2860,"caption":"AConnection Classificados"},"image":{"@id":"https:\/\/aconnection.com.br\/classificados\/#\/schema\/logo\/image\/"},"sameAs":["https:\/\/x.com\/sticompanyy","https:\/\/www.instagram.com\/sti.company"]},{"@type":"Person","@id":"https:\/\/aconnection.com.br\/classificados\/#\/schema\/person\/1876eca300517da830b7d9a036e3b01b","name":"Soliv\u00e1 Guimar\u00e3es Pestana","image":{"@type":"ImageObject","inLanguage":"pt-BR","@id":"https:\/\/secure.gravatar.com\/avatar\/e2da6b8bf6db91c613d93bddb7f16b9d1af2610e2d70973ede034c8dcdacd4ab?s=96&d=mm&r=g","url":"https:\/\/secure.gravatar.com\/avatar\/e2da6b8bf6db91c613d93bddb7f16b9d1af2610e2d70973ede034c8dcdacd4ab?s=96&d=mm&r=g","contentUrl":"https:\/\/secure.gravatar.com\/avatar\/e2da6b8bf6db91c613d93bddb7f16b9d1af2610e2d70973ede034c8dcdacd4ab?s=96&d=mm&r=g","caption":"Soliv\u00e1 Guimar\u00e3es Pestana"},"description":"Natural de Itanh\u00e9m, Bahia. Casado, pai de um filho. Tecn\u00f3logo em an\u00e1lise e Desenvolvimento de Sistemas, Bacharel em Administra\u00e7\u00e3o P\u00fablica. Na Contabilidade Pires atua como Auxiliar de contabilidade(RH). Nos hor\u00e1rios extras atua como profissional de inform\u00e1tica e suas tecnologias. Apaixonado por tecnologia, finan\u00e7as e futebol, torcedor do Fluminense-RJ, Cat\u00f3lico Apost\u00f3lico Romano. Propriet\u00e1rio dos sites www.sticompany.com.br e www.aconnection.com.br.","sameAs":["http:\/\/www.sticompany.com.br"],"url":"https:\/\/aconnection.com.br\/classificados\/author\/solivagp\/"}]}},"_links":{"self":[{"href":"https:\/\/aconnection.com.br\/classificados\/wp-json\/wp\/v2\/posts\/47","targetHints":{"allow":["GET"]}}],"collection":[{"href":"https:\/\/aconnection.com.br\/classificados\/wp-json\/wp\/v2\/posts"}],"about":[{"href":"https:\/\/aconnection.com.br\/classificados\/wp-json\/wp\/v2\/types\/post"}],"author":[{"embeddable":true,"href":"https:\/\/aconnection.com.br\/classificados\/wp-json\/wp\/v2\/users\/2"}],"replies":[{"embeddable":true,"href":"https:\/\/aconnection.com.br\/classificados\/wp-json\/wp\/v2\/comments?post=47"}],"version-history":[{"count":5,"href":"https:\/\/aconnection.com.br\/classificados\/wp-json\/wp\/v2\/posts\/47\/revisions"}],"predecessor-version":[{"id":4557,"href":"https:\/\/aconnection.com.br\/classificados\/wp-json\/wp\/v2\/posts\/47\/revisions\/4557"}],"wp:featuredmedia":[{"embeddable":true,"href":"https:\/\/aconnection.com.br\/classificados\/wp-json\/wp\/v2\/media\/3381"}],"wp:attachment":[{"href":"https:\/\/aconnection.com.br\/classificados\/wp-json\/wp\/v2\/media?parent=47"}],"wp:term":[{"taxonomy":"category","embeddable":true,"href":"https:\/\/aconnection.com.br\/classificados\/wp-json\/wp\/v2\/categories?post=47"},{"taxonomy":"post_tag","embeddable":true,"href":"https:\/\/aconnection.com.br\/classificados\/wp-json\/wp\/v2\/tags?post=47"}],"curies":[{"name":"wp","href":"https:\/\/api.w.org\/{rel}","templated":true}]}}