{"id":4725,"date":"2025-03-13T20:00:00","date_gmt":"2025-03-13T23:00:00","guid":{"rendered":"https:\/\/aconnection.com.br\/classificados\/?p=4725"},"modified":"2026-02-26T10:59:23","modified_gmt":"2026-02-26T13:59:23","slug":"sedec-e-cdl-lancam-mega-promocao-de-15-de-desconto-para-o-dia-do-consumidor","status":"publish","type":"post","link":"https:\/\/aconnection.com.br\/classificados\/sedec-e-cdl-lancam-mega-promocao-de-15-de-desconto-para-o-dia-do-consumidor\/","title":{"rendered":"Sedec e CDL lan\u00e7am mega promo\u00e7\u00e3o de 15% de desconto para o Dia do Consumidor"},"content":{"rendered":"\n<p>A Secretaria de Desenvolvimento Econ\u00f4mico de Itanh\u00e9m (Sedec), em parceria com a C\u00e2mara de Dirigentes Lojistas (CDL), anunciou uma grande a\u00e7\u00e3o para celebrar o Dia do Consumidor, comemorado em 15 de mar\u00e7o. Nos dias 14 e 15 de mar\u00e7o, os consumidores poder\u00e3o aproveitar uma promo\u00e7\u00e3o especial de 15% de desconto em compras \u00e0 vista, no Pix ou no d\u00e9bito, em todas as lojas participantes do projeto.<\/p>\n\n\n\n<p>O Dia do Consumidor tem se consolidado como uma data relevante para o varejo brasileiro, sendo considerada a segunda mais importante para o com\u00e9rcio eletr\u00f4nico, atr\u00e1s apenas da Black Friday. Com isso, a iniciativa busca fortalecer o com\u00e9rcio local e oferecer benef\u00edcios diretos aos clientes da cidade.<\/p>\n\n\n\n<p><strong>De acordo com M\u00f4nix de Sousa, secret\u00e1ria de Desenvolvimento Econ\u00f4mico, essa a\u00e7\u00e3o \u00e9 apenas o come\u00e7o de um trabalho cont\u00ednuo para impulsionar o setor. \u201cEste \u00e9 um projeto piloto que representar\u00e1 o in\u00edcio de diversas a\u00e7\u00f5es que ser\u00e3o tomadas pela Sedec para fomentar o com\u00e9rcio. A ideia \u00e9 transformar essa data em um evento permanente para estimular os consumidores a comprar no com\u00e9rcio local e ter um maior incentivo\u201d, afirmou.<\/strong><\/p>\n\n\n\n<p>A ades\u00e3o dos comerciantes tem sido expressiva. Mais de 50 lojistas (ver abaixo) j\u00e1 confirmaram participa\u00e7\u00e3o, demonstrando a receptividade e o entusiasmo do setor com a iniciativa. A expectativa \u00e9 que a campanha estimule as vendas e fortale\u00e7a a economia local, consolidando o Dia do Consumidor como um momento estrat\u00e9gico para o com\u00e9rcio de Itanh\u00e9m.<\/p>\n\n\n\n<figure class=\"wp-block-image size-full is-resized\"><img fetchpriority=\"high\" decoding=\"async\" width=\"576\" height=\"1024\" src=\"https:\/\/aconnection.com.br\/classificados\/wp-content\/uploads\/2025\/03\/semanadoconsumidor.jpg\" alt=\"\" class=\"wp-image-4726\" style=\"width:802px;height:auto\"\/><\/figure>\n\n\n\n<p><strong><em>Fonte: <a href=\"https:\/\/podcafenews.com.br\/site\/2025\/03\/12\/sedec-e-cdl-lancam-mega-promocao-de-15-de-desconto-para-o-dia-do-consumidor\/\" target=\"_blank\" rel=\"noreferrer noopener\">PodCaf\u00e9News<\/a><\/em><\/strong><\/p>\n","protected":false},"excerpt":{"rendered":"<p>A Secretaria de Desenvolvimento Econ\u00f4mico de Itanh\u00e9m (Sedec), em parceria com a C\u00e2mara de Dirigentes Lojistas (CDL), anunciou uma grande a\u00e7\u00e3o para celebrar o Dia do Consumidor, comemorado em 15 [&hellip;]<\/p>\n","protected":false},"author":2,"featured_media":3786,"comment_status":"open","ping_status":"open","sticky":false,"template":"","format":"standard","meta":{"om_disable_all_campaigns":false,"_monsterinsights_skip_tracking":false,"_monsterinsights_sitenote_active":false,"_monsterinsights_sitenote_note":"","_monsterinsights_sitenote_category":0,"_uf_show_specific_survey":0,"_uf_disable_surveys":false,"_price":"","_stock":"","_tribe_ticket_header":"","_tribe_default_ticket_provider":"","_tribe_ticket_capacity":"0","_ticket_start_date":"","_ticket_end_date":"","_tribe_ticket_show_description":"","_tribe_ticket_show_not_going":false,"_tribe_ticket_use_global_stock":"","_tribe_ticket_global_stock_level":"","_global_stock_mode":"","_global_stock_cap":"","_tribe_rsvp_for_event":"","_tribe_ticket_going_count":"","_tribe_ticket_not_going_count":"","_tribe_tickets_list":"[]","_tribe_ticket_has_attendee_info_fields":false,"_EventAllDay":false,"_EventTimezone":"","_EventStartDate":"","_EventEndDate":"","_EventStartDateUTC":"","_EventEndDateUTC":"","_EventShowMap":false,"_EventShowMapLink":false,"_EventURL":"","_EventCost":"","_EventCostDescription":"","_EventCurrencySymbol":"","_EventCurrencyCode":"","_EventCurrencyPosition":"","_EventDateTimeSeparator":"","_EventTimeRangeSeparator":"","_EventOrganizerID":[],"_EventVenueID":[],"_OrganizerEmail":"","_OrganizerPhone":"","_OrganizerWebsite":"","_VenueAddress":"","_VenueCity":"","_VenueCountry":"","_VenueProvince":"","_VenueState":"","_VenueZip":"","_VenuePhone":"","_VenueURL":"","_VenueStateProvince":"","_VenueLat":"","_VenueLng":"","_VenueShowMap":false,"_VenueShowMapLink":false,"footnotes":""},"categories":[569],"tags":[],"class_list":["post-4725","post","type-post","status-publish","format-standard","has-post-thumbnail","hentry","category-comunidade"],"yoast_head":"<!-- This site is optimized with the Yoast SEO Premium plugin v26.5 (Yoast SEO v27.5) - https:\/\/yoast.com\/product\/yoast-seo-premium-wordpress\/ -->\n<title>Sedec e CDL lan\u00e7am mega promo\u00e7\u00e3o de 15% de desconto para o Dia do Consumidor - AConnection Classificados<\/title>\n<meta name=\"robots\" content=\"index, follow, max-snippet:-1, max-image-preview:large, max-video-preview:-1\" \/>\n<link rel=\"canonical\" href=\"https:\/\/aconnection.com.br\/classificados\/sedec-e-cdl-lancam-mega-promocao-de-15-de-desconto-para-o-dia-do-consumidor\/\" \/>\n<meta property=\"og:locale\" content=\"pt_BR\" \/>\n<meta property=\"og:type\" content=\"article\" \/>\n<meta property=\"og:title\" content=\"Sedec e CDL lan\u00e7am mega promo\u00e7\u00e3o de 15% de desconto para o Dia do Consumidor\" \/>\n<meta property=\"og:description\" content=\"A Secretaria de Desenvolvimento Econ\u00f4mico de Itanh\u00e9m (Sedec), em parceria com a C\u00e2mara de Dirigentes Lojistas (CDL), anunciou uma grande a\u00e7\u00e3o para celebrar o Dia do Consumidor, comemorado em 15 [&hellip;]\" \/>\n<meta property=\"og:url\" content=\"https:\/\/aconnection.com.br\/classificados\/sedec-e-cdl-lancam-mega-promocao-de-15-de-desconto-para-o-dia-do-consumidor\/\" \/>\n<meta property=\"og:site_name\" content=\"AConnection Classificados\" \/>\n<meta property=\"article:published_time\" content=\"2025-03-13T23:00:00+00:00\" \/>\n<meta property=\"article:modified_time\" content=\"2026-02-26T13:59:23+00:00\" \/>\n<meta property=\"og:image\" content=\"https:\/\/aconnection.com.br\/classificados\/wp-content\/uploads\/2024\/07\/IMG-20240703-WA0021-scaled.jpg\" \/>\n\t<meta property=\"og:image:width\" content=\"2560\" \/>\n\t<meta property=\"og:image:height\" content=\"1440\" \/>\n\t<meta property=\"og:image:type\" content=\"image\/jpeg\" \/>\n<meta name=\"author\" content=\"Soliv\u00e1 Guimar\u00e3es Pestana\" \/>\n<meta name=\"twitter:card\" content=\"summary_large_image\" \/>\n<meta name=\"twitter:creator\" content=\"@sticompanyy\" \/>\n<meta name=\"twitter:site\" content=\"@sticompanyy\" \/>\n<meta name=\"twitter:label1\" content=\"Escrito por\" \/>\n\t<meta name=\"twitter:data1\" content=\"Soliv\u00e1 Guimar\u00e3es Pestana\" \/>\n\t<meta name=\"twitter:label2\" content=\"Est. tempo de leitura\" \/>\n\t<meta name=\"twitter:data2\" content=\"2 minutos\" \/>\n<script type=\"application\/ld+json\" class=\"yoast-schema-graph\">{\"@context\":\"https:\\\/\\\/schema.org\",\"@graph\":[{\"@type\":\"Article\",\"@id\":\"https:\\\/\\\/aconnection.com.br\\\/classificados\\\/sedec-e-cdl-lancam-mega-promocao-de-15-de-desconto-para-o-dia-do-consumidor\\\/#article\",\"isPartOf\":{\"@id\":\"https:\\\/\\\/aconnection.com.br\\\/classificados\\\/sedec-e-cdl-lancam-mega-promocao-de-15-de-desconto-para-o-dia-do-consumidor\\\/\"},\"author\":{\"name\":\"Soliv\u00e1 Guimar\u00e3es Pestana\",\"@id\":\"https:\\\/\\\/aconnection.com.br\\\/classificados\\\/#\\\/schema\\\/person\\\/1876eca300517da830b7d9a036e3b01b\"},\"headline\":\"Sedec e CDL lan\u00e7am mega promo\u00e7\u00e3o de 15% de desconto para o Dia do Consumidor\",\"datePublished\":\"2025-03-13T23:00:00+00:00\",\"dateModified\":\"2026-02-26T13:59:23+00:00\",\"mainEntityOfPage\":{\"@id\":\"https:\\\/\\\/aconnection.com.br\\\/classificados\\\/sedec-e-cdl-lancam-mega-promocao-de-15-de-desconto-para-o-dia-do-consumidor\\\/\"},\"wordCount\":278,\"commentCount\":0,\"publisher\":{\"@id\":\"https:\\\/\\\/aconnection.com.br\\\/classificados\\\/#organization\"},\"image\":{\"@id\":\"https:\\\/\\\/aconnection.com.br\\\/classificados\\\/sedec-e-cdl-lancam-mega-promocao-de-15-de-desconto-para-o-dia-do-consumidor\\\/#primaryimage\"},\"thumbnailUrl\":\"https:\\\/\\\/aconnection.com.br\\\/classificados\\\/wp-content\\\/uploads\\\/2024\\\/07\\\/IMG-20240703-WA0021-scaled.jpg\",\"articleSection\":[\"Comunidade\"],\"inLanguage\":\"pt-BR\",\"potentialAction\":[{\"@type\":\"CommentAction\",\"name\":\"Comment\",\"target\":[\"https:\\\/\\\/aconnection.com.br\\\/classificados\\\/sedec-e-cdl-lancam-mega-promocao-de-15-de-desconto-para-o-dia-do-consumidor\\\/#respond\"]}]},{\"@type\":\"WebPage\",\"@id\":\"https:\\\/\\\/aconnection.com.br\\\/classificados\\\/sedec-e-cdl-lancam-mega-promocao-de-15-de-desconto-para-o-dia-do-consumidor\\\/\",\"url\":\"https:\\\/\\\/aconnection.com.br\\\/classificados\\\/sedec-e-cdl-lancam-mega-promocao-de-15-de-desconto-para-o-dia-do-consumidor\\\/\",\"name\":\"Sedec e CDL lan\u00e7am mega promo\u00e7\u00e3o de 15% de desconto para o Dia do Consumidor - AConnection Classificados\",\"isPartOf\":{\"@id\":\"https:\\\/\\\/aconnection.com.br\\\/classificados\\\/#website\"},\"primaryImageOfPage\":{\"@id\":\"https:\\\/\\\/aconnection.com.br\\\/classificados\\\/sedec-e-cdl-lancam-mega-promocao-de-15-de-desconto-para-o-dia-do-consumidor\\\/#primaryimage\"},\"image\":{\"@id\":\"https:\\\/\\\/aconnection.com.br\\\/classificados\\\/sedec-e-cdl-lancam-mega-promocao-de-15-de-desconto-para-o-dia-do-consumidor\\\/#primaryimage\"},\"thumbnailUrl\":\"https:\\\/\\\/aconnection.com.br\\\/classificados\\\/wp-content\\\/uploads\\\/2024\\\/07\\\/IMG-20240703-WA0021-scaled.jpg\",\"datePublished\":\"2025-03-13T23:00:00+00:00\",\"dateModified\":\"2026-02-26T13:59:23+00:00\",\"breadcrumb\":{\"@id\":\"https:\\\/\\\/aconnection.com.br\\\/classificados\\\/sedec-e-cdl-lancam-mega-promocao-de-15-de-desconto-para-o-dia-do-consumidor\\\/#breadcrumb\"},\"inLanguage\":\"pt-BR\",\"potentialAction\":[{\"@type\":\"ReadAction\",\"target\":[\"https:\\\/\\\/aconnection.com.br\\\/classificados\\\/sedec-e-cdl-lancam-mega-promocao-de-15-de-desconto-para-o-dia-do-consumidor\\\/\"]}]},{\"@type\":\"ImageObject\",\"inLanguage\":\"pt-BR\",\"@id\":\"https:\\\/\\\/aconnection.com.br\\\/classificados\\\/sedec-e-cdl-lancam-mega-promocao-de-15-de-desconto-para-o-dia-do-consumidor\\\/#primaryimage\",\"url\":\"https:\\\/\\\/aconnection.com.br\\\/classificados\\\/wp-content\\\/uploads\\\/2024\\\/07\\\/IMG-20240703-WA0021-scaled.jpg\",\"contentUrl\":\"https:\\\/\\\/aconnection.com.br\\\/classificados\\\/wp-content\\\/uploads\\\/2024\\\/07\\\/IMG-20240703-WA0021-scaled.jpg\",\"width\":2560,\"height\":1440},{\"@type\":\"BreadcrumbList\",\"@id\":\"https:\\\/\\\/aconnection.com.br\\\/classificados\\\/sedec-e-cdl-lancam-mega-promocao-de-15-de-desconto-para-o-dia-do-consumidor\\\/#breadcrumb\",\"itemListElement\":[{\"@type\":\"ListItem\",\"position\":1,\"name\":\"In\u00edcio\",\"item\":\"https:\\\/\\\/aconnection.com.br\\\/classificados\\\/\"},{\"@type\":\"ListItem\",\"position\":2,\"name\":\"Sedec e CDL lan\u00e7am mega promo\u00e7\u00e3o de 15% de desconto para o Dia do Consumidor\"}]},{\"@type\":\"WebSite\",\"@id\":\"https:\\\/\\\/aconnection.com.br\\\/classificados\\\/#website\",\"url\":\"https:\\\/\\\/aconnection.com.br\\\/classificados\\\/\",\"name\":\"AConnection Classificados\",\"description\":\"Conectando Clientes, Impulsinando o Seu Neg\u00f3cio\",\"publisher\":{\"@id\":\"https:\\\/\\\/aconnection.com.br\\\/classificados\\\/#organization\"},\"potentialAction\":[{\"@type\":\"SearchAction\",\"target\":{\"@type\":\"EntryPoint\",\"urlTemplate\":\"https:\\\/\\\/aconnection.com.br\\\/classificados\\\/?s={search_term_string}\"},\"query-input\":{\"@type\":\"PropertyValueSpecification\",\"valueRequired\":true,\"valueName\":\"search_term_string\"}}],\"inLanguage\":\"pt-BR\"},{\"@type\":\"Organization\",\"@id\":\"https:\\\/\\\/aconnection.com.br\\\/classificados\\\/#organization\",\"name\":\"AConnection Classificados\",\"url\":\"https:\\\/\\\/aconnection.com.br\\\/classificados\\\/\",\"logo\":{\"@type\":\"ImageObject\",\"inLanguage\":\"pt-BR\",\"@id\":\"https:\\\/\\\/aconnection.com.br\\\/classificados\\\/#\\\/schema\\\/logo\\\/image\\\/\",\"url\":\"https:\\\/\\\/aconnection.com.br\\\/classificados\\\/wp-content\\\/uploads\\\/2021\\\/08\\\/Logomarca-AConnection-05.png\",\"contentUrl\":\"https:\\\/\\\/aconnection.com.br\\\/classificados\\\/wp-content\\\/uploads\\\/2021\\\/08\\\/Logomarca-AConnection-05.png\",\"width\":3098,\"height\":2860,\"caption\":\"AConnection Classificados\"},\"image\":{\"@id\":\"https:\\\/\\\/aconnection.com.br\\\/classificados\\\/#\\\/schema\\\/logo\\\/image\\\/\"},\"sameAs\":[\"https:\\\/\\\/x.com\\\/sticompanyy\",\"https:\\\/\\\/www.instagram.com\\\/sti.company\"]},{\"@type\":\"Person\",\"@id\":\"https:\\\/\\\/aconnection.com.br\\\/classificados\\\/#\\\/schema\\\/person\\\/1876eca300517da830b7d9a036e3b01b\",\"name\":\"Soliv\u00e1 Guimar\u00e3es Pestana\",\"image\":{\"@type\":\"ImageObject\",\"inLanguage\":\"pt-BR\",\"@id\":\"https:\\\/\\\/secure.gravatar.com\\\/avatar\\\/e2da6b8bf6db91c613d93bddb7f16b9d1af2610e2d70973ede034c8dcdacd4ab?s=96&d=mm&r=g\",\"url\":\"https:\\\/\\\/secure.gravatar.com\\\/avatar\\\/e2da6b8bf6db91c613d93bddb7f16b9d1af2610e2d70973ede034c8dcdacd4ab?s=96&d=mm&r=g\",\"contentUrl\":\"https:\\\/\\\/secure.gravatar.com\\\/avatar\\\/e2da6b8bf6db91c613d93bddb7f16b9d1af2610e2d70973ede034c8dcdacd4ab?s=96&d=mm&r=g\",\"caption\":\"Soliv\u00e1 Guimar\u00e3es Pestana\"},\"description\":\"Natural de Itanh\u00e9m, Bahia. Casado, pai de um filho. Tecn\u00f3logo em an\u00e1lise e Desenvolvimento de Sistemas, Bacharel em Administra\u00e7\u00e3o P\u00fablica. Na Contabilidade Pires atua como Auxiliar de contabilidade(RH). Nos hor\u00e1rios extras atua como profissional de inform\u00e1tica e suas tecnologias. Apaixonado por tecnologia, finan\u00e7as e futebol, torcedor do Fluminense-RJ, Cat\u00f3lico Apost\u00f3lico Romano. Propriet\u00e1rio dos sites www.sticompany.com.br e www.aconnection.com.br.\",\"sameAs\":[\"http:\\\/\\\/www.sticompany.com.br\"],\"url\":\"https:\\\/\\\/aconnection.com.br\\\/classificados\\\/author\\\/solivagp\\\/\"}]}<\/script>\n<!-- \/ Yoast SEO Premium plugin. -->","yoast_head_json":{"title":"Sedec e CDL lan\u00e7am mega promo\u00e7\u00e3o de 15% de desconto para o Dia do Consumidor - AConnection Classificados","robots":{"index":"index","follow":"follow","max-snippet":"max-snippet:-1","max-image-preview":"max-image-preview:large","max-video-preview":"max-video-preview:-1"},"canonical":"https:\/\/aconnection.com.br\/classificados\/sedec-e-cdl-lancam-mega-promocao-de-15-de-desconto-para-o-dia-do-consumidor\/","og_locale":"pt_BR","og_type":"article","og_title":"Sedec e CDL lan\u00e7am mega promo\u00e7\u00e3o de 15% de desconto para o Dia do Consumidor","og_description":"A Secretaria de Desenvolvimento Econ\u00f4mico de Itanh\u00e9m (Sedec), em parceria com a C\u00e2mara de Dirigentes Lojistas (CDL), anunciou uma grande a\u00e7\u00e3o para celebrar o Dia do Consumidor, comemorado em 15 [&hellip;]","og_url":"https:\/\/aconnection.com.br\/classificados\/sedec-e-cdl-lancam-mega-promocao-de-15-de-desconto-para-o-dia-do-consumidor\/","og_site_name":"AConnection Classificados","article_published_time":"2025-03-13T23:00:00+00:00","article_modified_time":"2026-02-26T13:59:23+00:00","og_image":[{"width":2560,"height":1440,"url":"https:\/\/aconnection.com.br\/classificados\/wp-content\/uploads\/2024\/07\/IMG-20240703-WA0021-scaled.jpg","type":"image\/jpeg"}],"author":"Soliv\u00e1 Guimar\u00e3es Pestana","twitter_card":"summary_large_image","twitter_creator":"@sticompanyy","twitter_site":"@sticompanyy","twitter_misc":{"Escrito por":"Soliv\u00e1 Guimar\u00e3es Pestana","Est. tempo de leitura":"2 minutos"},"schema":{"@context":"https:\/\/schema.org","@graph":[{"@type":"Article","@id":"https:\/\/aconnection.com.br\/classificados\/sedec-e-cdl-lancam-mega-promocao-de-15-de-desconto-para-o-dia-do-consumidor\/#article","isPartOf":{"@id":"https:\/\/aconnection.com.br\/classificados\/sedec-e-cdl-lancam-mega-promocao-de-15-de-desconto-para-o-dia-do-consumidor\/"},"author":{"name":"Soliv\u00e1 Guimar\u00e3es Pestana","@id":"https:\/\/aconnection.com.br\/classificados\/#\/schema\/person\/1876eca300517da830b7d9a036e3b01b"},"headline":"Sedec e CDL lan\u00e7am mega promo\u00e7\u00e3o de 15% de desconto para o Dia do Consumidor","datePublished":"2025-03-13T23:00:00+00:00","dateModified":"2026-02-26T13:59:23+00:00","mainEntityOfPage":{"@id":"https:\/\/aconnection.com.br\/classificados\/sedec-e-cdl-lancam-mega-promocao-de-15-de-desconto-para-o-dia-do-consumidor\/"},"wordCount":278,"commentCount":0,"publisher":{"@id":"https:\/\/aconnection.com.br\/classificados\/#organization"},"image":{"@id":"https:\/\/aconnection.com.br\/classificados\/sedec-e-cdl-lancam-mega-promocao-de-15-de-desconto-para-o-dia-do-consumidor\/#primaryimage"},"thumbnailUrl":"https:\/\/aconnection.com.br\/classificados\/wp-content\/uploads\/2024\/07\/IMG-20240703-WA0021-scaled.jpg","articleSection":["Comunidade"],"inLanguage":"pt-BR","potentialAction":[{"@type":"CommentAction","name":"Comment","target":["https:\/\/aconnection.com.br\/classificados\/sedec-e-cdl-lancam-mega-promocao-de-15-de-desconto-para-o-dia-do-consumidor\/#respond"]}]},{"@type":"WebPage","@id":"https:\/\/aconnection.com.br\/classificados\/sedec-e-cdl-lancam-mega-promocao-de-15-de-desconto-para-o-dia-do-consumidor\/","url":"https:\/\/aconnection.com.br\/classificados\/sedec-e-cdl-lancam-mega-promocao-de-15-de-desconto-para-o-dia-do-consumidor\/","name":"Sedec e CDL lan\u00e7am mega promo\u00e7\u00e3o de 15% de desconto para o Dia do Consumidor - AConnection Classificados","isPartOf":{"@id":"https:\/\/aconnection.com.br\/classificados\/#website"},"primaryImageOfPage":{"@id":"https:\/\/aconnection.com.br\/classificados\/sedec-e-cdl-lancam-mega-promocao-de-15-de-desconto-para-o-dia-do-consumidor\/#primaryimage"},"image":{"@id":"https:\/\/aconnection.com.br\/classificados\/sedec-e-cdl-lancam-mega-promocao-de-15-de-desconto-para-o-dia-do-consumidor\/#primaryimage"},"thumbnailUrl":"https:\/\/aconnection.com.br\/classificados\/wp-content\/uploads\/2024\/07\/IMG-20240703-WA0021-scaled.jpg","datePublished":"2025-03-13T23:00:00+00:00","dateModified":"2026-02-26T13:59:23+00:00","breadcrumb":{"@id":"https:\/\/aconnection.com.br\/classificados\/sedec-e-cdl-lancam-mega-promocao-de-15-de-desconto-para-o-dia-do-consumidor\/#breadcrumb"},"inLanguage":"pt-BR","potentialAction":[{"@type":"ReadAction","target":["https:\/\/aconnection.com.br\/classificados\/sedec-e-cdl-lancam-mega-promocao-de-15-de-desconto-para-o-dia-do-consumidor\/"]}]},{"@type":"ImageObject","inLanguage":"pt-BR","@id":"https:\/\/aconnection.com.br\/classificados\/sedec-e-cdl-lancam-mega-promocao-de-15-de-desconto-para-o-dia-do-consumidor\/#primaryimage","url":"https:\/\/aconnection.com.br\/classificados\/wp-content\/uploads\/2024\/07\/IMG-20240703-WA0021-scaled.jpg","contentUrl":"https:\/\/aconnection.com.br\/classificados\/wp-content\/uploads\/2024\/07\/IMG-20240703-WA0021-scaled.jpg","width":2560,"height":1440},{"@type":"BreadcrumbList","@id":"https:\/\/aconnection.com.br\/classificados\/sedec-e-cdl-lancam-mega-promocao-de-15-de-desconto-para-o-dia-do-consumidor\/#breadcrumb","itemListElement":[{"@type":"ListItem","position":1,"name":"In\u00edcio","item":"https:\/\/aconnection.com.br\/classificados\/"},{"@type":"ListItem","position":2,"name":"Sedec e CDL lan\u00e7am mega promo\u00e7\u00e3o de 15% de desconto para o Dia do Consumidor"}]},{"@type":"WebSite","@id":"https:\/\/aconnection.com.br\/classificados\/#website","url":"https:\/\/aconnection.com.br\/classificados\/","name":"AConnection Classificados","description":"Conectando Clientes, Impulsinando o Seu Neg\u00f3cio","publisher":{"@id":"https:\/\/aconnection.com.br\/classificados\/#organization"},"potentialAction":[{"@type":"SearchAction","target":{"@type":"EntryPoint","urlTemplate":"https:\/\/aconnection.com.br\/classificados\/?s={search_term_string}"},"query-input":{"@type":"PropertyValueSpecification","valueRequired":true,"valueName":"search_term_string"}}],"inLanguage":"pt-BR"},{"@type":"Organization","@id":"https:\/\/aconnection.com.br\/classificados\/#organization","name":"AConnection Classificados","url":"https:\/\/aconnection.com.br\/classificados\/","logo":{"@type":"ImageObject","inLanguage":"pt-BR","@id":"https:\/\/aconnection.com.br\/classificados\/#\/schema\/logo\/image\/","url":"https:\/\/aconnection.com.br\/classificados\/wp-content\/uploads\/2021\/08\/Logomarca-AConnection-05.png","contentUrl":"https:\/\/aconnection.com.br\/classificados\/wp-content\/uploads\/2021\/08\/Logomarca-AConnection-05.png","width":3098,"height":2860,"caption":"AConnection Classificados"},"image":{"@id":"https:\/\/aconnection.com.br\/classificados\/#\/schema\/logo\/image\/"},"sameAs":["https:\/\/x.com\/sticompanyy","https:\/\/www.instagram.com\/sti.company"]},{"@type":"Person","@id":"https:\/\/aconnection.com.br\/classificados\/#\/schema\/person\/1876eca300517da830b7d9a036e3b01b","name":"Soliv\u00e1 Guimar\u00e3es Pestana","image":{"@type":"ImageObject","inLanguage":"pt-BR","@id":"https:\/\/secure.gravatar.com\/avatar\/e2da6b8bf6db91c613d93bddb7f16b9d1af2610e2d70973ede034c8dcdacd4ab?s=96&d=mm&r=g","url":"https:\/\/secure.gravatar.com\/avatar\/e2da6b8bf6db91c613d93bddb7f16b9d1af2610e2d70973ede034c8dcdacd4ab?s=96&d=mm&r=g","contentUrl":"https:\/\/secure.gravatar.com\/avatar\/e2da6b8bf6db91c613d93bddb7f16b9d1af2610e2d70973ede034c8dcdacd4ab?s=96&d=mm&r=g","caption":"Soliv\u00e1 Guimar\u00e3es Pestana"},"description":"Natural de Itanh\u00e9m, Bahia. Casado, pai de um filho. Tecn\u00f3logo em an\u00e1lise e Desenvolvimento de Sistemas, Bacharel em Administra\u00e7\u00e3o P\u00fablica. Na Contabilidade Pires atua como Auxiliar de contabilidade(RH). Nos hor\u00e1rios extras atua como profissional de inform\u00e1tica e suas tecnologias. Apaixonado por tecnologia, finan\u00e7as e futebol, torcedor do Fluminense-RJ, Cat\u00f3lico Apost\u00f3lico Romano. Propriet\u00e1rio dos sites www.sticompany.com.br e www.aconnection.com.br.","sameAs":["http:\/\/www.sticompany.com.br"],"url":"https:\/\/aconnection.com.br\/classificados\/author\/solivagp\/"}]}},"_links":{"self":[{"href":"https:\/\/aconnection.com.br\/classificados\/wp-json\/wp\/v2\/posts\/4725","targetHints":{"allow":["GET"]}}],"collection":[{"href":"https:\/\/aconnection.com.br\/classificados\/wp-json\/wp\/v2\/posts"}],"about":[{"href":"https:\/\/aconnection.com.br\/classificados\/wp-json\/wp\/v2\/types\/post"}],"author":[{"embeddable":true,"href":"https:\/\/aconnection.com.br\/classificados\/wp-json\/wp\/v2\/users\/2"}],"replies":[{"embeddable":true,"href":"https:\/\/aconnection.com.br\/classificados\/wp-json\/wp\/v2\/comments?post=4725"}],"version-history":[{"count":2,"href":"https:\/\/aconnection.com.br\/classificados\/wp-json\/wp\/v2\/posts\/4725\/revisions"}],"predecessor-version":[{"id":4728,"href":"https:\/\/aconnection.com.br\/classificados\/wp-json\/wp\/v2\/posts\/4725\/revisions\/4728"}],"wp:featuredmedia":[{"embeddable":true,"href":"https:\/\/aconnection.com.br\/classificados\/wp-json\/wp\/v2\/media\/3786"}],"wp:attachment":[{"href":"https:\/\/aconnection.com.br\/classificados\/wp-json\/wp\/v2\/media?parent=4725"}],"wp:term":[{"taxonomy":"category","embeddable":true,"href":"https:\/\/aconnection.com.br\/classificados\/wp-json\/wp\/v2\/categories?post=4725"},{"taxonomy":"post_tag","embeddable":true,"href":"https:\/\/aconnection.com.br\/classificados\/wp-json\/wp\/v2\/tags?post=4725"}],"curies":[{"name":"wp","href":"https:\/\/api.w.org\/{rel}","templated":true}]}}