{"id":53176,"date":"2025-12-04T20:00:35","date_gmt":"2025-12-04T23:00:35","guid":{"rendered":"https:\/\/aconnection.com.br\/classificados\/?p=53176"},"modified":"2026-02-26T11:21:12","modified_gmt":"2026-02-26T14:21:12","slug":"o-poder-do-consumo-consciente-como-apoiar-o-comercio-local-transforma-a-economia-regional","status":"publish","type":"post","link":"https:\/\/aconnection.com.br\/classificados\/o-poder-do-consumo-consciente-como-apoiar-o-comercio-local-transforma-a-economia-regional\/","title":{"rendered":"O poder do consumo consciente: como apoiar o com\u00e9rcio local transforma a economia regional"},"content":{"rendered":"\n<p>Comprar \u00e9 um ato cotidiano \u2014 mas sabia que escolher o com\u00e9rcio local pode fazer sua cidade prosperar? Quando voc\u00ea opta por lojas, servi\u00e7os e produtores da sua pr\u00f3pria regi\u00e3o, o dinheiro circula na comunidade, gera vagas de trabalho e fortalece o tecido econ\u00f4mico local. Isso n\u00e3o \u00e9 s\u00f3 idealismo: estudos e guias de apoio a pequenos neg\u00f3cios mostram que valorizar o com\u00e9rcio da regi\u00e3o traz efeitos concretos para a economia e qualidade de vida locais.<\/p>\n\n\n\n<h3 class=\"wp-block-heading\" id=\"h-por-que-consumir-local-importa\">Por que consumir local importa?<\/h3>\n\n\n\n<p>Ao preferir o com\u00e9rcio local voc\u00ea:<\/p>\n\n\n\n<ul class=\"wp-block-list\">\n<li><strong>Mant\u00e9m a renda circulando<\/strong> na comunidade (o gasto fica \u201cna cidade\u201d e multiplica o efeito econ\u00f4mico).<\/li>\n\n\n\n<li><strong>Gera empregos e oportunidades<\/strong> para vizinhos e fornecedores locais.<\/li>\n\n\n\n<li><strong>Preserva a identidade<\/strong> e os servi\u00e7os adaptados \u00e0 realidade local. Essas vantagens s\u00e3o enfatizadas por \u00f3rg\u00e3os de apoio ao empreendedorismo, que recomendam pol\u00edticas e pr\u00e1ticas para valorizar neg\u00f3cios regionais.<\/li>\n<\/ul>\n\n\n\n<h3 class=\"wp-block-heading\" id=\"h-consumo-consciente-definicao-pratica\">Consumo consciente: defini\u00e7\u00e3o pr\u00e1tica<\/h3>\n\n\n\n<p>Consumo consciente \u00e9 escolher produtos e servi\u00e7os considerando impactos ambientais, sociais e econ\u00f4micos \u2014 n\u00e3o apenas o pre\u00e7o. Isso inclui comprar com menos desperd\u00edcio, priorizar qualidade e, quando poss\u00edvel, dar prefer\u00eancia a produtores locais. Pr\u00e1ticas como reduzir, reutilizar e escolher itens dur\u00e1veis s\u00e3o parte desse movimento.<\/p>\n\n\n\n<h3 class=\"wp-block-heading\" id=\"h-como-apoiar-o-comercio-local-hoje-7-acoes-praticas\">Como apoiar o com\u00e9rcio local hoje \u2014 7 a\u00e7\u00f5es pr\u00e1ticas<\/h3>\n\n\n\n<ol class=\"wp-block-list\">\n<li><strong>Prefira vizinhos e microempreendedores<\/strong> nas suas compras do dia a dia (mercearia, padaria, oficina, sal\u00e3o).<\/li>\n\n\n\n<li><strong><a href=\"https:\/\/aconnection.com.br\/classificados\/como-fazer-compras-com-economia\/\">Pesquise e compare<\/a><\/strong>: \u00e0s vezes o pre\u00e7o \u00e9 semelhante quando somamos frete e tempo \u2014 apoiar local pode sair mais vantajoso.<\/li>\n\n\n\n<li><strong>Pe\u00e7a e compartilhe avalia\u00e7\u00f5es<\/strong>: boas recomenda\u00e7\u00f5es ajudam pequenos empreendedores a crescer.<\/li>\n\n\n\n<li><strong>Valorize produtos locais nas redes sociais<\/strong>: marcar e divulgar aumenta o alcance deles.<\/li>\n\n\n\n<li><strong>Consuma com planejamento<\/strong>: priorize qualidade e durabilidade sobre impulso.<\/li>\n\n\n\n<li><strong>Participe de programas locais<\/strong> (feiras, marketplaces da cidade, iniciativas \u201ccompre aqui\u201d).<\/li>\n\n\n\n<li><strong>Prefira empresas que adotem pr\u00e1ticas sustent\u00e1veis<\/strong> e relacionamentos justos com fornecedores. V\u00e1rios guias e pesquisas mostram que consumidores valorizam esse comportamento e que isso pode ser diferencial de mercado.<\/li>\n<\/ol>\n\n\n\n<h3 class=\"wp-block-heading\" id=\"h-impactos-mensuraveis-na-economia-regional\">Impactos mensur\u00e1veis na economia regional<\/h3>\n\n\n\n<p>Relat\u00f3rios e pesquisas do setor apontam que com\u00e9rcio local fortalecido contribui para maior gera\u00e7\u00e3o de emprego e aumento do consumo interno \u2014 efeitos que se traduzem em menor fuga de renda para grandes cadeias e mais investimentos na pr\u00f3pria cidade. Estudo e dados setoriais (IBGE e estudos acad\u00eamicos) confirmam a import\u00e2ncia do com\u00e9rcio local na composi\u00e7\u00e3o do PIB regional e na sustentabilidade econ\u00f4mica.<\/p>\n\n\n\n<h3 class=\"wp-block-heading\" id=\"h-beneficios-sociais-e-ambientais\">Benef\u00edcios sociais e ambientais<\/h3>\n\n\n\n<p>Al\u00e9m do aspecto econ\u00f4mico, comprar local tende a reduzir cadeia log\u00edstica (menos transporte e embalagens), valorizar saberes locais e incentivar pr\u00e1ticas de produ\u00e7\u00e3o mais respons\u00e1veis. O consumo consciente \u00e9 uma via de m\u00e3o dupla: depende tanto da escolha do consumidor quanto de empresas dispostas a oferecer alternativas respons\u00e1veis.<\/p>\n\n\n\n<h3 class=\"wp-block-heading\" id=\"h-dicas-finais-para-consumidores-que-querem-fazer-a-diferenca\">Dicas finais para consumidores que querem fazer a diferen\u00e7a<\/h3>\n\n\n\n<ul class=\"wp-block-list\">\n<li>Planeje suas compras e prefira qualidade.<\/li>\n\n\n\n<li>Priorize servi\u00e7os e produtos locais quando poss\u00edvel.<\/li>\n\n\n\n<li>Pergunte ao comerciante sobre origem dos produtos.<\/li>\n\n\n\n<li>Use seu poder de compra como voto: apoiar neg\u00f3cios locais \u00e9 uma forma eficaz de transformar a economia da regi\u00e3o.<\/li>\n<\/ul>\n\n\n\n<blockquote class=\"wp-block-quote is-layout-flow wp-block-quote-is-layout-flow\">\n<p>Comprar local n\u00e3o \u00e9 s\u00f3 \u201cgastar no bairro\u201d: \u00e9 investir no lugar onde voc\u00ea vive. Cada compra consciente \u00e9 uma pequena decis\u00e3o com impacto real \u2014 na economia, no emprego e na vida da sua comunidade.<\/p>\n<\/blockquote>\n","protected":false},"excerpt":{"rendered":"<p>Descubra como o consumo consciente e a prefer\u00eancia pelo com\u00e9rcio local fortalecem a economia da sua regi\u00e3o: gera\u00e7\u00e3o de empregos, circula\u00e7\u00e3o de renda e maior qualidade de vida. Dicas pr\u00e1ticas para consumir com impacto positivo.<\/p>\n","protected":false},"author":2,"featured_media":53226,"comment_status":"open","ping_status":"open","sticky":false,"template":"","format":"standard","meta":{"om_disable_all_campaigns":false,"_monsterinsights_skip_tracking":false,"_monsterinsights_sitenote_active":false,"_monsterinsights_sitenote_note":"","_monsterinsights_sitenote_category":0,"_uf_show_specific_survey":0,"_uf_disable_surveys":false,"_price":"","_stock":"","_tribe_ticket_header":"","_tribe_default_ticket_provider":"","_tribe_ticket_capacity":"0","_ticket_start_date":"","_ticket_end_date":"","_tribe_ticket_show_description":"","_tribe_ticket_show_not_going":false,"_tribe_ticket_use_global_stock":"","_tribe_ticket_global_stock_level":"","_global_stock_mode":"","_global_stock_cap":"","_tribe_rsvp_for_event":"","_tribe_ticket_going_count":"","_tribe_ticket_not_going_count":"","_tribe_tickets_list":"[]","_tribe_ticket_has_attendee_info_fields":false,"_EventAllDay":false,"_EventTimezone":"","_EventStartDate":"","_EventEndDate":"","_EventStartDateUTC":"","_EventEndDateUTC":"","_EventShowMap":false,"_EventShowMapLink":false,"_EventURL":"","_EventCost":"","_EventCostDescription":"","_EventCurrencySymbol":"","_EventCurrencyCode":"","_EventCurrencyPosition":"","_EventDateTimeSeparator":"","_EventTimeRangeSeparator":"","_EventOrganizerID":[],"_EventVenueID":[],"_OrganizerEmail":"","_OrganizerPhone":"","_OrganizerWebsite":"","_VenueAddress":"","_VenueCity":"","_VenueCountry":"","_VenueProvince":"","_VenueState":"","_VenueZip":"","_VenuePhone":"","_VenueURL":"","_VenueStateProvince":"","_VenueLat":"","_VenueLng":"","_VenueShowMap":false,"_VenueShowMapLink":false,"footnotes":""},"categories":[27,24],"tags":[376,481,500,499,501],"class_list":["post-53176","post","type-post","status-publish","format-standard","has-post-thumbnail","hentry","category-destaques","category-negocios-e-economia","tag-comercio-local","tag-consumo-consciente","tag-dicas-para-consumidor","tag-economia-regional","tag-empreendedorismo-local"],"yoast_head":"<!-- This site is optimized with the Yoast SEO Premium plugin v26.5 (Yoast SEO v27.5) - https:\/\/yoast.com\/product\/yoast-seo-premium-wordpress\/ -->\n<title>O Poder do Consumo Consciente | Apoie o Com\u00e9rcio Local<\/title>\n<meta name=\"description\" content=\"Apoie o com\u00e9rcio local: saiba como o consumo consciente fortalece a economia regional, gera empregos, reduz impactos e transforma sua regi\u00e3o\" \/>\n<meta name=\"robots\" content=\"index, follow, max-snippet:-1, max-image-preview:large, max-video-preview:-1\" \/>\n<link rel=\"canonical\" href=\"https:\/\/aconnection.com.br\/classificados\/o-poder-do-consumo-consciente-como-apoiar-o-comercio-local-transforma-a-economia-regional\/\" \/>\n<meta property=\"og:locale\" content=\"pt_BR\" \/>\n<meta property=\"og:type\" content=\"article\" \/>\n<meta property=\"og:title\" content=\"O poder do consumo consciente: como apoiar o com\u00e9rcio local transforma a economia regional\" \/>\n<meta property=\"og:description\" content=\"\ud83c\udf31 Compre local. Mude sua cidade. Quando voc\u00ea pratica o consumo consciente e prioriza o com\u00e9rcio da sua regi\u00e3o, gera empregos, fortalece neg\u00f3cios e transforma a economia local. Leia nossas dicas pr\u00e1ticas para come\u00e7ar hoje. #ConsumoConsciente #CompreLocal\" \/>\n<meta property=\"og:url\" content=\"https:\/\/aconnection.com.br\/classificados\/o-poder-do-consumo-consciente-como-apoiar-o-comercio-local-transforma-a-economia-regional\/\" \/>\n<meta property=\"og:site_name\" content=\"AConnection Classificados\" \/>\n<meta property=\"article:published_time\" content=\"2025-12-04T23:00:35+00:00\" \/>\n<meta property=\"article:modified_time\" content=\"2026-02-26T14:21:12+00:00\" \/>\n<meta property=\"og:image\" content=\"https:\/\/aconnection.com.br\/classificados\/wp-content\/uploads\/2025\/12\/consumo-consciente.jpg\" \/>\n\t<meta property=\"og:image:width\" content=\"1080\" \/>\n\t<meta property=\"og:image:height\" content=\"1080\" \/>\n\t<meta property=\"og:image:type\" content=\"image\/jpeg\" \/>\n<meta name=\"author\" content=\"Soliv\u00e1 Guimar\u00e3es Pestana\" \/>\n<meta name=\"twitter:card\" content=\"summary_large_image\" \/>\n<meta name=\"twitter:description\" content=\"\ud83c\udf31 Compre local. Mude sua cidade. Quando voc\u00ea pratica o consumo consciente e prioriza o com\u00e9rcio da sua regi\u00e3o, gera empregos, fortalece neg\u00f3cios e transforma a economia local. Leia nossas dicas pr\u00e1ticas para come\u00e7ar hoje. #ConsumoConsciente #CompreLocal\" \/>\n<meta name=\"twitter:creator\" content=\"@sticompanyy\" \/>\n<meta name=\"twitter:site\" content=\"@sticompanyy\" \/>\n<meta name=\"twitter:label1\" content=\"Escrito por\" \/>\n\t<meta name=\"twitter:data1\" content=\"Soliv\u00e1 Guimar\u00e3es Pestana\" \/>\n\t<meta name=\"twitter:label2\" content=\"Est. tempo de leitura\" \/>\n\t<meta name=\"twitter:data2\" content=\"3 minutos\" \/>\n<script type=\"application\/ld+json\" class=\"yoast-schema-graph\">{\"@context\":\"https:\\\/\\\/schema.org\",\"@graph\":[{\"@type\":\"Article\",\"@id\":\"https:\\\/\\\/aconnection.com.br\\\/classificados\\\/o-poder-do-consumo-consciente-como-apoiar-o-comercio-local-transforma-a-economia-regional\\\/#article\",\"isPartOf\":{\"@id\":\"https:\\\/\\\/aconnection.com.br\\\/classificados\\\/o-poder-do-consumo-consciente-como-apoiar-o-comercio-local-transforma-a-economia-regional\\\/\"},\"author\":{\"name\":\"Soliv\u00e1 Guimar\u00e3es Pestana\",\"@id\":\"https:\\\/\\\/aconnection.com.br\\\/classificados\\\/#\\\/schema\\\/person\\\/1876eca300517da830b7d9a036e3b01b\"},\"headline\":\"O poder do consumo consciente: como apoiar o com\u00e9rcio local transforma a economia regional\",\"datePublished\":\"2025-12-04T23:00:35+00:00\",\"dateModified\":\"2026-02-26T14:21:12+00:00\",\"mainEntityOfPage\":{\"@id\":\"https:\\\/\\\/aconnection.com.br\\\/classificados\\\/o-poder-do-consumo-consciente-como-apoiar-o-comercio-local-transforma-a-economia-regional\\\/\"},\"wordCount\":580,\"commentCount\":0,\"publisher\":{\"@id\":\"https:\\\/\\\/aconnection.com.br\\\/classificados\\\/#organization\"},\"image\":{\"@id\":\"https:\\\/\\\/aconnection.com.br\\\/classificados\\\/o-poder-do-consumo-consciente-como-apoiar-o-comercio-local-transforma-a-economia-regional\\\/#primaryimage\"},\"thumbnailUrl\":\"https:\\\/\\\/aconnection.com.br\\\/classificados\\\/wp-content\\\/uploads\\\/2025\\\/12\\\/consumo-consciente.jpg\",\"keywords\":[\"comercio local\",\"consumo consciente\",\"Dicas para Consumidor\",\"Economia Regional\",\"Empreendedorismo Local\"],\"articleSection\":[\"Destaques\",\"Neg\u00f3cios e Economia\"],\"inLanguage\":\"pt-BR\",\"potentialAction\":[{\"@type\":\"CommentAction\",\"name\":\"Comment\",\"target\":[\"https:\\\/\\\/aconnection.com.br\\\/classificados\\\/o-poder-do-consumo-consciente-como-apoiar-o-comercio-local-transforma-a-economia-regional\\\/#respond\"]}]},{\"@type\":\"WebPage\",\"@id\":\"https:\\\/\\\/aconnection.com.br\\\/classificados\\\/o-poder-do-consumo-consciente-como-apoiar-o-comercio-local-transforma-a-economia-regional\\\/\",\"url\":\"https:\\\/\\\/aconnection.com.br\\\/classificados\\\/o-poder-do-consumo-consciente-como-apoiar-o-comercio-local-transforma-a-economia-regional\\\/\",\"name\":\"O Poder do Consumo Consciente | Apoie o Com\u00e9rcio Local\",\"isPartOf\":{\"@id\":\"https:\\\/\\\/aconnection.com.br\\\/classificados\\\/#website\"},\"primaryImageOfPage\":{\"@id\":\"https:\\\/\\\/aconnection.com.br\\\/classificados\\\/o-poder-do-consumo-consciente-como-apoiar-o-comercio-local-transforma-a-economia-regional\\\/#primaryimage\"},\"image\":{\"@id\":\"https:\\\/\\\/aconnection.com.br\\\/classificados\\\/o-poder-do-consumo-consciente-como-apoiar-o-comercio-local-transforma-a-economia-regional\\\/#primaryimage\"},\"thumbnailUrl\":\"https:\\\/\\\/aconnection.com.br\\\/classificados\\\/wp-content\\\/uploads\\\/2025\\\/12\\\/consumo-consciente.jpg\",\"datePublished\":\"2025-12-04T23:00:35+00:00\",\"dateModified\":\"2026-02-26T14:21:12+00:00\",\"description\":\"Apoie o com\u00e9rcio local: saiba como o consumo consciente fortalece a economia regional, gera empregos, reduz impactos e transforma sua regi\u00e3o\",\"breadcrumb\":{\"@id\":\"https:\\\/\\\/aconnection.com.br\\\/classificados\\\/o-poder-do-consumo-consciente-como-apoiar-o-comercio-local-transforma-a-economia-regional\\\/#breadcrumb\"},\"inLanguage\":\"pt-BR\",\"potentialAction\":[{\"@type\":\"ReadAction\",\"target\":[\"https:\\\/\\\/aconnection.com.br\\\/classificados\\\/o-poder-do-consumo-consciente-como-apoiar-o-comercio-local-transforma-a-economia-regional\\\/\"]}]},{\"@type\":\"ImageObject\",\"inLanguage\":\"pt-BR\",\"@id\":\"https:\\\/\\\/aconnection.com.br\\\/classificados\\\/o-poder-do-consumo-consciente-como-apoiar-o-comercio-local-transforma-a-economia-regional\\\/#primaryimage\",\"url\":\"https:\\\/\\\/aconnection.com.br\\\/classificados\\\/wp-content\\\/uploads\\\/2025\\\/12\\\/consumo-consciente.jpg\",\"contentUrl\":\"https:\\\/\\\/aconnection.com.br\\\/classificados\\\/wp-content\\\/uploads\\\/2025\\\/12\\\/consumo-consciente.jpg\",\"width\":1080,\"height\":1080},{\"@type\":\"BreadcrumbList\",\"@id\":\"https:\\\/\\\/aconnection.com.br\\\/classificados\\\/o-poder-do-consumo-consciente-como-apoiar-o-comercio-local-transforma-a-economia-regional\\\/#breadcrumb\",\"itemListElement\":[{\"@type\":\"ListItem\",\"position\":1,\"name\":\"In\u00edcio\",\"item\":\"https:\\\/\\\/aconnection.com.br\\\/classificados\\\/\"},{\"@type\":\"ListItem\",\"position\":2,\"name\":\"O poder do consumo consciente: como apoiar o com\u00e9rcio local transforma a economia regional\"}]},{\"@type\":\"WebSite\",\"@id\":\"https:\\\/\\\/aconnection.com.br\\\/classificados\\\/#website\",\"url\":\"https:\\\/\\\/aconnection.com.br\\\/classificados\\\/\",\"name\":\"AConnection Classificados\",\"description\":\"Conectando Clientes, Impulsinando o Seu Neg\u00f3cio\",\"publisher\":{\"@id\":\"https:\\\/\\\/aconnection.com.br\\\/classificados\\\/#organization\"},\"potentialAction\":[{\"@type\":\"SearchAction\",\"target\":{\"@type\":\"EntryPoint\",\"urlTemplate\":\"https:\\\/\\\/aconnection.com.br\\\/classificados\\\/?s={search_term_string}\"},\"query-input\":{\"@type\":\"PropertyValueSpecification\",\"valueRequired\":true,\"valueName\":\"search_term_string\"}}],\"inLanguage\":\"pt-BR\"},{\"@type\":\"Organization\",\"@id\":\"https:\\\/\\\/aconnection.com.br\\\/classificados\\\/#organization\",\"name\":\"AConnection Classificados\",\"url\":\"https:\\\/\\\/aconnection.com.br\\\/classificados\\\/\",\"logo\":{\"@type\":\"ImageObject\",\"inLanguage\":\"pt-BR\",\"@id\":\"https:\\\/\\\/aconnection.com.br\\\/classificados\\\/#\\\/schema\\\/logo\\\/image\\\/\",\"url\":\"https:\\\/\\\/aconnection.com.br\\\/classificados\\\/wp-content\\\/uploads\\\/2021\\\/08\\\/Logomarca-AConnection-05.png\",\"contentUrl\":\"https:\\\/\\\/aconnection.com.br\\\/classificados\\\/wp-content\\\/uploads\\\/2021\\\/08\\\/Logomarca-AConnection-05.png\",\"width\":3098,\"height\":2860,\"caption\":\"AConnection Classificados\"},\"image\":{\"@id\":\"https:\\\/\\\/aconnection.com.br\\\/classificados\\\/#\\\/schema\\\/logo\\\/image\\\/\"},\"sameAs\":[\"https:\\\/\\\/x.com\\\/sticompanyy\",\"https:\\\/\\\/www.instagram.com\\\/sti.company\"]},{\"@type\":\"Person\",\"@id\":\"https:\\\/\\\/aconnection.com.br\\\/classificados\\\/#\\\/schema\\\/person\\\/1876eca300517da830b7d9a036e3b01b\",\"name\":\"Soliv\u00e1 Guimar\u00e3es Pestana\",\"image\":{\"@type\":\"ImageObject\",\"inLanguage\":\"pt-BR\",\"@id\":\"https:\\\/\\\/secure.gravatar.com\\\/avatar\\\/e2da6b8bf6db91c613d93bddb7f16b9d1af2610e2d70973ede034c8dcdacd4ab?s=96&d=mm&r=g\",\"url\":\"https:\\\/\\\/secure.gravatar.com\\\/avatar\\\/e2da6b8bf6db91c613d93bddb7f16b9d1af2610e2d70973ede034c8dcdacd4ab?s=96&d=mm&r=g\",\"contentUrl\":\"https:\\\/\\\/secure.gravatar.com\\\/avatar\\\/e2da6b8bf6db91c613d93bddb7f16b9d1af2610e2d70973ede034c8dcdacd4ab?s=96&d=mm&r=g\",\"caption\":\"Soliv\u00e1 Guimar\u00e3es Pestana\"},\"description\":\"Natural de Itanh\u00e9m, Bahia. Casado, pai de um filho. Tecn\u00f3logo em an\u00e1lise e Desenvolvimento de Sistemas, Bacharel em Administra\u00e7\u00e3o P\u00fablica. Na Contabilidade Pires atua como Auxiliar de contabilidade(RH). Nos hor\u00e1rios extras atua como profissional de inform\u00e1tica e suas tecnologias. Apaixonado por tecnologia, finan\u00e7as e futebol, torcedor do Fluminense-RJ, Cat\u00f3lico Apost\u00f3lico Romano. Propriet\u00e1rio dos sites www.sticompany.com.br e www.aconnection.com.br.\",\"sameAs\":[\"http:\\\/\\\/www.sticompany.com.br\"],\"url\":\"https:\\\/\\\/aconnection.com.br\\\/classificados\\\/author\\\/solivagp\\\/\"}]}<\/script>\n<!-- \/ Yoast SEO Premium plugin. -->","yoast_head_json":{"title":"O Poder do Consumo Consciente | Apoie o Com\u00e9rcio Local","description":"Apoie o com\u00e9rcio local: saiba como o consumo consciente fortalece a economia regional, gera empregos, reduz impactos e transforma sua regi\u00e3o","robots":{"index":"index","follow":"follow","max-snippet":"max-snippet:-1","max-image-preview":"max-image-preview:large","max-video-preview":"max-video-preview:-1"},"canonical":"https:\/\/aconnection.com.br\/classificados\/o-poder-do-consumo-consciente-como-apoiar-o-comercio-local-transforma-a-economia-regional\/","og_locale":"pt_BR","og_type":"article","og_title":"O poder do consumo consciente: como apoiar o com\u00e9rcio local transforma a economia regional","og_description":"\ud83c\udf31 Compre local. Mude sua cidade. Quando voc\u00ea pratica o consumo consciente e prioriza o com\u00e9rcio da sua regi\u00e3o, gera empregos, fortalece neg\u00f3cios e transforma a economia local. Leia nossas dicas pr\u00e1ticas para come\u00e7ar hoje. #ConsumoConsciente #CompreLocal","og_url":"https:\/\/aconnection.com.br\/classificados\/o-poder-do-consumo-consciente-como-apoiar-o-comercio-local-transforma-a-economia-regional\/","og_site_name":"AConnection Classificados","article_published_time":"2025-12-04T23:00:35+00:00","article_modified_time":"2026-02-26T14:21:12+00:00","og_image":[{"width":1080,"height":1080,"url":"https:\/\/aconnection.com.br\/classificados\/wp-content\/uploads\/2025\/12\/consumo-consciente.jpg","type":"image\/jpeg"}],"author":"Soliv\u00e1 Guimar\u00e3es Pestana","twitter_card":"summary_large_image","twitter_description":"\ud83c\udf31 Compre local. Mude sua cidade. Quando voc\u00ea pratica o consumo consciente e prioriza o com\u00e9rcio da sua regi\u00e3o, gera empregos, fortalece neg\u00f3cios e transforma a economia local. Leia nossas dicas pr\u00e1ticas para come\u00e7ar hoje. #ConsumoConsciente #CompreLocal","twitter_creator":"@sticompanyy","twitter_site":"@sticompanyy","twitter_misc":{"Escrito por":"Soliv\u00e1 Guimar\u00e3es Pestana","Est. tempo de leitura":"3 minutos"},"schema":{"@context":"https:\/\/schema.org","@graph":[{"@type":"Article","@id":"https:\/\/aconnection.com.br\/classificados\/o-poder-do-consumo-consciente-como-apoiar-o-comercio-local-transforma-a-economia-regional\/#article","isPartOf":{"@id":"https:\/\/aconnection.com.br\/classificados\/o-poder-do-consumo-consciente-como-apoiar-o-comercio-local-transforma-a-economia-regional\/"},"author":{"name":"Soliv\u00e1 Guimar\u00e3es Pestana","@id":"https:\/\/aconnection.com.br\/classificados\/#\/schema\/person\/1876eca300517da830b7d9a036e3b01b"},"headline":"O poder do consumo consciente: como apoiar o com\u00e9rcio local transforma a economia regional","datePublished":"2025-12-04T23:00:35+00:00","dateModified":"2026-02-26T14:21:12+00:00","mainEntityOfPage":{"@id":"https:\/\/aconnection.com.br\/classificados\/o-poder-do-consumo-consciente-como-apoiar-o-comercio-local-transforma-a-economia-regional\/"},"wordCount":580,"commentCount":0,"publisher":{"@id":"https:\/\/aconnection.com.br\/classificados\/#organization"},"image":{"@id":"https:\/\/aconnection.com.br\/classificados\/o-poder-do-consumo-consciente-como-apoiar-o-comercio-local-transforma-a-economia-regional\/#primaryimage"},"thumbnailUrl":"https:\/\/aconnection.com.br\/classificados\/wp-content\/uploads\/2025\/12\/consumo-consciente.jpg","keywords":["comercio local","consumo consciente","Dicas para Consumidor","Economia Regional","Empreendedorismo Local"],"articleSection":["Destaques","Neg\u00f3cios e Economia"],"inLanguage":"pt-BR","potentialAction":[{"@type":"CommentAction","name":"Comment","target":["https:\/\/aconnection.com.br\/classificados\/o-poder-do-consumo-consciente-como-apoiar-o-comercio-local-transforma-a-economia-regional\/#respond"]}]},{"@type":"WebPage","@id":"https:\/\/aconnection.com.br\/classificados\/o-poder-do-consumo-consciente-como-apoiar-o-comercio-local-transforma-a-economia-regional\/","url":"https:\/\/aconnection.com.br\/classificados\/o-poder-do-consumo-consciente-como-apoiar-o-comercio-local-transforma-a-economia-regional\/","name":"O Poder do Consumo Consciente | Apoie o Com\u00e9rcio Local","isPartOf":{"@id":"https:\/\/aconnection.com.br\/classificados\/#website"},"primaryImageOfPage":{"@id":"https:\/\/aconnection.com.br\/classificados\/o-poder-do-consumo-consciente-como-apoiar-o-comercio-local-transforma-a-economia-regional\/#primaryimage"},"image":{"@id":"https:\/\/aconnection.com.br\/classificados\/o-poder-do-consumo-consciente-como-apoiar-o-comercio-local-transforma-a-economia-regional\/#primaryimage"},"thumbnailUrl":"https:\/\/aconnection.com.br\/classificados\/wp-content\/uploads\/2025\/12\/consumo-consciente.jpg","datePublished":"2025-12-04T23:00:35+00:00","dateModified":"2026-02-26T14:21:12+00:00","description":"Apoie o com\u00e9rcio local: saiba como o consumo consciente fortalece a economia regional, gera empregos, reduz impactos e transforma sua regi\u00e3o","breadcrumb":{"@id":"https:\/\/aconnection.com.br\/classificados\/o-poder-do-consumo-consciente-como-apoiar-o-comercio-local-transforma-a-economia-regional\/#breadcrumb"},"inLanguage":"pt-BR","potentialAction":[{"@type":"ReadAction","target":["https:\/\/aconnection.com.br\/classificados\/o-poder-do-consumo-consciente-como-apoiar-o-comercio-local-transforma-a-economia-regional\/"]}]},{"@type":"ImageObject","inLanguage":"pt-BR","@id":"https:\/\/aconnection.com.br\/classificados\/o-poder-do-consumo-consciente-como-apoiar-o-comercio-local-transforma-a-economia-regional\/#primaryimage","url":"https:\/\/aconnection.com.br\/classificados\/wp-content\/uploads\/2025\/12\/consumo-consciente.jpg","contentUrl":"https:\/\/aconnection.com.br\/classificados\/wp-content\/uploads\/2025\/12\/consumo-consciente.jpg","width":1080,"height":1080},{"@type":"BreadcrumbList","@id":"https:\/\/aconnection.com.br\/classificados\/o-poder-do-consumo-consciente-como-apoiar-o-comercio-local-transforma-a-economia-regional\/#breadcrumb","itemListElement":[{"@type":"ListItem","position":1,"name":"In\u00edcio","item":"https:\/\/aconnection.com.br\/classificados\/"},{"@type":"ListItem","position":2,"name":"O poder do consumo consciente: como apoiar o com\u00e9rcio local transforma a economia regional"}]},{"@type":"WebSite","@id":"https:\/\/aconnection.com.br\/classificados\/#website","url":"https:\/\/aconnection.com.br\/classificados\/","name":"AConnection Classificados","description":"Conectando Clientes, Impulsinando o Seu Neg\u00f3cio","publisher":{"@id":"https:\/\/aconnection.com.br\/classificados\/#organization"},"potentialAction":[{"@type":"SearchAction","target":{"@type":"EntryPoint","urlTemplate":"https:\/\/aconnection.com.br\/classificados\/?s={search_term_string}"},"query-input":{"@type":"PropertyValueSpecification","valueRequired":true,"valueName":"search_term_string"}}],"inLanguage":"pt-BR"},{"@type":"Organization","@id":"https:\/\/aconnection.com.br\/classificados\/#organization","name":"AConnection Classificados","url":"https:\/\/aconnection.com.br\/classificados\/","logo":{"@type":"ImageObject","inLanguage":"pt-BR","@id":"https:\/\/aconnection.com.br\/classificados\/#\/schema\/logo\/image\/","url":"https:\/\/aconnection.com.br\/classificados\/wp-content\/uploads\/2021\/08\/Logomarca-AConnection-05.png","contentUrl":"https:\/\/aconnection.com.br\/classificados\/wp-content\/uploads\/2021\/08\/Logomarca-AConnection-05.png","width":3098,"height":2860,"caption":"AConnection Classificados"},"image":{"@id":"https:\/\/aconnection.com.br\/classificados\/#\/schema\/logo\/image\/"},"sameAs":["https:\/\/x.com\/sticompanyy","https:\/\/www.instagram.com\/sti.company"]},{"@type":"Person","@id":"https:\/\/aconnection.com.br\/classificados\/#\/schema\/person\/1876eca300517da830b7d9a036e3b01b","name":"Soliv\u00e1 Guimar\u00e3es Pestana","image":{"@type":"ImageObject","inLanguage":"pt-BR","@id":"https:\/\/secure.gravatar.com\/avatar\/e2da6b8bf6db91c613d93bddb7f16b9d1af2610e2d70973ede034c8dcdacd4ab?s=96&d=mm&r=g","url":"https:\/\/secure.gravatar.com\/avatar\/e2da6b8bf6db91c613d93bddb7f16b9d1af2610e2d70973ede034c8dcdacd4ab?s=96&d=mm&r=g","contentUrl":"https:\/\/secure.gravatar.com\/avatar\/e2da6b8bf6db91c613d93bddb7f16b9d1af2610e2d70973ede034c8dcdacd4ab?s=96&d=mm&r=g","caption":"Soliv\u00e1 Guimar\u00e3es Pestana"},"description":"Natural de Itanh\u00e9m, Bahia. Casado, pai de um filho. Tecn\u00f3logo em an\u00e1lise e Desenvolvimento de Sistemas, Bacharel em Administra\u00e7\u00e3o P\u00fablica. Na Contabilidade Pires atua como Auxiliar de contabilidade(RH). Nos hor\u00e1rios extras atua como profissional de inform\u00e1tica e suas tecnologias. Apaixonado por tecnologia, finan\u00e7as e futebol, torcedor do Fluminense-RJ, Cat\u00f3lico Apost\u00f3lico Romano. Propriet\u00e1rio dos sites www.sticompany.com.br e www.aconnection.com.br.","sameAs":["http:\/\/www.sticompany.com.br"],"url":"https:\/\/aconnection.com.br\/classificados\/author\/solivagp\/"}]}},"_links":{"self":[{"href":"https:\/\/aconnection.com.br\/classificados\/wp-json\/wp\/v2\/posts\/53176","targetHints":{"allow":["GET"]}}],"collection":[{"href":"https:\/\/aconnection.com.br\/classificados\/wp-json\/wp\/v2\/posts"}],"about":[{"href":"https:\/\/aconnection.com.br\/classificados\/wp-json\/wp\/v2\/types\/post"}],"author":[{"embeddable":true,"href":"https:\/\/aconnection.com.br\/classificados\/wp-json\/wp\/v2\/users\/2"}],"replies":[{"embeddable":true,"href":"https:\/\/aconnection.com.br\/classificados\/wp-json\/wp\/v2\/comments?post=53176"}],"version-history":[{"count":3,"href":"https:\/\/aconnection.com.br\/classificados\/wp-json\/wp\/v2\/posts\/53176\/revisions"}],"predecessor-version":[{"id":53227,"href":"https:\/\/aconnection.com.br\/classificados\/wp-json\/wp\/v2\/posts\/53176\/revisions\/53227"}],"wp:featuredmedia":[{"embeddable":true,"href":"https:\/\/aconnection.com.br\/classificados\/wp-json\/wp\/v2\/media\/53226"}],"wp:attachment":[{"href":"https:\/\/aconnection.com.br\/classificados\/wp-json\/wp\/v2\/media?parent=53176"}],"wp:term":[{"taxonomy":"category","embeddable":true,"href":"https:\/\/aconnection.com.br\/classificados\/wp-json\/wp\/v2\/categories?post=53176"},{"taxonomy":"post_tag","embeddable":true,"href":"https:\/\/aconnection.com.br\/classificados\/wp-json\/wp\/v2\/tags?post=53176"}],"curies":[{"name":"wp","href":"https:\/\/api.w.org\/{rel}","templated":true}]}}