{"id":53324,"date":"2025-12-18T20:00:00","date_gmt":"2025-12-18T23:00:00","guid":{"rendered":"https:\/\/aconnection.com.br\/classificados\/?p=53324"},"modified":"2026-02-26T11:12:53","modified_gmt":"2026-02-26T14:12:53","slug":"novo-salario-minimo-2026-o-que-muda-para-trabalhadores-e-a-economia-brasileira","status":"publish","type":"post","link":"https:\/\/aconnection.com.br\/classificados\/novo-salario-minimo-2026-o-que-muda-para-trabalhadores-e-a-economia-brasileira\/","title":{"rendered":"Novo sal\u00e1rio m\u00ednimo 2026: O que muda para trabalhadores e a economia brasileira"},"content":{"rendered":"\n<p>O sal\u00e1rio m\u00ednimo \u00e9 um dos indicadores mais importantes da economia brasileira. Ele serve como refer\u00eancia para sal\u00e1rios, aposentadorias e benef\u00edcios sociais e influencia diretamente o poder de compra de milh\u00f5es de pessoas. Em 2026, o sal\u00e1rio m\u00ednimo ser\u00e1 reajustado com base em regras previstas em lei, e sua defini\u00e7\u00e3o j\u00e1 vem sendo discutida pelo governo e pelo Congresso.<\/p>\n\n\n\n<h2 class=\"wp-block-heading\" id=\"h-qual-sera-o-valor-do-salario-minimo-em-2026\">Qual ser\u00e1 o valor do sal\u00e1rio m\u00ednimo em 2026?<\/h2>\n\n\n\n<p>O governo federal confirmou que <strong>o sal\u00e1rio m\u00ednimo em 2026 ser\u00e1 de R$ 1.621<\/strong> (valor oficial confirmado pelo Minist\u00e9rio do Planejamento e Or\u00e7amento). Esse reajuste representa um aumento de R$ 103 em rela\u00e7\u00e3o ao sal\u00e1rio m\u00ednimo vigente de R$ 1.518 em 2025.<\/p>\n\n\n\n<p>Esse valor ajustado passa a valer <strong>a partir de janeiro de 2026<\/strong>, e come\u00e7a a ser pago efetivamente nos sal\u00e1rios de <strong>fevereiro de 2026<\/strong>, seguindo a pr\u00e1tica usual de aplica\u00e7\u00e3o dos reajustes.<\/p>\n\n\n\n<h2 class=\"wp-block-heading\" id=\"h-como-o-novo-salario-minimo-e-calculado\">Como o novo sal\u00e1rio m\u00ednimo \u00e9 calculado?<\/h2>\n\n\n\n<p>O sal\u00e1rio m\u00ednimo brasileiro \u00e9 reajustado todo ano com base em duas vari\u00e1veis principais:<\/p>\n\n\n\n<h3 class=\"wp-block-heading\" id=\"h-1-inflacao-inpc\">1. <strong>Infla\u00e7\u00e3o (INPC)<\/strong><\/h3>\n\n\n\n<p>O \u00cdndice Nacional de Pre\u00e7os ao Consumidor (INPC) acumula a varia\u00e7\u00e3o dos pre\u00e7os que afetam fam\u00edlias de baixa renda ao longo do ano. Esse \u00edndice \u00e9 usado para garantir que o sal\u00e1rio m\u00ednimo n\u00e3o perca poder de compra frente \u00e0 infla\u00e7\u00e3o.<\/p>\n\n\n\n<h3 class=\"wp-block-heading\" id=\"h-2-crescimento-economico-pib\">2. <strong>Crescimento econ\u00f4mico (PIB)<\/strong><\/h3>\n\n\n\n<p>Al\u00e9m da infla\u00e7\u00e3o, parte do reajuste pode considerar o crescimento econ\u00f4mico do pa\u00eds, medido pelo Produto Interno Bruto (PIB). A legisla\u00e7\u00e3o atual limita o ganho real (acima da infla\u00e7\u00e3o) em at\u00e9 2,5%, para equilibrar a necessidade de valoriza\u00e7\u00e3o com a responsabilidade fiscal.<\/p>\n\n\n\n<p>Essas regras visam equilibrar o poder de compra do sal\u00e1rio m\u00ednimo com a sa\u00fade das contas p\u00fablicas, evitando reajustes que comprometam o or\u00e7amento federal.<\/p>\n\n\n\n<h2 class=\"wp-block-heading\" id=\"h-quando-o-novo-valor-passa-a-valer\">Quando o novo valor passa a valer?<\/h2>\n\n\n\n<p>O reajuste aprovado pelo governo \u00e9 <strong>v\u00e1lido a partir de janeiro de 2026<\/strong>, e ser\u00e1 refletido nos <strong>pagamentos que os trabalhadores receber\u00e3o a partir de fevereiro de 2026<\/strong>.<\/p>\n\n\n\n<p>Isso significa que quem recebe pelo menos um sal\u00e1rio m\u00ednimo ver\u00e1 o novo piso refletido em seus contracheques j\u00e1 no in\u00edcio daquele ano.<\/p>\n\n\n\n<h2 class=\"wp-block-heading\" id=\"h-por-que-esse-reajuste-e-importante\">Por que esse reajuste \u00e9 importante?<\/h2>\n\n\n\n<p>O sal\u00e1rio m\u00ednimo brasileiro n\u00e3o serve apenas para definir o piso salarial para trabalhadores CIETistas e CLT. Ele tamb\u00e9m influencia:<\/p>\n\n\n\n<p>\u2714\ufe0f Benef\u00edcios previdenci\u00e1rios, como aposentadorias e pens\u00f5es<br>\u2714\ufe0f Seguro-desemprego e abono salarial<br>\u2714\ufe0f Programas assistenciais, como BPC (Benef\u00edcio de Presta\u00e7\u00e3o Continuada)<br>\u2714\ufe0f Valores de contratos e pisos regionais em alguns casos<\/p>\n\n\n\n<p>Por isso, o reajuste tem impacto direto na renda de milh\u00f5es de brasileiros e tamb\u00e9m no consumo e na economia em geral.<\/p>\n\n\n\n<h2 class=\"wp-block-heading\" id=\"h-impactos-na-pratica\">Impactos na pr\u00e1tica<\/h2>\n\n\n\n<h3 class=\"wp-block-heading\" id=\"h-para-trabalhadores\">Para trabalhadores<\/h3>\n\n\n\n<p>O aumento garante que o sal\u00e1rio m\u00ednimo n\u00e3o perca poder de compra frente \u00e0 infla\u00e7\u00e3o, o que \u00e9 fundamental para a renda de trabalhadores de baixa renda.<\/p>\n\n\n\n<h3 class=\"wp-block-heading\" id=\"h-para-aposentados-e-beneficiarios\">Para aposentados e benefici\u00e1rios<\/h3>\n\n\n\n<p>Como aposentadorias e benef\u00edcios do INSS s\u00e3o muitas vezes calculados com base no sal\u00e1rio m\u00ednimo, o reajuste tamb\u00e9m garante uma corre\u00e7\u00e3o autom\u00e1tica desses benef\u00edcios.<\/p>\n\n\n\n<h3 class=\"wp-block-heading\" id=\"h-para-empresas\">Para empresas<\/h3>\n\n\n\n<p>O reajuste altera alguns custos de folha de pagamento e pode impactar pequenas e m\u00e9dias empresas, sobretudo em setores que utilizam muitos trabalhadores que recebem o piso nacional.<\/p>\n\n\n\n<h2 class=\"wp-block-heading\" id=\"h-dicas-praticas-para-trabalhadores-e-empresas\">Dicas pr\u00e1ticas para trabalhadores e empresas<\/h2>\n\n\n\n<p>\u2714\ufe0f <strong>Trabalhadores:<\/strong> verifique se seu contracheque j\u00e1 refletir\u00e1 o novo valor a partir de fevereiro de 2026.<br>\u2714\ufe0f <strong>Empresas:<\/strong> revisem a folha de pagamento e planejem o or\u00e7amento considerando o novo piso nacional.<br>\u2714\ufe0f <strong>Aut\u00f4nomos e MEIs:<\/strong> o sal\u00e1rio m\u00ednimo tamb\u00e9m influencia par\u00e2metros como valor do INSS e alguns benef\u00edcios.<\/p>\n\n\n\n<h2 class=\"wp-block-heading\" id=\"h-conclusao\">Conclus\u00e3o<\/h2>\n\n\n\n<p>O <strong>novo sal\u00e1rio m\u00ednimo de 2026<\/strong>, confirmado em R$ 1.621, representa uma valoriza\u00e7\u00e3o importante frente ao piso anterior. Esse reajuste \u00e9 resultado de regras que unem corre\u00e7\u00e3o pela infla\u00e7\u00e3o com ganhos reais limitados por normas fiscais.<\/p>\n\n\n\n<p>Para trabalhadores, significa melhor prote\u00e7\u00e3o do poder de compra. Para empresas e empreendedores, \u00e9 um ponto de aten\u00e7\u00e3o na gest\u00e3o financeira e estrat\u00e9gica. Entender essas mudan\u00e7as ajuda tanto quem vive de sal\u00e1rio quanto quem emprega ou gerencia neg\u00f3cios a se planejar melhor para o ano que vem.<\/p>\n\n\n\n<p><strong>Dica:<\/strong> sempre confira o <strong>site oficial do Governo Federal<\/strong>, o Di\u00e1rio Oficial da Uni\u00e3o ou portais como a <strong>Ag\u00eancia Brasil<\/strong> para os valores e regras atualizados no in\u00edcio do ano<\/p>\n","protected":false},"excerpt":{"rendered":"<p>O sal\u00e1rio m\u00ednimo para 2026 foi definido e representa um aumento em rela\u00e7\u00e3o a 2025. Saiba qual ser\u00e1 o valor, como ele \u00e9 calculado, quando passa a valer e os impactos para a economia e os trabalhadores brasileiros.<\/p>\n","protected":false},"author":2,"featured_media":53326,"comment_status":"open","ping_status":"open","sticky":false,"template":"","format":"standard","meta":{"om_disable_all_campaigns":false,"_monsterinsights_skip_tracking":false,"_monsterinsights_sitenote_active":false,"_monsterinsights_sitenote_note":"","_monsterinsights_sitenote_category":0,"_uf_show_specific_survey":0,"_uf_disable_surveys":false,"_price":"","_stock":"","_tribe_ticket_header":"","_tribe_default_ticket_provider":"","_tribe_ticket_capacity":"","_ticket_start_date":"","_ticket_end_date":"","_tribe_ticket_show_description":"","_tribe_ticket_show_not_going":false,"_tribe_ticket_use_global_stock":"","_tribe_ticket_global_stock_level":"","_global_stock_mode":"","_global_stock_cap":"","_tribe_rsvp_for_event":"","_tribe_ticket_going_count":"","_tribe_ticket_not_going_count":"","_tribe_tickets_list":"[]","_tribe_ticket_has_attendee_info_fields":false,"_EventAllDay":false,"_EventTimezone":"","_EventStartDate":"","_EventEndDate":"","_EventStartDateUTC":"","_EventEndDateUTC":"","_EventShowMap":false,"_EventShowMapLink":false,"_EventURL":"","_EventCost":"","_EventCostDescription":"","_EventCurrencySymbol":"","_EventCurrencyCode":"","_EventCurrencyPosition":"","_EventDateTimeSeparator":"","_EventTimeRangeSeparator":"","_EventOrganizerID":[],"_EventVenueID":[],"_OrganizerEmail":"","_OrganizerPhone":"","_OrganizerWebsite":"","_VenueAddress":"","_VenueCity":"","_VenueCountry":"","_VenueProvince":"","_VenueState":"","_VenueZip":"","_VenuePhone":"","_VenueURL":"","_VenueStateProvince":"","_VenueLat":"","_VenueLng":"","_VenueShowMap":false,"_VenueShowMapLink":false,"footnotes":""},"categories":[25],"tags":[514,513,512],"class_list":["post-53324","post","type-post","status-publish","format-standard","has-post-thumbnail","hentry","category-empregos-e-oportunidades","tag-economia-brasileira","tag-reajuste-salarial","tag-salario-minimo-2026"],"yoast_head":"<!-- This site is optimized with the Yoast SEO Premium plugin v26.5 (Yoast SEO v27.4) - https:\/\/yoast.com\/product\/yoast-seo-premium-wordpress\/ -->\n<title>Sal\u00e1rio M\u00ednimo 2026: O Que Muda para a Economia<\/title>\n<meta name=\"description\" content=\"Entenda o novo sal\u00e1rio m\u00ednimo de 2026 no Brasil, seu valor, como \u00e9 calculado e os impactos para trabalhadores, aposentados e a economia.\" \/>\n<meta name=\"robots\" content=\"index, follow, max-snippet:-1, max-image-preview:large, max-video-preview:-1\" \/>\n<link rel=\"canonical\" href=\"https:\/\/aconnection.com.br\/classificados\/novo-salario-minimo-2026-o-que-muda-para-trabalhadores-e-a-economia-brasileira\/\" \/>\n<meta property=\"og:locale\" content=\"pt_BR\" \/>\n<meta property=\"og:type\" content=\"article\" \/>\n<meta property=\"og:title\" content=\"Novo sal\u00e1rio m\u00ednimo 2026: O que muda para trabalhadores e a economia brasileira\" \/>\n<meta property=\"og:description\" content=\"O novo sal\u00e1rio m\u00ednimo em 2026 j\u00e1 foi confirmado! Veja quanto ser\u00e1 o novo valor, como ele \u00e9 calculado com base na infla\u00e7\u00e3o e crescimento econ\u00f4mico, e o que isso representa para trabalhadores, aposentados e empresas no Brasil.\" \/>\n<meta property=\"og:url\" content=\"https:\/\/aconnection.com.br\/classificados\/novo-salario-minimo-2026-o-que-muda-para-trabalhadores-e-a-economia-brasileira\/\" \/>\n<meta property=\"og:site_name\" content=\"AConnection Classificados\" \/>\n<meta property=\"article:published_time\" content=\"2025-12-18T23:00:00+00:00\" \/>\n<meta property=\"article:modified_time\" content=\"2026-02-26T14:12:53+00:00\" \/>\n<meta property=\"og:image\" content=\"https:\/\/aconnection.com.br\/classificados\/wp-content\/uploads\/2025\/12\/salariominimo2026.jpg\" \/>\n\t<meta property=\"og:image:width\" content=\"1080\" \/>\n\t<meta property=\"og:image:height\" content=\"1080\" \/>\n\t<meta property=\"og:image:type\" content=\"image\/jpeg\" \/>\n<meta name=\"author\" content=\"Soliv\u00e1 Guimar\u00e3es Pestana\" \/>\n<meta name=\"twitter:card\" content=\"summary_large_image\" \/>\n<meta name=\"twitter:description\" content=\"O novo sal\u00e1rio m\u00ednimo em 2026 j\u00e1 foi confirmado! Veja quanto ser\u00e1 o novo valor, como ele \u00e9 calculado com base na infla\u00e7\u00e3o e crescimento econ\u00f4mico, e o que isso representa para trabalhadores, aposentados e empresas no Brasil.\" \/>\n<meta name=\"twitter:creator\" content=\"@sticompanyy\" \/>\n<meta name=\"twitter:site\" content=\"@sticompanyy\" \/>\n<meta name=\"twitter:label1\" content=\"Escrito por\" \/>\n\t<meta name=\"twitter:data1\" content=\"Soliv\u00e1 Guimar\u00e3es Pestana\" \/>\n\t<meta name=\"twitter:label2\" content=\"Est. tempo de leitura\" \/>\n\t<meta name=\"twitter:data2\" content=\"4 minutos\" \/>\n<script type=\"application\/ld+json\" class=\"yoast-schema-graph\">{\"@context\":\"https:\\\/\\\/schema.org\",\"@graph\":[{\"@type\":\"Article\",\"@id\":\"https:\\\/\\\/aconnection.com.br\\\/classificados\\\/novo-salario-minimo-2026-o-que-muda-para-trabalhadores-e-a-economia-brasileira\\\/#article\",\"isPartOf\":{\"@id\":\"https:\\\/\\\/aconnection.com.br\\\/classificados\\\/novo-salario-minimo-2026-o-que-muda-para-trabalhadores-e-a-economia-brasileira\\\/\"},\"author\":{\"name\":\"Soliv\u00e1 Guimar\u00e3es Pestana\",\"@id\":\"https:\\\/\\\/aconnection.com.br\\\/classificados\\\/#\\\/schema\\\/person\\\/1876eca300517da830b7d9a036e3b01b\"},\"headline\":\"Novo sal\u00e1rio m\u00ednimo 2026: O que muda para trabalhadores e a economia brasileira\",\"datePublished\":\"2025-12-18T23:00:00+00:00\",\"dateModified\":\"2026-02-26T14:12:53+00:00\",\"mainEntityOfPage\":{\"@id\":\"https:\\\/\\\/aconnection.com.br\\\/classificados\\\/novo-salario-minimo-2026-o-que-muda-para-trabalhadores-e-a-economia-brasileira\\\/\"},\"wordCount\":758,\"commentCount\":0,\"publisher\":{\"@id\":\"https:\\\/\\\/aconnection.com.br\\\/classificados\\\/#organization\"},\"image\":{\"@id\":\"https:\\\/\\\/aconnection.com.br\\\/classificados\\\/novo-salario-minimo-2026-o-que-muda-para-trabalhadores-e-a-economia-brasileira\\\/#primaryimage\"},\"thumbnailUrl\":\"https:\\\/\\\/aconnection.com.br\\\/classificados\\\/wp-content\\\/uploads\\\/2025\\\/12\\\/salariominimo2026.jpg\",\"keywords\":[\"economia brasileira\",\"reajuste salarial\",\"sal\u00e1rio m\u00ednimo 2026\"],\"articleSection\":[\"Empregos e Oportunidades\"],\"inLanguage\":\"pt-BR\",\"potentialAction\":[{\"@type\":\"CommentAction\",\"name\":\"Comment\",\"target\":[\"https:\\\/\\\/aconnection.com.br\\\/classificados\\\/novo-salario-minimo-2026-o-que-muda-para-trabalhadores-e-a-economia-brasileira\\\/#respond\"]}]},{\"@type\":\"WebPage\",\"@id\":\"https:\\\/\\\/aconnection.com.br\\\/classificados\\\/novo-salario-minimo-2026-o-que-muda-para-trabalhadores-e-a-economia-brasileira\\\/\",\"url\":\"https:\\\/\\\/aconnection.com.br\\\/classificados\\\/novo-salario-minimo-2026-o-que-muda-para-trabalhadores-e-a-economia-brasileira\\\/\",\"name\":\"Sal\u00e1rio M\u00ednimo 2026: O Que Muda para a Economia\",\"isPartOf\":{\"@id\":\"https:\\\/\\\/aconnection.com.br\\\/classificados\\\/#website\"},\"primaryImageOfPage\":{\"@id\":\"https:\\\/\\\/aconnection.com.br\\\/classificados\\\/novo-salario-minimo-2026-o-que-muda-para-trabalhadores-e-a-economia-brasileira\\\/#primaryimage\"},\"image\":{\"@id\":\"https:\\\/\\\/aconnection.com.br\\\/classificados\\\/novo-salario-minimo-2026-o-que-muda-para-trabalhadores-e-a-economia-brasileira\\\/#primaryimage\"},\"thumbnailUrl\":\"https:\\\/\\\/aconnection.com.br\\\/classificados\\\/wp-content\\\/uploads\\\/2025\\\/12\\\/salariominimo2026.jpg\",\"datePublished\":\"2025-12-18T23:00:00+00:00\",\"dateModified\":\"2026-02-26T14:12:53+00:00\",\"description\":\"Entenda o novo sal\u00e1rio m\u00ednimo de 2026 no Brasil, seu valor, como \u00e9 calculado e os impactos para trabalhadores, aposentados e a economia.\",\"breadcrumb\":{\"@id\":\"https:\\\/\\\/aconnection.com.br\\\/classificados\\\/novo-salario-minimo-2026-o-que-muda-para-trabalhadores-e-a-economia-brasileira\\\/#breadcrumb\"},\"inLanguage\":\"pt-BR\",\"potentialAction\":[{\"@type\":\"ReadAction\",\"target\":[\"https:\\\/\\\/aconnection.com.br\\\/classificados\\\/novo-salario-minimo-2026-o-que-muda-para-trabalhadores-e-a-economia-brasileira\\\/\"]}]},{\"@type\":\"ImageObject\",\"inLanguage\":\"pt-BR\",\"@id\":\"https:\\\/\\\/aconnection.com.br\\\/classificados\\\/novo-salario-minimo-2026-o-que-muda-para-trabalhadores-e-a-economia-brasileira\\\/#primaryimage\",\"url\":\"https:\\\/\\\/aconnection.com.br\\\/classificados\\\/wp-content\\\/uploads\\\/2025\\\/12\\\/salariominimo2026.jpg\",\"contentUrl\":\"https:\\\/\\\/aconnection.com.br\\\/classificados\\\/wp-content\\\/uploads\\\/2025\\\/12\\\/salariominimo2026.jpg\",\"width\":1080,\"height\":1080},{\"@type\":\"BreadcrumbList\",\"@id\":\"https:\\\/\\\/aconnection.com.br\\\/classificados\\\/novo-salario-minimo-2026-o-que-muda-para-trabalhadores-e-a-economia-brasileira\\\/#breadcrumb\",\"itemListElement\":[{\"@type\":\"ListItem\",\"position\":1,\"name\":\"In\u00edcio\",\"item\":\"https:\\\/\\\/aconnection.com.br\\\/classificados\\\/\"},{\"@type\":\"ListItem\",\"position\":2,\"name\":\"Novo sal\u00e1rio m\u00ednimo 2026: O que muda para trabalhadores e a economia brasileira\"}]},{\"@type\":\"WebSite\",\"@id\":\"https:\\\/\\\/aconnection.com.br\\\/classificados\\\/#website\",\"url\":\"https:\\\/\\\/aconnection.com.br\\\/classificados\\\/\",\"name\":\"AConnection Classificados\",\"description\":\"Conectando Clientes, Impulsinando o Seu Neg\u00f3cio\",\"publisher\":{\"@id\":\"https:\\\/\\\/aconnection.com.br\\\/classificados\\\/#organization\"},\"potentialAction\":[{\"@type\":\"SearchAction\",\"target\":{\"@type\":\"EntryPoint\",\"urlTemplate\":\"https:\\\/\\\/aconnection.com.br\\\/classificados\\\/?s={search_term_string}\"},\"query-input\":{\"@type\":\"PropertyValueSpecification\",\"valueRequired\":true,\"valueName\":\"search_term_string\"}}],\"inLanguage\":\"pt-BR\"},{\"@type\":\"Organization\",\"@id\":\"https:\\\/\\\/aconnection.com.br\\\/classificados\\\/#organization\",\"name\":\"AConnection Classificados\",\"url\":\"https:\\\/\\\/aconnection.com.br\\\/classificados\\\/\",\"logo\":{\"@type\":\"ImageObject\",\"inLanguage\":\"pt-BR\",\"@id\":\"https:\\\/\\\/aconnection.com.br\\\/classificados\\\/#\\\/schema\\\/logo\\\/image\\\/\",\"url\":\"https:\\\/\\\/aconnection.com.br\\\/classificados\\\/wp-content\\\/uploads\\\/2021\\\/08\\\/Logomarca-AConnection-05.png\",\"contentUrl\":\"https:\\\/\\\/aconnection.com.br\\\/classificados\\\/wp-content\\\/uploads\\\/2021\\\/08\\\/Logomarca-AConnection-05.png\",\"width\":3098,\"height\":2860,\"caption\":\"AConnection Classificados\"},\"image\":{\"@id\":\"https:\\\/\\\/aconnection.com.br\\\/classificados\\\/#\\\/schema\\\/logo\\\/image\\\/\"},\"sameAs\":[\"https:\\\/\\\/x.com\\\/sticompanyy\",\"https:\\\/\\\/www.instagram.com\\\/sti.company\"]},{\"@type\":\"Person\",\"@id\":\"https:\\\/\\\/aconnection.com.br\\\/classificados\\\/#\\\/schema\\\/person\\\/1876eca300517da830b7d9a036e3b01b\",\"name\":\"Soliv\u00e1 Guimar\u00e3es Pestana\",\"image\":{\"@type\":\"ImageObject\",\"inLanguage\":\"pt-BR\",\"@id\":\"https:\\\/\\\/secure.gravatar.com\\\/avatar\\\/e2da6b8bf6db91c613d93bddb7f16b9d1af2610e2d70973ede034c8dcdacd4ab?s=96&d=mm&r=g\",\"url\":\"https:\\\/\\\/secure.gravatar.com\\\/avatar\\\/e2da6b8bf6db91c613d93bddb7f16b9d1af2610e2d70973ede034c8dcdacd4ab?s=96&d=mm&r=g\",\"contentUrl\":\"https:\\\/\\\/secure.gravatar.com\\\/avatar\\\/e2da6b8bf6db91c613d93bddb7f16b9d1af2610e2d70973ede034c8dcdacd4ab?s=96&d=mm&r=g\",\"caption\":\"Soliv\u00e1 Guimar\u00e3es Pestana\"},\"description\":\"Natural de Itanh\u00e9m, Bahia. Casado, pai de um filho. Tecn\u00f3logo em an\u00e1lise e Desenvolvimento de Sistemas, Bacharel em Administra\u00e7\u00e3o P\u00fablica. Na Contabilidade Pires atua como Auxiliar de contabilidade(RH). Nos hor\u00e1rios extras atua como profissional de inform\u00e1tica e suas tecnologias. Apaixonado por tecnologia, finan\u00e7as e futebol, torcedor do Fluminense-RJ, Cat\u00f3lico Apost\u00f3lico Romano. Propriet\u00e1rio dos sites www.sticompany.com.br e www.aconnection.com.br.\",\"sameAs\":[\"http:\\\/\\\/www.sticompany.com.br\"],\"url\":\"https:\\\/\\\/aconnection.com.br\\\/classificados\\\/author\\\/solivagp\\\/\"}]}<\/script>\n<!-- \/ Yoast SEO Premium plugin. -->","yoast_head_json":{"title":"Sal\u00e1rio M\u00ednimo 2026: O Que Muda para a Economia","description":"Entenda o novo sal\u00e1rio m\u00ednimo de 2026 no Brasil, seu valor, como \u00e9 calculado e os impactos para trabalhadores, aposentados e a economia.","robots":{"index":"index","follow":"follow","max-snippet":"max-snippet:-1","max-image-preview":"max-image-preview:large","max-video-preview":"max-video-preview:-1"},"canonical":"https:\/\/aconnection.com.br\/classificados\/novo-salario-minimo-2026-o-que-muda-para-trabalhadores-e-a-economia-brasileira\/","og_locale":"pt_BR","og_type":"article","og_title":"Novo sal\u00e1rio m\u00ednimo 2026: O que muda para trabalhadores e a economia brasileira","og_description":"O novo sal\u00e1rio m\u00ednimo em 2026 j\u00e1 foi confirmado! Veja quanto ser\u00e1 o novo valor, como ele \u00e9 calculado com base na infla\u00e7\u00e3o e crescimento econ\u00f4mico, e o que isso representa para trabalhadores, aposentados e empresas no Brasil.","og_url":"https:\/\/aconnection.com.br\/classificados\/novo-salario-minimo-2026-o-que-muda-para-trabalhadores-e-a-economia-brasileira\/","og_site_name":"AConnection Classificados","article_published_time":"2025-12-18T23:00:00+00:00","article_modified_time":"2026-02-26T14:12:53+00:00","og_image":[{"width":1080,"height":1080,"url":"https:\/\/aconnection.com.br\/classificados\/wp-content\/uploads\/2025\/12\/salariominimo2026.jpg","type":"image\/jpeg"}],"author":"Soliv\u00e1 Guimar\u00e3es Pestana","twitter_card":"summary_large_image","twitter_description":"O novo sal\u00e1rio m\u00ednimo em 2026 j\u00e1 foi confirmado! Veja quanto ser\u00e1 o novo valor, como ele \u00e9 calculado com base na infla\u00e7\u00e3o e crescimento econ\u00f4mico, e o que isso representa para trabalhadores, aposentados e empresas no Brasil.","twitter_creator":"@sticompanyy","twitter_site":"@sticompanyy","twitter_misc":{"Escrito por":"Soliv\u00e1 Guimar\u00e3es Pestana","Est. tempo de leitura":"4 minutos"},"schema":{"@context":"https:\/\/schema.org","@graph":[{"@type":"Article","@id":"https:\/\/aconnection.com.br\/classificados\/novo-salario-minimo-2026-o-que-muda-para-trabalhadores-e-a-economia-brasileira\/#article","isPartOf":{"@id":"https:\/\/aconnection.com.br\/classificados\/novo-salario-minimo-2026-o-que-muda-para-trabalhadores-e-a-economia-brasileira\/"},"author":{"name":"Soliv\u00e1 Guimar\u00e3es Pestana","@id":"https:\/\/aconnection.com.br\/classificados\/#\/schema\/person\/1876eca300517da830b7d9a036e3b01b"},"headline":"Novo sal\u00e1rio m\u00ednimo 2026: O que muda para trabalhadores e a economia brasileira","datePublished":"2025-12-18T23:00:00+00:00","dateModified":"2026-02-26T14:12:53+00:00","mainEntityOfPage":{"@id":"https:\/\/aconnection.com.br\/classificados\/novo-salario-minimo-2026-o-que-muda-para-trabalhadores-e-a-economia-brasileira\/"},"wordCount":758,"commentCount":0,"publisher":{"@id":"https:\/\/aconnection.com.br\/classificados\/#organization"},"image":{"@id":"https:\/\/aconnection.com.br\/classificados\/novo-salario-minimo-2026-o-que-muda-para-trabalhadores-e-a-economia-brasileira\/#primaryimage"},"thumbnailUrl":"https:\/\/aconnection.com.br\/classificados\/wp-content\/uploads\/2025\/12\/salariominimo2026.jpg","keywords":["economia brasileira","reajuste salarial","sal\u00e1rio m\u00ednimo 2026"],"articleSection":["Empregos e Oportunidades"],"inLanguage":"pt-BR","potentialAction":[{"@type":"CommentAction","name":"Comment","target":["https:\/\/aconnection.com.br\/classificados\/novo-salario-minimo-2026-o-que-muda-para-trabalhadores-e-a-economia-brasileira\/#respond"]}]},{"@type":"WebPage","@id":"https:\/\/aconnection.com.br\/classificados\/novo-salario-minimo-2026-o-que-muda-para-trabalhadores-e-a-economia-brasileira\/","url":"https:\/\/aconnection.com.br\/classificados\/novo-salario-minimo-2026-o-que-muda-para-trabalhadores-e-a-economia-brasileira\/","name":"Sal\u00e1rio M\u00ednimo 2026: O Que Muda para a Economia","isPartOf":{"@id":"https:\/\/aconnection.com.br\/classificados\/#website"},"primaryImageOfPage":{"@id":"https:\/\/aconnection.com.br\/classificados\/novo-salario-minimo-2026-o-que-muda-para-trabalhadores-e-a-economia-brasileira\/#primaryimage"},"image":{"@id":"https:\/\/aconnection.com.br\/classificados\/novo-salario-minimo-2026-o-que-muda-para-trabalhadores-e-a-economia-brasileira\/#primaryimage"},"thumbnailUrl":"https:\/\/aconnection.com.br\/classificados\/wp-content\/uploads\/2025\/12\/salariominimo2026.jpg","datePublished":"2025-12-18T23:00:00+00:00","dateModified":"2026-02-26T14:12:53+00:00","description":"Entenda o novo sal\u00e1rio m\u00ednimo de 2026 no Brasil, seu valor, como \u00e9 calculado e os impactos para trabalhadores, aposentados e a economia.","breadcrumb":{"@id":"https:\/\/aconnection.com.br\/classificados\/novo-salario-minimo-2026-o-que-muda-para-trabalhadores-e-a-economia-brasileira\/#breadcrumb"},"inLanguage":"pt-BR","potentialAction":[{"@type":"ReadAction","target":["https:\/\/aconnection.com.br\/classificados\/novo-salario-minimo-2026-o-que-muda-para-trabalhadores-e-a-economia-brasileira\/"]}]},{"@type":"ImageObject","inLanguage":"pt-BR","@id":"https:\/\/aconnection.com.br\/classificados\/novo-salario-minimo-2026-o-que-muda-para-trabalhadores-e-a-economia-brasileira\/#primaryimage","url":"https:\/\/aconnection.com.br\/classificados\/wp-content\/uploads\/2025\/12\/salariominimo2026.jpg","contentUrl":"https:\/\/aconnection.com.br\/classificados\/wp-content\/uploads\/2025\/12\/salariominimo2026.jpg","width":1080,"height":1080},{"@type":"BreadcrumbList","@id":"https:\/\/aconnection.com.br\/classificados\/novo-salario-minimo-2026-o-que-muda-para-trabalhadores-e-a-economia-brasileira\/#breadcrumb","itemListElement":[{"@type":"ListItem","position":1,"name":"In\u00edcio","item":"https:\/\/aconnection.com.br\/classificados\/"},{"@type":"ListItem","position":2,"name":"Novo sal\u00e1rio m\u00ednimo 2026: O que muda para trabalhadores e a economia brasileira"}]},{"@type":"WebSite","@id":"https:\/\/aconnection.com.br\/classificados\/#website","url":"https:\/\/aconnection.com.br\/classificados\/","name":"AConnection Classificados","description":"Conectando Clientes, Impulsinando o Seu Neg\u00f3cio","publisher":{"@id":"https:\/\/aconnection.com.br\/classificados\/#organization"},"potentialAction":[{"@type":"SearchAction","target":{"@type":"EntryPoint","urlTemplate":"https:\/\/aconnection.com.br\/classificados\/?s={search_term_string}"},"query-input":{"@type":"PropertyValueSpecification","valueRequired":true,"valueName":"search_term_string"}}],"inLanguage":"pt-BR"},{"@type":"Organization","@id":"https:\/\/aconnection.com.br\/classificados\/#organization","name":"AConnection Classificados","url":"https:\/\/aconnection.com.br\/classificados\/","logo":{"@type":"ImageObject","inLanguage":"pt-BR","@id":"https:\/\/aconnection.com.br\/classificados\/#\/schema\/logo\/image\/","url":"https:\/\/aconnection.com.br\/classificados\/wp-content\/uploads\/2021\/08\/Logomarca-AConnection-05.png","contentUrl":"https:\/\/aconnection.com.br\/classificados\/wp-content\/uploads\/2021\/08\/Logomarca-AConnection-05.png","width":3098,"height":2860,"caption":"AConnection Classificados"},"image":{"@id":"https:\/\/aconnection.com.br\/classificados\/#\/schema\/logo\/image\/"},"sameAs":["https:\/\/x.com\/sticompanyy","https:\/\/www.instagram.com\/sti.company"]},{"@type":"Person","@id":"https:\/\/aconnection.com.br\/classificados\/#\/schema\/person\/1876eca300517da830b7d9a036e3b01b","name":"Soliv\u00e1 Guimar\u00e3es Pestana","image":{"@type":"ImageObject","inLanguage":"pt-BR","@id":"https:\/\/secure.gravatar.com\/avatar\/e2da6b8bf6db91c613d93bddb7f16b9d1af2610e2d70973ede034c8dcdacd4ab?s=96&d=mm&r=g","url":"https:\/\/secure.gravatar.com\/avatar\/e2da6b8bf6db91c613d93bddb7f16b9d1af2610e2d70973ede034c8dcdacd4ab?s=96&d=mm&r=g","contentUrl":"https:\/\/secure.gravatar.com\/avatar\/e2da6b8bf6db91c613d93bddb7f16b9d1af2610e2d70973ede034c8dcdacd4ab?s=96&d=mm&r=g","caption":"Soliv\u00e1 Guimar\u00e3es Pestana"},"description":"Natural de Itanh\u00e9m, Bahia. Casado, pai de um filho. Tecn\u00f3logo em an\u00e1lise e Desenvolvimento de Sistemas, Bacharel em Administra\u00e7\u00e3o P\u00fablica. Na Contabilidade Pires atua como Auxiliar de contabilidade(RH). Nos hor\u00e1rios extras atua como profissional de inform\u00e1tica e suas tecnologias. Apaixonado por tecnologia, finan\u00e7as e futebol, torcedor do Fluminense-RJ, Cat\u00f3lico Apost\u00f3lico Romano. Propriet\u00e1rio dos sites www.sticompany.com.br e www.aconnection.com.br.","sameAs":["http:\/\/www.sticompany.com.br"],"url":"https:\/\/aconnection.com.br\/classificados\/author\/solivagp\/"}]}},"_links":{"self":[{"href":"https:\/\/aconnection.com.br\/classificados\/wp-json\/wp\/v2\/posts\/53324","targetHints":{"allow":["GET"]}}],"collection":[{"href":"https:\/\/aconnection.com.br\/classificados\/wp-json\/wp\/v2\/posts"}],"about":[{"href":"https:\/\/aconnection.com.br\/classificados\/wp-json\/wp\/v2\/types\/post"}],"author":[{"embeddable":true,"href":"https:\/\/aconnection.com.br\/classificados\/wp-json\/wp\/v2\/users\/2"}],"replies":[{"embeddable":true,"href":"https:\/\/aconnection.com.br\/classificados\/wp-json\/wp\/v2\/comments?post=53324"}],"version-history":[{"count":2,"href":"https:\/\/aconnection.com.br\/classificados\/wp-json\/wp\/v2\/posts\/53324\/revisions"}],"predecessor-version":[{"id":53327,"href":"https:\/\/aconnection.com.br\/classificados\/wp-json\/wp\/v2\/posts\/53324\/revisions\/53327"}],"wp:featuredmedia":[{"embeddable":true,"href":"https:\/\/aconnection.com.br\/classificados\/wp-json\/wp\/v2\/media\/53326"}],"wp:attachment":[{"href":"https:\/\/aconnection.com.br\/classificados\/wp-json\/wp\/v2\/media?parent=53324"}],"wp:term":[{"taxonomy":"category","embeddable":true,"href":"https:\/\/aconnection.com.br\/classificados\/wp-json\/wp\/v2\/categories?post=53324"},{"taxonomy":"post_tag","embeddable":true,"href":"https:\/\/aconnection.com.br\/classificados\/wp-json\/wp\/v2\/tags?post=53324"}],"curies":[{"name":"wp","href":"https:\/\/api.w.org\/{rel}","templated":true}]}}