{"id":53328,"date":"2025-12-19T20:00:00","date_gmt":"2025-12-19T23:00:00","guid":{"rendered":"https:\/\/aconnection.com.br\/classificados\/?p=53328"},"modified":"2026-02-26T11:13:06","modified_gmt":"2026-02-26T14:13:06","slug":"como-o-novo-salario-minimo-vai-impactar-a-economia-local","status":"publish","type":"post","link":"https:\/\/aconnection.com.br\/classificados\/como-o-novo-salario-minimo-vai-impactar-a-economia-local\/","title":{"rendered":"Como o novo sal\u00e1rio m\u00ednimo vai impactar a economia local"},"content":{"rendered":"\n<p>O reajuste do sal\u00e1rio m\u00ednimo tem efeitos que v\u00e3o al\u00e9m do contracheque: altera o consumo das fam\u00edlias, o planejamento das micro e pequenas empresas, e a din\u00e2mica do com\u00e9rcio local. Entender esses impactos ajuda empres\u00e1rios, trabalhadores e gestores p\u00fablicos a se prepararem para as mudan\u00e7as e a transformar o reajuste em oportunidade para a economia regional.<\/p>\n\n\n\n<h2 class=\"wp-block-heading\" id=\"h-1-o-ponto-de-partida-qual-e-o-novo-salario-minimo\">1. O ponto de partida: qual \u00e9 o novo sal\u00e1rio m\u00ednimo<\/h2>\n\n\n\n<p><a href=\"https:\/\/aconnection.com.br\/classificados\/novo-salario-minimo-2026-o-que-muda-para-trabalhadores-e-a-economia-brasileira\/\" target=\"_blank\" rel=\"noreferrer noopener\">O governo federal confirmou o sal\u00e1rio m\u00ednimo para 2026 em <strong>R$ 1.621<\/strong><\/a>, reajuste que combina corre\u00e7\u00e3o pela infla\u00e7\u00e3o com parcela de ganho real definida em lei. Esse valor passa a valer no in\u00edcio do ano e influencia pisos e benef\u00edcios vinculados ao m\u00ednimo.<\/p>\n\n\n\n<h2 class=\"wp-block-heading\" id=\"h-2-efeito-imediato-aumento-do-poder-de-compra-local\">2. Efeito imediato: aumento do poder de compra local<\/h2>\n\n\n\n<p>Quando o piso sobe, fam\u00edlias de baixa renda \u2014 que t\u00eam maior propens\u00e3o marginal a consumir \u2014 tendem a direcionar parte do aumento para consumo imediato (alimentos, transporte, servi\u00e7os locais). Esse efeito eleva a demanda no com\u00e9rcio de bairro, estabelecimentos de servi\u00e7os e pequenos fornecedores, aquecendo o mercado local. Estudos e proje\u00e7\u00f5es indicam que, em cen\u00e1rios de crescimento moderado, o consumo das fam\u00edlias pode sustentar parte do crescimento econ\u00f4mico.<\/p>\n\n\n\n<h2 class=\"wp-block-heading\" id=\"h-3-repercussao-para-pequenos-negocios-e-comercio-local\">3. Repercuss\u00e3o para pequenos neg\u00f3cios e com\u00e9rcio local<\/h2>\n\n\n\n<p>Pequenos comerciantes frequentemente s\u00e3o os primeiros a sentir a alta na demanda \u2014 mais clientes no ponto de venda, aumento de vendas por ticket m\u00e9dio e maior circula\u00e7\u00e3o. Para muitos empreendimentos locais esse movimento \u00e9 uma oportunidade de recuperar margem, ampliar carteira de clientes e fidelizar consumidores por meio de ofertas e servi\u00e7os agregados. No entanto, o impacto tamb\u00e9m requer planejamento: \u00e9 preciso gerenciar estoque, fluxo de caixa e log\u00edstica para atender \u00e0 demanda sem perda de qualidade.<\/p>\n\n\n\n<h2 class=\"wp-block-heading\" id=\"h-4-efeitos-sobre-custos-e-folha-de-pagamento\">4. Efeitos sobre custos e folha de pagamento<\/h2>\n\n\n\n<p>Ao mesmo tempo que eleva o consumo, o reajuste do m\u00ednimo aumenta custos trabalhistas quando empresas t\u00eam remunera\u00e7\u00f5es atreladas ao piso ou pisos regionais. Isso exige ajuste do planejamento financeiro das micro e pequenas empresas, que devem reavaliar margens, pre\u00e7os e, quando necess\u00e1rio, pr\u00e1ticas de efici\u00eancia operacional para manter sustentabilidade. Estimativas apontam impactos relevantes nas contas p\u00fablicas e na folha de muitos empregadores; cada R$ 1 de aumento do m\u00ednimo tem efeito agregado significativo sobre despesas.<\/p>\n\n\n\n<h2 class=\"wp-block-heading\" id=\"h-5-impacto-sobre-precos-e-inflacao-local\">5. Impacto sobre pre\u00e7os e infla\u00e7\u00e3o local<\/h2>\n\n\n\n<p>Alguns setores, especialmente servi\u00e7os intensivos em m\u00e3o de obra, podem repassar parte do aumento de custos aos pre\u00e7os finais. Em n\u00edvel agregado, bancos centrais e estudos apontam que reajustes do m\u00ednimo t\u00eam efeito sobre a infla\u00e7\u00e3o de servi\u00e7os, embora o impacto total dependa de v\u00e1rios fatores (capacidade ociosa, concorr\u00eancia, c\u00e2mbio e pol\u00edtica monet\u00e1ria). Portanto, \u00e9 poss\u00edvel observar ajustes pontuais de pre\u00e7os no com\u00e9rcio local, mas n\u00e3o necessariamente uma infla\u00e7\u00e3o generalizada se a economia estiver com espa\u00e7o para absorver a demanda.<\/p>\n\n\n\n<h2 class=\"wp-block-heading\" id=\"h-6-emprego-e-formalizacao-dupla-leitura\">6. Emprego e formaliza\u00e7\u00e3o: dupla leitura<\/h2>\n\n\n\n<p>A literatura econ\u00f4mica mostra que aumentos do piso podem ter efeitos mistos sobre emprego \u2014 em curto prazo, ajuste de contrata\u00e7\u00f5es em setores mais sens\u00edveis; em outro polo, aumento do consumo pode demandar mais m\u00e3o de obra. Em \u00e1reas onde h\u00e1 forte economia local e necessidade de atendimento (restaurantes, com\u00e9rcio, servi\u00e7os profissionais), a demanda adicional pode estimular contrata\u00e7\u00e3o. Ao mesmo tempo, empresas que j\u00e1 operam com margens apertadas precisar\u00e3o buscar ganhos de produtividade para manter quadro e servi\u00e7os.<\/p>\n\n\n\n<h2 class=\"wp-block-heading\" id=\"h-7-recomendacoes-praticas-para-agentes-locais\">7. Recomenda\u00e7\u00f5es pr\u00e1ticas para agentes locais<\/h2>\n\n\n\n<h3 class=\"wp-block-heading\" id=\"h-para-pequenos-empresarios\">Para pequenos empres\u00e1rios<\/h3>\n\n\n\n<ul class=\"wp-block-list\">\n<li><strong>Revise fluxo de caixa<\/strong>: projete cen\u00e1rios de vendas e custos com o novo piso.<\/li>\n\n\n\n<li><strong>Aproveite o aumento de demanda<\/strong>: invista em atendimento, estoque e promo\u00e7\u00f5es locais.<\/li>\n\n\n\n<li><strong>Busque efici\u00eancia<\/strong>: negocie com fornecedores, otimize log\u00edstica e automatize processos simples.<\/li>\n<\/ul>\n\n\n\n<h3 class=\"wp-block-heading\" id=\"h-para-trabalhadores-e-familias\">Para trabalhadores e fam\u00edlias<\/h3>\n\n\n\n<ul class=\"wp-block-list\">\n<li><strong>Priorize d\u00edvidas de juros altos<\/strong> e consumo essencial; use parte do aumento para forma\u00e7\u00e3o de reserva.<\/li>\n\n\n\n<li><strong>Acompanhe ofertas locais<\/strong> e prefira com\u00e9rcio de bairro para fortalecer a economia da sua regi\u00e3o.<\/li>\n<\/ul>\n\n\n\n<h3 class=\"wp-block-heading\" id=\"h-para-gestores-publicos-locais\">Para gestores p\u00fablicos locais<\/h3>\n\n\n\n<ul class=\"wp-block-list\">\n<li><strong>Foque em iniciativas que apoiem microempreendedores<\/strong> (capacita\u00e7\u00e3o, linhas de cr\u00e9dito), para que o aumento de demanda se traduza em ganhos permanentes de produtividade e emprego.<\/li>\n<\/ul>\n\n\n\n<h2 class=\"wp-block-heading\" id=\"h-8-conclusao-do-ajuste-ao-aproveitamento-local\">8. Conclus\u00e3o \u2014 do ajuste ao aproveitamento local<\/h2>\n\n\n\n<p>O novo sal\u00e1rio m\u00ednimo representa uma chance para reanimar o consumo e fortalecer o com\u00e9rcio local \u2014 desde que empresas, trabalhadores e autoridades se preparem para as consequ\u00eancias. Com planejamento, boas pr\u00e1ticas de gest\u00e3o e pol\u00edticas de apoio, a eleva\u00e7\u00e3o do piso pode se transformar em mais renda circulando na economia regional, gera\u00e7\u00e3o de oportunidades e inclus\u00e3o econ\u00f4mica.<\/p>\n","protected":false},"excerpt":{"rendered":"<p>O reajuste do sal\u00e1rio m\u00ednimo para 2026 impacta consumo, empregos e custos locais. Veja como isso afeta pequenos neg\u00f3cios e o que empres\u00e1rios e trabalhadores podem fazer para se preparar.<\/p>\n","protected":false},"author":2,"featured_media":53333,"comment_status":"open","ping_status":"open","sticky":false,"template":"","format":"standard","meta":{"om_disable_all_campaigns":false,"_monsterinsights_skip_tracking":false,"_monsterinsights_sitenote_active":false,"_monsterinsights_sitenote_note":"","_monsterinsights_sitenote_category":0,"_uf_show_specific_survey":0,"_uf_disable_surveys":false,"_price":"","_stock":"","_tribe_ticket_header":"","_tribe_default_ticket_provider":"","_tribe_ticket_capacity":"","_ticket_start_date":"","_ticket_end_date":"","_tribe_ticket_show_description":"","_tribe_ticket_show_not_going":false,"_tribe_ticket_use_global_stock":"","_tribe_ticket_global_stock_level":"","_global_stock_mode":"","_global_stock_cap":"","_tribe_rsvp_for_event":"","_tribe_ticket_going_count":"","_tribe_ticket_not_going_count":"","_tribe_tickets_list":"[]","_tribe_ticket_has_attendee_info_fields":false,"_EventAllDay":false,"_EventTimezone":"","_EventStartDate":"","_EventEndDate":"","_EventStartDateUTC":"","_EventEndDateUTC":"","_EventShowMap":false,"_EventShowMapLink":false,"_EventURL":"","_EventCost":"","_EventCostDescription":"","_EventCurrencySymbol":"","_EventCurrencyCode":"","_EventCurrencyPosition":"","_EventDateTimeSeparator":"","_EventTimeRangeSeparator":"","_EventOrganizerID":[],"_EventVenueID":[],"_OrganizerEmail":"","_OrganizerPhone":"","_OrganizerWebsite":"","_VenueAddress":"","_VenueCity":"","_VenueCountry":"","_VenueProvince":"","_VenueState":"","_VenueZip":"","_VenuePhone":"","_VenueURL":"","_VenueStateProvince":"","_VenueLat":"","_VenueLng":"","_VenueShowMap":false,"_VenueShowMapLink":false,"footnotes":""},"categories":[25],"tags":[503,515,513,512],"class_list":["post-53328","post","type-post","status-publish","format-standard","has-post-thumbnail","hentry","category-empregos-e-oportunidades","tag-economia-local","tag-gestao-empresarial","tag-reajuste-salarial","tag-salario-minimo-2026"],"yoast_head":"<!-- This site is optimized with the Yoast SEO Premium plugin v26.5 (Yoast SEO v27.4) - https:\/\/yoast.com\/product\/yoast-seo-premium-wordpress\/ -->\n<title>Impacto do Sal\u00e1rio M\u00ednimo 2026 na Economia Local, o que muda?<\/title>\n<meta name=\"description\" content=\"Saiba como o novo sal\u00e1rio m\u00ednimo 2026 (R$1.621) impacta consumo, empregos e pequenos neg\u00f3cios na economia local. Veja como se preparar\" \/>\n<meta name=\"robots\" content=\"index, follow, max-snippet:-1, max-image-preview:large, max-video-preview:-1\" \/>\n<link rel=\"canonical\" href=\"https:\/\/aconnection.com.br\/classificados\/como-o-novo-salario-minimo-vai-impactar-a-economia-local\/\" \/>\n<meta property=\"og:locale\" content=\"pt_BR\" \/>\n<meta property=\"og:type\" content=\"article\" \/>\n<meta property=\"og:title\" content=\"Como o novo sal\u00e1rio m\u00ednimo vai impactar a economia local\" \/>\n<meta property=\"og:description\" content=\"Novo sal\u00e1rio m\u00ednimo em 2026 (R$1.621): o que muda na sua cidade? Entenda como o reajuste afeta consumo, emprego e pequenos neg\u00f3cios locais \u2014 e como se preparar para aproveitar as oportunidades.\" \/>\n<meta property=\"og:url\" content=\"https:\/\/aconnection.com.br\/classificados\/como-o-novo-salario-minimo-vai-impactar-a-economia-local\/\" \/>\n<meta property=\"og:site_name\" content=\"AConnection Classificados\" \/>\n<meta property=\"article:published_time\" content=\"2025-12-19T23:00:00+00:00\" \/>\n<meta property=\"article:modified_time\" content=\"2026-02-26T14:13:06+00:00\" \/>\n<meta property=\"og:image\" content=\"https:\/\/aconnection.com.br\/classificados\/wp-content\/uploads\/2025\/12\/salariominimonompactolocal.jpg\" \/>\n\t<meta property=\"og:image:width\" content=\"1080\" \/>\n\t<meta property=\"og:image:height\" content=\"1080\" \/>\n\t<meta property=\"og:image:type\" content=\"image\/jpeg\" \/>\n<meta name=\"author\" content=\"Soliv\u00e1 Guimar\u00e3es Pestana\" \/>\n<meta name=\"twitter:card\" content=\"summary_large_image\" \/>\n<meta name=\"twitter:description\" content=\"Novo sal\u00e1rio m\u00ednimo em 2026 (R$1.621): o que muda na sua cidade? Entenda como o reajuste afeta consumo, emprego e pequenos neg\u00f3cios locais \u2014 e como se preparar para aproveitar as oportunidades.\" \/>\n<meta name=\"twitter:creator\" content=\"@sticompanyy\" \/>\n<meta name=\"twitter:site\" content=\"@sticompanyy\" \/>\n<meta name=\"twitter:label1\" content=\"Escrito por\" \/>\n\t<meta name=\"twitter:data1\" content=\"Soliv\u00e1 Guimar\u00e3es Pestana\" \/>\n\t<meta name=\"twitter:label2\" content=\"Est. tempo de leitura\" \/>\n\t<meta name=\"twitter:data2\" content=\"5 minutos\" \/>\n<script type=\"application\/ld+json\" class=\"yoast-schema-graph\">{\"@context\":\"https:\\\/\\\/schema.org\",\"@graph\":[{\"@type\":\"Article\",\"@id\":\"https:\\\/\\\/aconnection.com.br\\\/classificados\\\/como-o-novo-salario-minimo-vai-impactar-a-economia-local\\\/#article\",\"isPartOf\":{\"@id\":\"https:\\\/\\\/aconnection.com.br\\\/classificados\\\/como-o-novo-salario-minimo-vai-impactar-a-economia-local\\\/\"},\"author\":{\"name\":\"Soliv\u00e1 Guimar\u00e3es Pestana\",\"@id\":\"https:\\\/\\\/aconnection.com.br\\\/classificados\\\/#\\\/schema\\\/person\\\/1876eca300517da830b7d9a036e3b01b\"},\"headline\":\"Como o novo sal\u00e1rio m\u00ednimo vai impactar a economia local\",\"datePublished\":\"2025-12-19T23:00:00+00:00\",\"dateModified\":\"2026-02-26T14:13:06+00:00\",\"mainEntityOfPage\":{\"@id\":\"https:\\\/\\\/aconnection.com.br\\\/classificados\\\/como-o-novo-salario-minimo-vai-impactar-a-economia-local\\\/\"},\"wordCount\":800,\"commentCount\":0,\"publisher\":{\"@id\":\"https:\\\/\\\/aconnection.com.br\\\/classificados\\\/#organization\"},\"image\":{\"@id\":\"https:\\\/\\\/aconnection.com.br\\\/classificados\\\/como-o-novo-salario-minimo-vai-impactar-a-economia-local\\\/#primaryimage\"},\"thumbnailUrl\":\"https:\\\/\\\/aconnection.com.br\\\/classificados\\\/wp-content\\\/uploads\\\/2025\\\/12\\\/salariominimonompactolocal.jpg\",\"keywords\":[\"Economia local\",\"gest\u00e3o empresarial\",\"reajuste salarial\",\"sal\u00e1rio m\u00ednimo 2026\"],\"articleSection\":[\"Empregos e Oportunidades\"],\"inLanguage\":\"pt-BR\",\"potentialAction\":[{\"@type\":\"CommentAction\",\"name\":\"Comment\",\"target\":[\"https:\\\/\\\/aconnection.com.br\\\/classificados\\\/como-o-novo-salario-minimo-vai-impactar-a-economia-local\\\/#respond\"]}]},{\"@type\":\"WebPage\",\"@id\":\"https:\\\/\\\/aconnection.com.br\\\/classificados\\\/como-o-novo-salario-minimo-vai-impactar-a-economia-local\\\/\",\"url\":\"https:\\\/\\\/aconnection.com.br\\\/classificados\\\/como-o-novo-salario-minimo-vai-impactar-a-economia-local\\\/\",\"name\":\"Impacto do Sal\u00e1rio M\u00ednimo 2026 na Economia Local, o que muda?\",\"isPartOf\":{\"@id\":\"https:\\\/\\\/aconnection.com.br\\\/classificados\\\/#website\"},\"primaryImageOfPage\":{\"@id\":\"https:\\\/\\\/aconnection.com.br\\\/classificados\\\/como-o-novo-salario-minimo-vai-impactar-a-economia-local\\\/#primaryimage\"},\"image\":{\"@id\":\"https:\\\/\\\/aconnection.com.br\\\/classificados\\\/como-o-novo-salario-minimo-vai-impactar-a-economia-local\\\/#primaryimage\"},\"thumbnailUrl\":\"https:\\\/\\\/aconnection.com.br\\\/classificados\\\/wp-content\\\/uploads\\\/2025\\\/12\\\/salariominimonompactolocal.jpg\",\"datePublished\":\"2025-12-19T23:00:00+00:00\",\"dateModified\":\"2026-02-26T14:13:06+00:00\",\"description\":\"Saiba como o novo sal\u00e1rio m\u00ednimo 2026 (R$1.621) impacta consumo, empregos e pequenos neg\u00f3cios na economia local. Veja como se preparar\",\"breadcrumb\":{\"@id\":\"https:\\\/\\\/aconnection.com.br\\\/classificados\\\/como-o-novo-salario-minimo-vai-impactar-a-economia-local\\\/#breadcrumb\"},\"inLanguage\":\"pt-BR\",\"potentialAction\":[{\"@type\":\"ReadAction\",\"target\":[\"https:\\\/\\\/aconnection.com.br\\\/classificados\\\/como-o-novo-salario-minimo-vai-impactar-a-economia-local\\\/\"]}]},{\"@type\":\"ImageObject\",\"inLanguage\":\"pt-BR\",\"@id\":\"https:\\\/\\\/aconnection.com.br\\\/classificados\\\/como-o-novo-salario-minimo-vai-impactar-a-economia-local\\\/#primaryimage\",\"url\":\"https:\\\/\\\/aconnection.com.br\\\/classificados\\\/wp-content\\\/uploads\\\/2025\\\/12\\\/salariominimonompactolocal.jpg\",\"contentUrl\":\"https:\\\/\\\/aconnection.com.br\\\/classificados\\\/wp-content\\\/uploads\\\/2025\\\/12\\\/salariominimonompactolocal.jpg\",\"width\":1080,\"height\":1080},{\"@type\":\"BreadcrumbList\",\"@id\":\"https:\\\/\\\/aconnection.com.br\\\/classificados\\\/como-o-novo-salario-minimo-vai-impactar-a-economia-local\\\/#breadcrumb\",\"itemListElement\":[{\"@type\":\"ListItem\",\"position\":1,\"name\":\"In\u00edcio\",\"item\":\"https:\\\/\\\/aconnection.com.br\\\/classificados\\\/\"},{\"@type\":\"ListItem\",\"position\":2,\"name\":\"Como o novo sal\u00e1rio m\u00ednimo vai impactar a economia local\"}]},{\"@type\":\"WebSite\",\"@id\":\"https:\\\/\\\/aconnection.com.br\\\/classificados\\\/#website\",\"url\":\"https:\\\/\\\/aconnection.com.br\\\/classificados\\\/\",\"name\":\"AConnection Classificados\",\"description\":\"Conectando Clientes, Impulsinando o Seu Neg\u00f3cio\",\"publisher\":{\"@id\":\"https:\\\/\\\/aconnection.com.br\\\/classificados\\\/#organization\"},\"potentialAction\":[{\"@type\":\"SearchAction\",\"target\":{\"@type\":\"EntryPoint\",\"urlTemplate\":\"https:\\\/\\\/aconnection.com.br\\\/classificados\\\/?s={search_term_string}\"},\"query-input\":{\"@type\":\"PropertyValueSpecification\",\"valueRequired\":true,\"valueName\":\"search_term_string\"}}],\"inLanguage\":\"pt-BR\"},{\"@type\":\"Organization\",\"@id\":\"https:\\\/\\\/aconnection.com.br\\\/classificados\\\/#organization\",\"name\":\"AConnection Classificados\",\"url\":\"https:\\\/\\\/aconnection.com.br\\\/classificados\\\/\",\"logo\":{\"@type\":\"ImageObject\",\"inLanguage\":\"pt-BR\",\"@id\":\"https:\\\/\\\/aconnection.com.br\\\/classificados\\\/#\\\/schema\\\/logo\\\/image\\\/\",\"url\":\"https:\\\/\\\/aconnection.com.br\\\/classificados\\\/wp-content\\\/uploads\\\/2021\\\/08\\\/Logomarca-AConnection-05.png\",\"contentUrl\":\"https:\\\/\\\/aconnection.com.br\\\/classificados\\\/wp-content\\\/uploads\\\/2021\\\/08\\\/Logomarca-AConnection-05.png\",\"width\":3098,\"height\":2860,\"caption\":\"AConnection Classificados\"},\"image\":{\"@id\":\"https:\\\/\\\/aconnection.com.br\\\/classificados\\\/#\\\/schema\\\/logo\\\/image\\\/\"},\"sameAs\":[\"https:\\\/\\\/x.com\\\/sticompanyy\",\"https:\\\/\\\/www.instagram.com\\\/sti.company\"]},{\"@type\":\"Person\",\"@id\":\"https:\\\/\\\/aconnection.com.br\\\/classificados\\\/#\\\/schema\\\/person\\\/1876eca300517da830b7d9a036e3b01b\",\"name\":\"Soliv\u00e1 Guimar\u00e3es Pestana\",\"image\":{\"@type\":\"ImageObject\",\"inLanguage\":\"pt-BR\",\"@id\":\"https:\\\/\\\/secure.gravatar.com\\\/avatar\\\/e2da6b8bf6db91c613d93bddb7f16b9d1af2610e2d70973ede034c8dcdacd4ab?s=96&d=mm&r=g\",\"url\":\"https:\\\/\\\/secure.gravatar.com\\\/avatar\\\/e2da6b8bf6db91c613d93bddb7f16b9d1af2610e2d70973ede034c8dcdacd4ab?s=96&d=mm&r=g\",\"contentUrl\":\"https:\\\/\\\/secure.gravatar.com\\\/avatar\\\/e2da6b8bf6db91c613d93bddb7f16b9d1af2610e2d70973ede034c8dcdacd4ab?s=96&d=mm&r=g\",\"caption\":\"Soliv\u00e1 Guimar\u00e3es Pestana\"},\"description\":\"Natural de Itanh\u00e9m, Bahia. Casado, pai de um filho. Tecn\u00f3logo em an\u00e1lise e Desenvolvimento de Sistemas, Bacharel em Administra\u00e7\u00e3o P\u00fablica. Na Contabilidade Pires atua como Auxiliar de contabilidade(RH). Nos hor\u00e1rios extras atua como profissional de inform\u00e1tica e suas tecnologias. Apaixonado por tecnologia, finan\u00e7as e futebol, torcedor do Fluminense-RJ, Cat\u00f3lico Apost\u00f3lico Romano. Propriet\u00e1rio dos sites www.sticompany.com.br e www.aconnection.com.br.\",\"sameAs\":[\"http:\\\/\\\/www.sticompany.com.br\"],\"url\":\"https:\\\/\\\/aconnection.com.br\\\/classificados\\\/author\\\/solivagp\\\/\"}]}<\/script>\n<!-- \/ Yoast SEO Premium plugin. -->","yoast_head_json":{"title":"Impacto do Sal\u00e1rio M\u00ednimo 2026 na Economia Local, o que muda?","description":"Saiba como o novo sal\u00e1rio m\u00ednimo 2026 (R$1.621) impacta consumo, empregos e pequenos neg\u00f3cios na economia local. Veja como se preparar","robots":{"index":"index","follow":"follow","max-snippet":"max-snippet:-1","max-image-preview":"max-image-preview:large","max-video-preview":"max-video-preview:-1"},"canonical":"https:\/\/aconnection.com.br\/classificados\/como-o-novo-salario-minimo-vai-impactar-a-economia-local\/","og_locale":"pt_BR","og_type":"article","og_title":"Como o novo sal\u00e1rio m\u00ednimo vai impactar a economia local","og_description":"Novo sal\u00e1rio m\u00ednimo em 2026 (R$1.621): o que muda na sua cidade? Entenda como o reajuste afeta consumo, emprego e pequenos neg\u00f3cios locais \u2014 e como se preparar para aproveitar as oportunidades.","og_url":"https:\/\/aconnection.com.br\/classificados\/como-o-novo-salario-minimo-vai-impactar-a-economia-local\/","og_site_name":"AConnection Classificados","article_published_time":"2025-12-19T23:00:00+00:00","article_modified_time":"2026-02-26T14:13:06+00:00","og_image":[{"width":1080,"height":1080,"url":"https:\/\/aconnection.com.br\/classificados\/wp-content\/uploads\/2025\/12\/salariominimonompactolocal.jpg","type":"image\/jpeg"}],"author":"Soliv\u00e1 Guimar\u00e3es Pestana","twitter_card":"summary_large_image","twitter_description":"Novo sal\u00e1rio m\u00ednimo em 2026 (R$1.621): o que muda na sua cidade? Entenda como o reajuste afeta consumo, emprego e pequenos neg\u00f3cios locais \u2014 e como se preparar para aproveitar as oportunidades.","twitter_creator":"@sticompanyy","twitter_site":"@sticompanyy","twitter_misc":{"Escrito por":"Soliv\u00e1 Guimar\u00e3es Pestana","Est. tempo de leitura":"5 minutos"},"schema":{"@context":"https:\/\/schema.org","@graph":[{"@type":"Article","@id":"https:\/\/aconnection.com.br\/classificados\/como-o-novo-salario-minimo-vai-impactar-a-economia-local\/#article","isPartOf":{"@id":"https:\/\/aconnection.com.br\/classificados\/como-o-novo-salario-minimo-vai-impactar-a-economia-local\/"},"author":{"name":"Soliv\u00e1 Guimar\u00e3es Pestana","@id":"https:\/\/aconnection.com.br\/classificados\/#\/schema\/person\/1876eca300517da830b7d9a036e3b01b"},"headline":"Como o novo sal\u00e1rio m\u00ednimo vai impactar a economia local","datePublished":"2025-12-19T23:00:00+00:00","dateModified":"2026-02-26T14:13:06+00:00","mainEntityOfPage":{"@id":"https:\/\/aconnection.com.br\/classificados\/como-o-novo-salario-minimo-vai-impactar-a-economia-local\/"},"wordCount":800,"commentCount":0,"publisher":{"@id":"https:\/\/aconnection.com.br\/classificados\/#organization"},"image":{"@id":"https:\/\/aconnection.com.br\/classificados\/como-o-novo-salario-minimo-vai-impactar-a-economia-local\/#primaryimage"},"thumbnailUrl":"https:\/\/aconnection.com.br\/classificados\/wp-content\/uploads\/2025\/12\/salariominimonompactolocal.jpg","keywords":["Economia local","gest\u00e3o empresarial","reajuste salarial","sal\u00e1rio m\u00ednimo 2026"],"articleSection":["Empregos e Oportunidades"],"inLanguage":"pt-BR","potentialAction":[{"@type":"CommentAction","name":"Comment","target":["https:\/\/aconnection.com.br\/classificados\/como-o-novo-salario-minimo-vai-impactar-a-economia-local\/#respond"]}]},{"@type":"WebPage","@id":"https:\/\/aconnection.com.br\/classificados\/como-o-novo-salario-minimo-vai-impactar-a-economia-local\/","url":"https:\/\/aconnection.com.br\/classificados\/como-o-novo-salario-minimo-vai-impactar-a-economia-local\/","name":"Impacto do Sal\u00e1rio M\u00ednimo 2026 na Economia Local, o que muda?","isPartOf":{"@id":"https:\/\/aconnection.com.br\/classificados\/#website"},"primaryImageOfPage":{"@id":"https:\/\/aconnection.com.br\/classificados\/como-o-novo-salario-minimo-vai-impactar-a-economia-local\/#primaryimage"},"image":{"@id":"https:\/\/aconnection.com.br\/classificados\/como-o-novo-salario-minimo-vai-impactar-a-economia-local\/#primaryimage"},"thumbnailUrl":"https:\/\/aconnection.com.br\/classificados\/wp-content\/uploads\/2025\/12\/salariominimonompactolocal.jpg","datePublished":"2025-12-19T23:00:00+00:00","dateModified":"2026-02-26T14:13:06+00:00","description":"Saiba como o novo sal\u00e1rio m\u00ednimo 2026 (R$1.621) impacta consumo, empregos e pequenos neg\u00f3cios na economia local. Veja como se preparar","breadcrumb":{"@id":"https:\/\/aconnection.com.br\/classificados\/como-o-novo-salario-minimo-vai-impactar-a-economia-local\/#breadcrumb"},"inLanguage":"pt-BR","potentialAction":[{"@type":"ReadAction","target":["https:\/\/aconnection.com.br\/classificados\/como-o-novo-salario-minimo-vai-impactar-a-economia-local\/"]}]},{"@type":"ImageObject","inLanguage":"pt-BR","@id":"https:\/\/aconnection.com.br\/classificados\/como-o-novo-salario-minimo-vai-impactar-a-economia-local\/#primaryimage","url":"https:\/\/aconnection.com.br\/classificados\/wp-content\/uploads\/2025\/12\/salariominimonompactolocal.jpg","contentUrl":"https:\/\/aconnection.com.br\/classificados\/wp-content\/uploads\/2025\/12\/salariominimonompactolocal.jpg","width":1080,"height":1080},{"@type":"BreadcrumbList","@id":"https:\/\/aconnection.com.br\/classificados\/como-o-novo-salario-minimo-vai-impactar-a-economia-local\/#breadcrumb","itemListElement":[{"@type":"ListItem","position":1,"name":"In\u00edcio","item":"https:\/\/aconnection.com.br\/classificados\/"},{"@type":"ListItem","position":2,"name":"Como o novo sal\u00e1rio m\u00ednimo vai impactar a economia local"}]},{"@type":"WebSite","@id":"https:\/\/aconnection.com.br\/classificados\/#website","url":"https:\/\/aconnection.com.br\/classificados\/","name":"AConnection Classificados","description":"Conectando Clientes, Impulsinando o Seu Neg\u00f3cio","publisher":{"@id":"https:\/\/aconnection.com.br\/classificados\/#organization"},"potentialAction":[{"@type":"SearchAction","target":{"@type":"EntryPoint","urlTemplate":"https:\/\/aconnection.com.br\/classificados\/?s={search_term_string}"},"query-input":{"@type":"PropertyValueSpecification","valueRequired":true,"valueName":"search_term_string"}}],"inLanguage":"pt-BR"},{"@type":"Organization","@id":"https:\/\/aconnection.com.br\/classificados\/#organization","name":"AConnection Classificados","url":"https:\/\/aconnection.com.br\/classificados\/","logo":{"@type":"ImageObject","inLanguage":"pt-BR","@id":"https:\/\/aconnection.com.br\/classificados\/#\/schema\/logo\/image\/","url":"https:\/\/aconnection.com.br\/classificados\/wp-content\/uploads\/2021\/08\/Logomarca-AConnection-05.png","contentUrl":"https:\/\/aconnection.com.br\/classificados\/wp-content\/uploads\/2021\/08\/Logomarca-AConnection-05.png","width":3098,"height":2860,"caption":"AConnection Classificados"},"image":{"@id":"https:\/\/aconnection.com.br\/classificados\/#\/schema\/logo\/image\/"},"sameAs":["https:\/\/x.com\/sticompanyy","https:\/\/www.instagram.com\/sti.company"]},{"@type":"Person","@id":"https:\/\/aconnection.com.br\/classificados\/#\/schema\/person\/1876eca300517da830b7d9a036e3b01b","name":"Soliv\u00e1 Guimar\u00e3es Pestana","image":{"@type":"ImageObject","inLanguage":"pt-BR","@id":"https:\/\/secure.gravatar.com\/avatar\/e2da6b8bf6db91c613d93bddb7f16b9d1af2610e2d70973ede034c8dcdacd4ab?s=96&d=mm&r=g","url":"https:\/\/secure.gravatar.com\/avatar\/e2da6b8bf6db91c613d93bddb7f16b9d1af2610e2d70973ede034c8dcdacd4ab?s=96&d=mm&r=g","contentUrl":"https:\/\/secure.gravatar.com\/avatar\/e2da6b8bf6db91c613d93bddb7f16b9d1af2610e2d70973ede034c8dcdacd4ab?s=96&d=mm&r=g","caption":"Soliv\u00e1 Guimar\u00e3es Pestana"},"description":"Natural de Itanh\u00e9m, Bahia. Casado, pai de um filho. Tecn\u00f3logo em an\u00e1lise e Desenvolvimento de Sistemas, Bacharel em Administra\u00e7\u00e3o P\u00fablica. Na Contabilidade Pires atua como Auxiliar de contabilidade(RH). Nos hor\u00e1rios extras atua como profissional de inform\u00e1tica e suas tecnologias. Apaixonado por tecnologia, finan\u00e7as e futebol, torcedor do Fluminense-RJ, Cat\u00f3lico Apost\u00f3lico Romano. Propriet\u00e1rio dos sites www.sticompany.com.br e www.aconnection.com.br.","sameAs":["http:\/\/www.sticompany.com.br"],"url":"https:\/\/aconnection.com.br\/classificados\/author\/solivagp\/"}]}},"_links":{"self":[{"href":"https:\/\/aconnection.com.br\/classificados\/wp-json\/wp\/v2\/posts\/53328","targetHints":{"allow":["GET"]}}],"collection":[{"href":"https:\/\/aconnection.com.br\/classificados\/wp-json\/wp\/v2\/posts"}],"about":[{"href":"https:\/\/aconnection.com.br\/classificados\/wp-json\/wp\/v2\/types\/post"}],"author":[{"embeddable":true,"href":"https:\/\/aconnection.com.br\/classificados\/wp-json\/wp\/v2\/users\/2"}],"replies":[{"embeddable":true,"href":"https:\/\/aconnection.com.br\/classificados\/wp-json\/wp\/v2\/comments?post=53328"}],"version-history":[{"count":2,"href":"https:\/\/aconnection.com.br\/classificados\/wp-json\/wp\/v2\/posts\/53328\/revisions"}],"predecessor-version":[{"id":53334,"href":"https:\/\/aconnection.com.br\/classificados\/wp-json\/wp\/v2\/posts\/53328\/revisions\/53334"}],"wp:featuredmedia":[{"embeddable":true,"href":"https:\/\/aconnection.com.br\/classificados\/wp-json\/wp\/v2\/media\/53333"}],"wp:attachment":[{"href":"https:\/\/aconnection.com.br\/classificados\/wp-json\/wp\/v2\/media?parent=53328"}],"wp:term":[{"taxonomy":"category","embeddable":true,"href":"https:\/\/aconnection.com.br\/classificados\/wp-json\/wp\/v2\/categories?post=53328"},{"taxonomy":"post_tag","embeddable":true,"href":"https:\/\/aconnection.com.br\/classificados\/wp-json\/wp\/v2\/tags?post=53328"}],"curies":[{"name":"wp","href":"https:\/\/api.w.org\/{rel}","templated":true}]}}