{"id":53384,"date":"2026-01-14T10:00:00","date_gmt":"2026-01-14T13:00:00","guid":{"rendered":"https:\/\/aconnection.com.br\/classificados\/?p=53384"},"modified":"2026-02-26T11:13:45","modified_gmt":"2026-02-26T14:13:45","slug":"apae-de-itanhem-convoca-associados-para-assembleia-geral-extraordinaria","status":"publish","type":"post","link":"https:\/\/aconnection.com.br\/classificados\/apae-de-itanhem-convoca-associados-para-assembleia-geral-extraordinaria\/","title":{"rendered":"APAE de Itanh\u00e9m convoca associados para Assembleia Geral Extraordin\u00e1ria"},"content":{"rendered":"\n<p>A Associa\u00e7\u00e3o de Pais e Amigos dos Excepcionais (APAE) de Itanh\u00e9m publicou edital de convoca\u00e7\u00e3o para a realiza\u00e7\u00e3o de uma <strong>Assembleia Geral Extraordin\u00e1ria<\/strong>, com o objetivo de <strong>deliberar sobre a atualiza\u00e7\u00e3o do Estatuto Social da institui\u00e7\u00e3o<\/strong>, garantindo adequa\u00e7\u00e3o \u00e0s legisla\u00e7\u00f5es vigentes e o fortalecimento da entidade no \u00e2mbito administrativo, social e institucional.<\/p>\n\n\n\n<p>A assembleia representa um momento importante de <strong>participa\u00e7\u00e3o, transpar\u00eancia e democracia<\/strong>, permitindo que os associados acompanhem e contribuam diretamente para decis\u00f5es que impactam o futuro da APAE e dos servi\u00e7os prestados \u00e0 comunidade.<\/p>\n\n\n\n<h2 class=\"wp-block-heading\" id=\"h-data-horario-e-local-da-assembleia\">Data, hor\u00e1rio e local da assembleia<\/h2>\n\n\n\n<p>De acordo com o edital oficial, a Assembleia Geral Extraordin\u00e1ria ser\u00e1 realizada:<\/p>\n\n\n\n<ul class=\"wp-block-list\">\n<li><strong>Data:<\/strong> 02 de fevereiro de 2026<\/li>\n\n\n\n<li><strong>Hor\u00e1rio:<\/strong> 19h (primeira convoca\u00e7\u00e3o)<\/li>\n\n\n\n<li><strong>Segunda convoca\u00e7\u00e3o:<\/strong> 19h30, conforme previsto em estatuto<\/li>\n\n\n\n<li><strong>Local:<\/strong> Sede da APAE de Itanh\u00e9m<\/li>\n\n\n\n<li><strong>Endere\u00e7o:<\/strong> Pra\u00e7a Leopoldina Botelho, n\u00ba 20, Leopoldina Botelho, Itanh\u00e9m\/BA<\/li>\n<\/ul>\n\n\n\n<p>A assembleia ser\u00e1 instalada, em primeira convoca\u00e7\u00e3o, com a presen\u00e7a da maioria dos associados e, em segunda convoca\u00e7\u00e3o, com qualquer n\u00famero de presentes, respeitando os crit\u00e9rios estatut\u00e1rios.<\/p>\n\n\n\n<h2 class=\"wp-block-heading\" id=\"h-pauta-da-assembleia-geral-extraordinaria\">Pauta da Assembleia Geral Extraordin\u00e1ria<\/h2>\n\n\n\n<p>A ordem do dia ser\u00e1 \u00fanica e objetiva:<\/p>\n\n\n\n<ul class=\"wp-block-list\">\n<li><strong>Homologa\u00e7\u00e3o das altera\u00e7\u00f5es estatut\u00e1rias<\/strong> deliberadas pelo Conselho de Administra\u00e7\u00e3o da Federa\u00e7\u00e3o Nacional das APAEs.<\/li>\n<\/ul>\n\n\n\n<p>Essa atualiza\u00e7\u00e3o \u00e9 fundamental para que a institui\u00e7\u00e3o permane\u00e7a <strong>regularizada<\/strong>, alinhada \u00e0s normas federais e apta a manter conv\u00eanios, certifica\u00e7\u00f5es e benef\u00edcios legais.<\/p>\n\n\n\n<h2 class=\"wp-block-heading\" id=\"h-quem-pode-participar-e-votar\">Quem pode participar e votar<\/h2>\n\n\n\n<p>A Assembleia Geral ser\u00e1 constitu\u00edda pelos <strong>associados especiais e contribuintes<\/strong> que estiverem quites com suas obriga\u00e7\u00f5es sociais e financeiras, conforme o Estatuto Social da entidade.<\/p>\n\n\n\n<p>Ter\u00e3o direito a voto:<\/p>\n\n\n\n<ul class=\"wp-block-list\">\n<li>Associados especiais com matr\u00edcula e frequ\u00eancia regular h\u00e1 pelo menos 1 ano nos programas da APAE;<\/li>\n\n\n\n<li>Associados contribuintes com, no m\u00ednimo, 1 ano de ades\u00e3o ao quadro social e em dia com suas obriga\u00e7\u00f5es.<\/li>\n<\/ul>\n\n\n\n<p>Tamb\u00e9m \u00e9 permitido o voto por procura\u00e7\u00e3o, desde que:<\/p>\n\n\n\n<ul class=\"wp-block-list\">\n<li>A procura\u00e7\u00e3o tenha <strong>firma reconhecida em cart\u00f3rio<\/strong>;<\/li>\n\n\n\n<li>Outorgante e outorgado sejam associados da APAE;<\/li>\n\n\n\n<li>Seja apresentada <strong>apenas uma procura\u00e7\u00e3o por associado<\/strong>.<\/li>\n<\/ul>\n\n\n\n<h2 class=\"wp-block-heading\" id=\"h-a-importancia-da-apae-para-itanhem\">A import\u00e2ncia da APAE para Itanh\u00e9m<\/h2>\n\n\n\n<p>A APAE de Itanh\u00e9m desempenha um papel essencial no <strong>atendimento, inclus\u00e3o e desenvolvimento de pessoas com defici\u00eancia intelectual e m\u00faltipla<\/strong>, oferecendo servi\u00e7os nas \u00e1reas de educa\u00e7\u00e3o, sa\u00fade e assist\u00eancia social.<\/p>\n\n\n\n<p>Al\u00e9m do impacto social direto, o trabalho da institui\u00e7\u00e3o tamb\u00e9m contribui para:<\/p>\n\n\n\n<ul class=\"wp-block-list\">\n<li>Gera\u00e7\u00e3o de empregos diretos e indiretos;<\/li>\n\n\n\n<li>Movimenta\u00e7\u00e3o da economia local;<\/li>\n\n\n\n<li>Fortalecimento de parcerias com o poder p\u00fablico e a sociedade civil;<\/li>\n\n\n\n<li>Promo\u00e7\u00e3o da cidadania e da inclus\u00e3o social no munic\u00edpio.<\/li>\n<\/ul>\n\n\n\n<p>A participa\u00e7\u00e3o dos associados nas decis\u00f5es institucionais refor\u00e7a o compromisso coletivo com a <strong>continuidade e a qualidade dos servi\u00e7os prestados<\/strong>.<\/p>\n\n\n\n<h2 class=\"wp-block-heading\" id=\"h-participar-e-fortalecer-a-instituicao\">Participar \u00e9 fortalecer a institui\u00e7\u00e3o<\/h2>\n\n\n\n<p>A diretoria da APAE de Itanh\u00e9m refor\u00e7a a import\u00e2ncia da presen\u00e7a dos associados neste momento decisivo. A atualiza\u00e7\u00e3o do Estatuto Social garante mais <strong>seguran\u00e7a jur\u00eddica, transpar\u00eancia e efici\u00eancia administrativa<\/strong>, refletindo diretamente no atendimento \u00e0s fam\u00edlias e usu\u00e1rios da institui\u00e7\u00e3o.<\/p>\n\n\n\n<p>Participar da assembleia \u00e9 um ato de responsabilidade social e de cuidado com o futuro da APAE.<\/p>\n","protected":false},"excerpt":{"rendered":"<p>A APAE de Itanh\u00e9m convoca seus associados para Assembleia Geral Extraordin\u00e1ria no dia 02 de fevereiro de 2026, com pauta voltada \u00e0 atualiza\u00e7\u00e3o do Estatuto Social da institui\u00e7\u00e3o.<\/p>\n","protected":false},"author":2,"featured_media":53386,"comment_status":"open","ping_status":"open","sticky":false,"template":"","format":"standard","meta":{"om_disable_all_campaigns":false,"_monsterinsights_skip_tracking":false,"_monsterinsights_sitenote_active":false,"_monsterinsights_sitenote_note":"","_monsterinsights_sitenote_category":0,"_uf_show_specific_survey":0,"_uf_disable_surveys":false,"_price":"","_stock":"","_tribe_ticket_header":"","_tribe_default_ticket_provider":"","_tribe_ticket_capacity":"","_ticket_start_date":"","_ticket_end_date":"","_tribe_ticket_show_description":"","_tribe_ticket_show_not_going":false,"_tribe_ticket_use_global_stock":"","_tribe_ticket_global_stock_level":"","_global_stock_mode":"","_global_stock_cap":"","_tribe_rsvp_for_event":"","_tribe_ticket_going_count":"","_tribe_ticket_not_going_count":"","_tribe_tickets_list":"[]","_tribe_ticket_has_attendee_info_fields":false,"_EventAllDay":false,"_EventTimezone":"","_EventStartDate":"","_EventEndDate":"","_EventStartDateUTC":"","_EventEndDateUTC":"","_EventShowMap":false,"_EventShowMapLink":false,"_EventURL":"","_EventCost":"","_EventCostDescription":"","_EventCurrencySymbol":"","_EventCurrencyCode":"","_EventCurrencyPosition":"","_EventDateTimeSeparator":"","_EventTimeRangeSeparator":"","_EventOrganizerID":[],"_EventVenueID":[],"_OrganizerEmail":"","_OrganizerPhone":"","_OrganizerWebsite":"","_VenueAddress":"","_VenueCity":"","_VenueCountry":"","_VenueProvince":"","_VenueState":"","_VenueZip":"","_VenuePhone":"","_VenueURL":"","_VenueStateProvince":"","_VenueLat":"","_VenueLng":"","_VenueShowMap":false,"_VenueShowMapLink":false,"footnotes":""},"categories":[569,1],"tags":[526,527,522],"class_list":["post-53384","post","type-post","status-publish","format-standard","has-post-thumbnail","hentry","category-comunidade","category-noticias-locais","tag-apae-itanhem","tag-assembleia-extraordinaria","tag-terceiro-setor"],"yoast_head":"<!-- This site is optimized with the Yoast SEO Premium plugin v26.5 (Yoast SEO v27.4) - https:\/\/yoast.com\/product\/yoast-seo-premium-wordpress\/ -->\n<title>Assembleia Geral Extraordin\u00e1ria da APAE de Itanh\u00e9m | Edital 2026<\/title>\n<meta name=\"description\" content=\"APAE de Itanh\u00e9m convoca associados para Assembleia Geral Extraordin\u00e1ria sobre atualiza\u00e7\u00e3o do Estatuto Social. Evento acontece dia 02\/02\/2026.\" \/>\n<meta name=\"robots\" content=\"index, follow, max-snippet:-1, max-image-preview:large, max-video-preview:-1\" \/>\n<link rel=\"canonical\" href=\"https:\/\/aconnection.com.br\/classificados\/apae-de-itanhem-convoca-associados-para-assembleia-geral-extraordinaria\/\" \/>\n<meta property=\"og:locale\" content=\"pt_BR\" \/>\n<meta property=\"og:type\" content=\"article\" \/>\n<meta property=\"og:title\" content=\"APAE de Itanh\u00e9m convoca associados para Assembleia Geral Extraordin\u00e1ria\" \/>\n<meta property=\"og:description\" content=\"\ud83d\udce2 A APAE de Itanh\u00e9m convoca seus associados para a Assembleia Geral Extraordin\u00e1ria que vai discutir a atualiza\u00e7\u00e3o do Estatuto Social.\ud83d\uddd3 02\/02\/2026 | \u23f0 19h | \ud83d\udccd Sede da APAEParticipar \u00e9 fortalecer a inclus\u00e3o e o futuro da institui\u00e7\u00e3o.\" \/>\n<meta property=\"og:url\" content=\"https:\/\/aconnection.com.br\/classificados\/apae-de-itanhem-convoca-associados-para-assembleia-geral-extraordinaria\/\" \/>\n<meta property=\"og:site_name\" content=\"AConnection Classificados\" \/>\n<meta property=\"article:published_time\" content=\"2026-01-14T13:00:00+00:00\" \/>\n<meta property=\"article:modified_time\" content=\"2026-02-26T14:13:45+00:00\" \/>\n<meta property=\"og:image\" content=\"https:\/\/aconnection.com.br\/classificados\/wp-content\/uploads\/2026\/01\/ConvocacaoAPAE.jpg\" \/>\n\t<meta property=\"og:image:width\" content=\"1080\" \/>\n\t<meta property=\"og:image:height\" content=\"1080\" \/>\n\t<meta property=\"og:image:type\" content=\"image\/jpeg\" \/>\n<meta name=\"author\" content=\"Soliv\u00e1 Guimar\u00e3es Pestana\" \/>\n<meta name=\"twitter:card\" content=\"summary_large_image\" \/>\n<meta name=\"twitter:description\" content=\"\ud83d\udce2 A APAE de Itanh\u00e9m convoca seus associados para a Assembleia Geral Extraordin\u00e1ria que vai discutir a atualiza\u00e7\u00e3o do Estatuto Social.\ud83d\uddd3 02\/02\/2026 | \u23f0 19h | \ud83d\udccd Sede da APAEParticipar \u00e9 fortalecer a inclus\u00e3o e o futuro da institui\u00e7\u00e3o.\" \/>\n<meta name=\"twitter:creator\" content=\"@sticompanyy\" \/>\n<meta name=\"twitter:site\" content=\"@sticompanyy\" \/>\n<meta name=\"twitter:label1\" content=\"Escrito por\" \/>\n\t<meta name=\"twitter:data1\" content=\"Soliv\u00e1 Guimar\u00e3es Pestana\" \/>\n\t<meta name=\"twitter:label2\" content=\"Est. tempo de leitura\" \/>\n\t<meta name=\"twitter:data2\" content=\"3 minutos\" \/>\n<script type=\"application\/ld+json\" class=\"yoast-schema-graph\">{\"@context\":\"https:\\\/\\\/schema.org\",\"@graph\":[{\"@type\":\"Article\",\"@id\":\"https:\\\/\\\/aconnection.com.br\\\/classificados\\\/apae-de-itanhem-convoca-associados-para-assembleia-geral-extraordinaria\\\/#article\",\"isPartOf\":{\"@id\":\"https:\\\/\\\/aconnection.com.br\\\/classificados\\\/apae-de-itanhem-convoca-associados-para-assembleia-geral-extraordinaria\\\/\"},\"author\":{\"name\":\"Soliv\u00e1 Guimar\u00e3es Pestana\",\"@id\":\"https:\\\/\\\/aconnection.com.br\\\/classificados\\\/#\\\/schema\\\/person\\\/1876eca300517da830b7d9a036e3b01b\"},\"headline\":\"APAE de Itanh\u00e9m convoca associados para Assembleia Geral Extraordin\u00e1ria\",\"datePublished\":\"2026-01-14T13:00:00+00:00\",\"dateModified\":\"2026-02-26T14:13:45+00:00\",\"mainEntityOfPage\":{\"@id\":\"https:\\\/\\\/aconnection.com.br\\\/classificados\\\/apae-de-itanhem-convoca-associados-para-assembleia-geral-extraordinaria\\\/\"},\"wordCount\":560,\"commentCount\":0,\"publisher\":{\"@id\":\"https:\\\/\\\/aconnection.com.br\\\/classificados\\\/#organization\"},\"image\":{\"@id\":\"https:\\\/\\\/aconnection.com.br\\\/classificados\\\/apae-de-itanhem-convoca-associados-para-assembleia-geral-extraordinaria\\\/#primaryimage\"},\"thumbnailUrl\":\"https:\\\/\\\/aconnection.com.br\\\/classificados\\\/wp-content\\\/uploads\\\/2026\\\/01\\\/ConvocacaoAPAE.jpg\",\"keywords\":[\"APAE Itanh\u00e9m\",\"Assembleia Extraordin\u00e1ria\",\"Terceiro Setor\"],\"articleSection\":[\"Comunidade\",\"Not\u00edcias Locais\"],\"inLanguage\":\"pt-BR\",\"potentialAction\":[{\"@type\":\"CommentAction\",\"name\":\"Comment\",\"target\":[\"https:\\\/\\\/aconnection.com.br\\\/classificados\\\/apae-de-itanhem-convoca-associados-para-assembleia-geral-extraordinaria\\\/#respond\"]}]},{\"@type\":\"WebPage\",\"@id\":\"https:\\\/\\\/aconnection.com.br\\\/classificados\\\/apae-de-itanhem-convoca-associados-para-assembleia-geral-extraordinaria\\\/\",\"url\":\"https:\\\/\\\/aconnection.com.br\\\/classificados\\\/apae-de-itanhem-convoca-associados-para-assembleia-geral-extraordinaria\\\/\",\"name\":\"Assembleia Geral Extraordin\u00e1ria da APAE de Itanh\u00e9m | Edital 2026\",\"isPartOf\":{\"@id\":\"https:\\\/\\\/aconnection.com.br\\\/classificados\\\/#website\"},\"primaryImageOfPage\":{\"@id\":\"https:\\\/\\\/aconnection.com.br\\\/classificados\\\/apae-de-itanhem-convoca-associados-para-assembleia-geral-extraordinaria\\\/#primaryimage\"},\"image\":{\"@id\":\"https:\\\/\\\/aconnection.com.br\\\/classificados\\\/apae-de-itanhem-convoca-associados-para-assembleia-geral-extraordinaria\\\/#primaryimage\"},\"thumbnailUrl\":\"https:\\\/\\\/aconnection.com.br\\\/classificados\\\/wp-content\\\/uploads\\\/2026\\\/01\\\/ConvocacaoAPAE.jpg\",\"datePublished\":\"2026-01-14T13:00:00+00:00\",\"dateModified\":\"2026-02-26T14:13:45+00:00\",\"description\":\"APAE de Itanh\u00e9m convoca associados para Assembleia Geral Extraordin\u00e1ria sobre atualiza\u00e7\u00e3o do Estatuto Social. Evento acontece dia 02\\\/02\\\/2026.\",\"breadcrumb\":{\"@id\":\"https:\\\/\\\/aconnection.com.br\\\/classificados\\\/apae-de-itanhem-convoca-associados-para-assembleia-geral-extraordinaria\\\/#breadcrumb\"},\"inLanguage\":\"pt-BR\",\"potentialAction\":[{\"@type\":\"ReadAction\",\"target\":[\"https:\\\/\\\/aconnection.com.br\\\/classificados\\\/apae-de-itanhem-convoca-associados-para-assembleia-geral-extraordinaria\\\/\"]}]},{\"@type\":\"ImageObject\",\"inLanguage\":\"pt-BR\",\"@id\":\"https:\\\/\\\/aconnection.com.br\\\/classificados\\\/apae-de-itanhem-convoca-associados-para-assembleia-geral-extraordinaria\\\/#primaryimage\",\"url\":\"https:\\\/\\\/aconnection.com.br\\\/classificados\\\/wp-content\\\/uploads\\\/2026\\\/01\\\/ConvocacaoAPAE.jpg\",\"contentUrl\":\"https:\\\/\\\/aconnection.com.br\\\/classificados\\\/wp-content\\\/uploads\\\/2026\\\/01\\\/ConvocacaoAPAE.jpg\",\"width\":1080,\"height\":1080},{\"@type\":\"BreadcrumbList\",\"@id\":\"https:\\\/\\\/aconnection.com.br\\\/classificados\\\/apae-de-itanhem-convoca-associados-para-assembleia-geral-extraordinaria\\\/#breadcrumb\",\"itemListElement\":[{\"@type\":\"ListItem\",\"position\":1,\"name\":\"In\u00edcio\",\"item\":\"https:\\\/\\\/aconnection.com.br\\\/classificados\\\/\"},{\"@type\":\"ListItem\",\"position\":2,\"name\":\"APAE de Itanh\u00e9m convoca associados para Assembleia Geral Extraordin\u00e1ria\"}]},{\"@type\":\"WebSite\",\"@id\":\"https:\\\/\\\/aconnection.com.br\\\/classificados\\\/#website\",\"url\":\"https:\\\/\\\/aconnection.com.br\\\/classificados\\\/\",\"name\":\"AConnection Classificados\",\"description\":\"Conectando Clientes, Impulsinando o Seu Neg\u00f3cio\",\"publisher\":{\"@id\":\"https:\\\/\\\/aconnection.com.br\\\/classificados\\\/#organization\"},\"potentialAction\":[{\"@type\":\"SearchAction\",\"target\":{\"@type\":\"EntryPoint\",\"urlTemplate\":\"https:\\\/\\\/aconnection.com.br\\\/classificados\\\/?s={search_term_string}\"},\"query-input\":{\"@type\":\"PropertyValueSpecification\",\"valueRequired\":true,\"valueName\":\"search_term_string\"}}],\"inLanguage\":\"pt-BR\"},{\"@type\":\"Organization\",\"@id\":\"https:\\\/\\\/aconnection.com.br\\\/classificados\\\/#organization\",\"name\":\"AConnection Classificados\",\"url\":\"https:\\\/\\\/aconnection.com.br\\\/classificados\\\/\",\"logo\":{\"@type\":\"ImageObject\",\"inLanguage\":\"pt-BR\",\"@id\":\"https:\\\/\\\/aconnection.com.br\\\/classificados\\\/#\\\/schema\\\/logo\\\/image\\\/\",\"url\":\"https:\\\/\\\/aconnection.com.br\\\/classificados\\\/wp-content\\\/uploads\\\/2021\\\/08\\\/Logomarca-AConnection-05.png\",\"contentUrl\":\"https:\\\/\\\/aconnection.com.br\\\/classificados\\\/wp-content\\\/uploads\\\/2021\\\/08\\\/Logomarca-AConnection-05.png\",\"width\":3098,\"height\":2860,\"caption\":\"AConnection Classificados\"},\"image\":{\"@id\":\"https:\\\/\\\/aconnection.com.br\\\/classificados\\\/#\\\/schema\\\/logo\\\/image\\\/\"},\"sameAs\":[\"https:\\\/\\\/x.com\\\/sticompanyy\",\"https:\\\/\\\/www.instagram.com\\\/sti.company\"]},{\"@type\":\"Person\",\"@id\":\"https:\\\/\\\/aconnection.com.br\\\/classificados\\\/#\\\/schema\\\/person\\\/1876eca300517da830b7d9a036e3b01b\",\"name\":\"Soliv\u00e1 Guimar\u00e3es Pestana\",\"image\":{\"@type\":\"ImageObject\",\"inLanguage\":\"pt-BR\",\"@id\":\"https:\\\/\\\/secure.gravatar.com\\\/avatar\\\/e2da6b8bf6db91c613d93bddb7f16b9d1af2610e2d70973ede034c8dcdacd4ab?s=96&d=mm&r=g\",\"url\":\"https:\\\/\\\/secure.gravatar.com\\\/avatar\\\/e2da6b8bf6db91c613d93bddb7f16b9d1af2610e2d70973ede034c8dcdacd4ab?s=96&d=mm&r=g\",\"contentUrl\":\"https:\\\/\\\/secure.gravatar.com\\\/avatar\\\/e2da6b8bf6db91c613d93bddb7f16b9d1af2610e2d70973ede034c8dcdacd4ab?s=96&d=mm&r=g\",\"caption\":\"Soliv\u00e1 Guimar\u00e3es Pestana\"},\"description\":\"Natural de Itanh\u00e9m, Bahia. Casado, pai de um filho. Tecn\u00f3logo em an\u00e1lise e Desenvolvimento de Sistemas, Bacharel em Administra\u00e7\u00e3o P\u00fablica. Na Contabilidade Pires atua como Auxiliar de contabilidade(RH). Nos hor\u00e1rios extras atua como profissional de inform\u00e1tica e suas tecnologias. Apaixonado por tecnologia, finan\u00e7as e futebol, torcedor do Fluminense-RJ, Cat\u00f3lico Apost\u00f3lico Romano. Propriet\u00e1rio dos sites www.sticompany.com.br e www.aconnection.com.br.\",\"sameAs\":[\"http:\\\/\\\/www.sticompany.com.br\"],\"url\":\"https:\\\/\\\/aconnection.com.br\\\/classificados\\\/author\\\/solivagp\\\/\"}]}<\/script>\n<!-- \/ Yoast SEO Premium plugin. -->","yoast_head_json":{"title":"Assembleia Geral Extraordin\u00e1ria da APAE de Itanh\u00e9m | Edital 2026","description":"APAE de Itanh\u00e9m convoca associados para Assembleia Geral Extraordin\u00e1ria sobre atualiza\u00e7\u00e3o do Estatuto Social. Evento acontece dia 02\/02\/2026.","robots":{"index":"index","follow":"follow","max-snippet":"max-snippet:-1","max-image-preview":"max-image-preview:large","max-video-preview":"max-video-preview:-1"},"canonical":"https:\/\/aconnection.com.br\/classificados\/apae-de-itanhem-convoca-associados-para-assembleia-geral-extraordinaria\/","og_locale":"pt_BR","og_type":"article","og_title":"APAE de Itanh\u00e9m convoca associados para Assembleia Geral Extraordin\u00e1ria","og_description":"\ud83d\udce2 A APAE de Itanh\u00e9m convoca seus associados para a Assembleia Geral Extraordin\u00e1ria que vai discutir a atualiza\u00e7\u00e3o do Estatuto Social.\ud83d\uddd3 02\/02\/2026 | \u23f0 19h | \ud83d\udccd Sede da APAEParticipar \u00e9 fortalecer a inclus\u00e3o e o futuro da institui\u00e7\u00e3o.","og_url":"https:\/\/aconnection.com.br\/classificados\/apae-de-itanhem-convoca-associados-para-assembleia-geral-extraordinaria\/","og_site_name":"AConnection Classificados","article_published_time":"2026-01-14T13:00:00+00:00","article_modified_time":"2026-02-26T14:13:45+00:00","og_image":[{"width":1080,"height":1080,"url":"https:\/\/aconnection.com.br\/classificados\/wp-content\/uploads\/2026\/01\/ConvocacaoAPAE.jpg","type":"image\/jpeg"}],"author":"Soliv\u00e1 Guimar\u00e3es Pestana","twitter_card":"summary_large_image","twitter_description":"\ud83d\udce2 A APAE de Itanh\u00e9m convoca seus associados para a Assembleia Geral Extraordin\u00e1ria que vai discutir a atualiza\u00e7\u00e3o do Estatuto Social.\ud83d\uddd3 02\/02\/2026 | \u23f0 19h | \ud83d\udccd Sede da APAEParticipar \u00e9 fortalecer a inclus\u00e3o e o futuro da institui\u00e7\u00e3o.","twitter_creator":"@sticompanyy","twitter_site":"@sticompanyy","twitter_misc":{"Escrito por":"Soliv\u00e1 Guimar\u00e3es Pestana","Est. tempo de leitura":"3 minutos"},"schema":{"@context":"https:\/\/schema.org","@graph":[{"@type":"Article","@id":"https:\/\/aconnection.com.br\/classificados\/apae-de-itanhem-convoca-associados-para-assembleia-geral-extraordinaria\/#article","isPartOf":{"@id":"https:\/\/aconnection.com.br\/classificados\/apae-de-itanhem-convoca-associados-para-assembleia-geral-extraordinaria\/"},"author":{"name":"Soliv\u00e1 Guimar\u00e3es Pestana","@id":"https:\/\/aconnection.com.br\/classificados\/#\/schema\/person\/1876eca300517da830b7d9a036e3b01b"},"headline":"APAE de Itanh\u00e9m convoca associados para Assembleia Geral Extraordin\u00e1ria","datePublished":"2026-01-14T13:00:00+00:00","dateModified":"2026-02-26T14:13:45+00:00","mainEntityOfPage":{"@id":"https:\/\/aconnection.com.br\/classificados\/apae-de-itanhem-convoca-associados-para-assembleia-geral-extraordinaria\/"},"wordCount":560,"commentCount":0,"publisher":{"@id":"https:\/\/aconnection.com.br\/classificados\/#organization"},"image":{"@id":"https:\/\/aconnection.com.br\/classificados\/apae-de-itanhem-convoca-associados-para-assembleia-geral-extraordinaria\/#primaryimage"},"thumbnailUrl":"https:\/\/aconnection.com.br\/classificados\/wp-content\/uploads\/2026\/01\/ConvocacaoAPAE.jpg","keywords":["APAE Itanh\u00e9m","Assembleia Extraordin\u00e1ria","Terceiro Setor"],"articleSection":["Comunidade","Not\u00edcias Locais"],"inLanguage":"pt-BR","potentialAction":[{"@type":"CommentAction","name":"Comment","target":["https:\/\/aconnection.com.br\/classificados\/apae-de-itanhem-convoca-associados-para-assembleia-geral-extraordinaria\/#respond"]}]},{"@type":"WebPage","@id":"https:\/\/aconnection.com.br\/classificados\/apae-de-itanhem-convoca-associados-para-assembleia-geral-extraordinaria\/","url":"https:\/\/aconnection.com.br\/classificados\/apae-de-itanhem-convoca-associados-para-assembleia-geral-extraordinaria\/","name":"Assembleia Geral Extraordin\u00e1ria da APAE de Itanh\u00e9m | Edital 2026","isPartOf":{"@id":"https:\/\/aconnection.com.br\/classificados\/#website"},"primaryImageOfPage":{"@id":"https:\/\/aconnection.com.br\/classificados\/apae-de-itanhem-convoca-associados-para-assembleia-geral-extraordinaria\/#primaryimage"},"image":{"@id":"https:\/\/aconnection.com.br\/classificados\/apae-de-itanhem-convoca-associados-para-assembleia-geral-extraordinaria\/#primaryimage"},"thumbnailUrl":"https:\/\/aconnection.com.br\/classificados\/wp-content\/uploads\/2026\/01\/ConvocacaoAPAE.jpg","datePublished":"2026-01-14T13:00:00+00:00","dateModified":"2026-02-26T14:13:45+00:00","description":"APAE de Itanh\u00e9m convoca associados para Assembleia Geral Extraordin\u00e1ria sobre atualiza\u00e7\u00e3o do Estatuto Social. Evento acontece dia 02\/02\/2026.","breadcrumb":{"@id":"https:\/\/aconnection.com.br\/classificados\/apae-de-itanhem-convoca-associados-para-assembleia-geral-extraordinaria\/#breadcrumb"},"inLanguage":"pt-BR","potentialAction":[{"@type":"ReadAction","target":["https:\/\/aconnection.com.br\/classificados\/apae-de-itanhem-convoca-associados-para-assembleia-geral-extraordinaria\/"]}]},{"@type":"ImageObject","inLanguage":"pt-BR","@id":"https:\/\/aconnection.com.br\/classificados\/apae-de-itanhem-convoca-associados-para-assembleia-geral-extraordinaria\/#primaryimage","url":"https:\/\/aconnection.com.br\/classificados\/wp-content\/uploads\/2026\/01\/ConvocacaoAPAE.jpg","contentUrl":"https:\/\/aconnection.com.br\/classificados\/wp-content\/uploads\/2026\/01\/ConvocacaoAPAE.jpg","width":1080,"height":1080},{"@type":"BreadcrumbList","@id":"https:\/\/aconnection.com.br\/classificados\/apae-de-itanhem-convoca-associados-para-assembleia-geral-extraordinaria\/#breadcrumb","itemListElement":[{"@type":"ListItem","position":1,"name":"In\u00edcio","item":"https:\/\/aconnection.com.br\/classificados\/"},{"@type":"ListItem","position":2,"name":"APAE de Itanh\u00e9m convoca associados para Assembleia Geral Extraordin\u00e1ria"}]},{"@type":"WebSite","@id":"https:\/\/aconnection.com.br\/classificados\/#website","url":"https:\/\/aconnection.com.br\/classificados\/","name":"AConnection Classificados","description":"Conectando Clientes, Impulsinando o Seu Neg\u00f3cio","publisher":{"@id":"https:\/\/aconnection.com.br\/classificados\/#organization"},"potentialAction":[{"@type":"SearchAction","target":{"@type":"EntryPoint","urlTemplate":"https:\/\/aconnection.com.br\/classificados\/?s={search_term_string}"},"query-input":{"@type":"PropertyValueSpecification","valueRequired":true,"valueName":"search_term_string"}}],"inLanguage":"pt-BR"},{"@type":"Organization","@id":"https:\/\/aconnection.com.br\/classificados\/#organization","name":"AConnection Classificados","url":"https:\/\/aconnection.com.br\/classificados\/","logo":{"@type":"ImageObject","inLanguage":"pt-BR","@id":"https:\/\/aconnection.com.br\/classificados\/#\/schema\/logo\/image\/","url":"https:\/\/aconnection.com.br\/classificados\/wp-content\/uploads\/2021\/08\/Logomarca-AConnection-05.png","contentUrl":"https:\/\/aconnection.com.br\/classificados\/wp-content\/uploads\/2021\/08\/Logomarca-AConnection-05.png","width":3098,"height":2860,"caption":"AConnection Classificados"},"image":{"@id":"https:\/\/aconnection.com.br\/classificados\/#\/schema\/logo\/image\/"},"sameAs":["https:\/\/x.com\/sticompanyy","https:\/\/www.instagram.com\/sti.company"]},{"@type":"Person","@id":"https:\/\/aconnection.com.br\/classificados\/#\/schema\/person\/1876eca300517da830b7d9a036e3b01b","name":"Soliv\u00e1 Guimar\u00e3es Pestana","image":{"@type":"ImageObject","inLanguage":"pt-BR","@id":"https:\/\/secure.gravatar.com\/avatar\/e2da6b8bf6db91c613d93bddb7f16b9d1af2610e2d70973ede034c8dcdacd4ab?s=96&d=mm&r=g","url":"https:\/\/secure.gravatar.com\/avatar\/e2da6b8bf6db91c613d93bddb7f16b9d1af2610e2d70973ede034c8dcdacd4ab?s=96&d=mm&r=g","contentUrl":"https:\/\/secure.gravatar.com\/avatar\/e2da6b8bf6db91c613d93bddb7f16b9d1af2610e2d70973ede034c8dcdacd4ab?s=96&d=mm&r=g","caption":"Soliv\u00e1 Guimar\u00e3es Pestana"},"description":"Natural de Itanh\u00e9m, Bahia. Casado, pai de um filho. Tecn\u00f3logo em an\u00e1lise e Desenvolvimento de Sistemas, Bacharel em Administra\u00e7\u00e3o P\u00fablica. Na Contabilidade Pires atua como Auxiliar de contabilidade(RH). Nos hor\u00e1rios extras atua como profissional de inform\u00e1tica e suas tecnologias. Apaixonado por tecnologia, finan\u00e7as e futebol, torcedor do Fluminense-RJ, Cat\u00f3lico Apost\u00f3lico Romano. Propriet\u00e1rio dos sites www.sticompany.com.br e www.aconnection.com.br.","sameAs":["http:\/\/www.sticompany.com.br"],"url":"https:\/\/aconnection.com.br\/classificados\/author\/solivagp\/"}]}},"_links":{"self":[{"href":"https:\/\/aconnection.com.br\/classificados\/wp-json\/wp\/v2\/posts\/53384","targetHints":{"allow":["GET"]}}],"collection":[{"href":"https:\/\/aconnection.com.br\/classificados\/wp-json\/wp\/v2\/posts"}],"about":[{"href":"https:\/\/aconnection.com.br\/classificados\/wp-json\/wp\/v2\/types\/post"}],"author":[{"embeddable":true,"href":"https:\/\/aconnection.com.br\/classificados\/wp-json\/wp\/v2\/users\/2"}],"replies":[{"embeddable":true,"href":"https:\/\/aconnection.com.br\/classificados\/wp-json\/wp\/v2\/comments?post=53384"}],"version-history":[{"count":3,"href":"https:\/\/aconnection.com.br\/classificados\/wp-json\/wp\/v2\/posts\/53384\/revisions"}],"predecessor-version":[{"id":53390,"href":"https:\/\/aconnection.com.br\/classificados\/wp-json\/wp\/v2\/posts\/53384\/revisions\/53390"}],"wp:featuredmedia":[{"embeddable":true,"href":"https:\/\/aconnection.com.br\/classificados\/wp-json\/wp\/v2\/media\/53386"}],"wp:attachment":[{"href":"https:\/\/aconnection.com.br\/classificados\/wp-json\/wp\/v2\/media?parent=53384"}],"wp:term":[{"taxonomy":"category","embeddable":true,"href":"https:\/\/aconnection.com.br\/classificados\/wp-json\/wp\/v2\/categories?post=53384"},{"taxonomy":"post_tag","embeddable":true,"href":"https:\/\/aconnection.com.br\/classificados\/wp-json\/wp\/v2\/tags?post=53384"}],"curies":[{"name":"wp","href":"https:\/\/api.w.org\/{rel}","templated":true}]}}