{"id":53405,"date":"2026-01-29T20:00:00","date_gmt":"2026-01-29T23:00:00","guid":{"rendered":"https:\/\/aconnection.com.br\/classificados\/?p=53405"},"modified":"2026-02-26T11:14:48","modified_gmt":"2026-02-26T14:14:48","slug":"ferias-seus-direitos-e-obrigacoes","status":"publish","type":"post","link":"https:\/\/aconnection.com.br\/classificados\/ferias-seus-direitos-e-obrigacoes\/","title":{"rendered":"F\u00e9rias: Seus Direitos e Obriga\u00e7\u00f5es"},"content":{"rendered":"\n<p>Tirar f\u00e9rias \u00e9 um dos maiores prazeres para quem trabalha duro o ano inteiro \u2014 mas voc\u00ea sabia que elas tamb\u00e9m representam um <strong>direito garantido em lei?<\/strong> E mais: existem <strong>obriga\u00e7\u00f5es legais<\/strong> tanto para o trabalhador quanto para o empregador. Entender como isso funciona garante descanso, dinheiro no bolso e evita problemas trabalhistas.<\/p>\n\n\n\n<p>Vamos explicar <strong>tudo de forma clara, simples e atualizada<\/strong>, com exemplos pr\u00e1ticos e linguagem acess\u00edvel.<\/p>\n\n\n\n<h2 class=\"wp-block-heading\" id=\"h-o-que-sao-ferias\">O que s\u00e3o f\u00e9rias?<\/h2>\n\n\n\n<p>F\u00e9rias s\u00e3o um per\u00edodo de <strong>descanso anual remunerado<\/strong> assegurado pela Consolida\u00e7\u00e3o das Leis do Trabalho (<strong>CLT<\/strong>) a todos os trabalhadores com carteira assinada (CLT), incluindo empregados urbanos, rurais, dom\u00e9sticos e alguns casos de estatut\u00e1rios regidos por leis espec\u00edficas.<\/p>\n\n\n\n<p>O objetivo das f\u00e9rias \u00e9 garantir <strong>repouso f\u00edsico e mental<\/strong> depois de um ciclo de trabalho de 12 meses.<\/p>\n\n\n\n<h2 class=\"wp-block-heading\" id=\"h-quando-o-trabalhador-tem-direito\">Quando o trabalhador tem direito?<\/h2>\n\n\n\n<p>De acordo com a CLT, o trabalhador adquire o direito \u00e0s f\u00e9rias ap\u00f3s cada per\u00edodo de <strong>12 meses de trabalho<\/strong>, chamado de <strong>per\u00edodo aquisitivo<\/strong>. Ap\u00f3s completar esse tempo, ele pode usufruir as f\u00e9rias dentro de um novo ciclo chamado <strong>per\u00edodo concessivo<\/strong>, que \u00e9 de at\u00e9 <strong>12 meses ap\u00f3s o t\u00e9rmino do aquisitivo<\/strong>.<\/p>\n\n\n\n<p><strong>Exemplo:<\/strong><br>Se voc\u00ea completou 12 meses de trabalho em 15\/03\/2025, sua empresa tem at\u00e9 15\/03\/2026 para conceder suas f\u00e9rias.<\/p>\n\n\n\n<h2 class=\"wp-block-heading\" id=\"h-quantos-dias-de-ferias-o-trabalhador-tem\">Quantos dias de f\u00e9rias o trabalhador tem?<\/h2>\n\n\n\n<p>O per\u00edodo de f\u00e9rias \u00e9 determinado pela quantidade de faltas injustificadas no ano aquisitivo:<\/p>\n\n\n\n<figure class=\"wp-block-table\"><table class=\"has-fixed-layout\"><thead><tr><th>Faltas Injustificadas<\/th><th>Dias de F\u00e9rias<\/th><\/tr><\/thead><tbody><tr><td>At\u00e9 5<\/td><td>30 dias<\/td><\/tr><tr><td>De 6 a 14<\/td><td>24 dias<\/td><\/tr><tr><td>De 15 a 23<\/td><td>18 dias<\/td><\/tr><tr><td>De 24 a 32<\/td><td>12 dias<\/td><\/tr><tr><td>Acima de 32<\/td><td><strong>perde o direito<\/strong> \u00e0s f\u00e9rias naquele per\u00edodo<\/td><\/tr><\/tbody><\/table><\/figure>\n\n\n\n<p>Isso significa que suas f\u00e9rias podem ser reduzidas se houver muitas faltas injustificadas.<\/p>\n\n\n\n<h2 class=\"wp-block-heading\" id=\"h-quanto-o-trabalhador-recebe-nas-ferias\">Quanto o trabalhador recebe nas f\u00e9rias?<\/h2>\n\n\n\n<p>O pagamento das f\u00e9rias deve ocorrer <strong>at\u00e9 2 dias antes de iniciar o per\u00edodo de descanso<\/strong> e deve incluir:<\/p>\n\n\n\n<h3 class=\"wp-block-heading\" id=\"h-1-salario-correspondente-ao-periodo-de-ferias\">1. Sal\u00e1rio correspondente ao per\u00edodo de f\u00e9rias<\/h3>\n\n\n\n<p>Valor igual ao sal\u00e1rio base do trabalhador.<\/p>\n\n\n\n<h3 class=\"wp-block-heading\" id=\"h-2-adicional-de-1-3-constitucional\">2. Adicional de 1\/3 constitucional<\/h3>\n\n\n\n<p>Sobre o valor das f\u00e9rias deve ser pago <strong>pelo menos 1\/3 a mais<\/strong> (abono de f\u00e9rias).<\/p>\n\n\n\n<p><strong>Exemplo de c\u00e1lculo:<\/strong><br>Se voc\u00ea recebe R$ 2.000,00:<\/p>\n\n\n\n<ul class=\"wp-block-list\">\n<li>F\u00e9rias: R$ 2.000,00<\/li>\n\n\n\n<li>Adicional de 1\/3: R$ 666,67<br>Total a receber: <strong>R$ 2.666,67<\/strong><\/li>\n<\/ul>\n\n\n\n<h2 class=\"wp-block-heading\" id=\"h-abono-pecuniario-voce-pode-vender-ate-1-3-das-ferias\">Abono Pecuni\u00e1rio: Voc\u00ea pode vender at\u00e9 1\/3 das f\u00e9rias<\/h2>\n\n\n\n<p>O trabalhador pode optar por <strong>vender at\u00e9 1\/3 de suas f\u00e9rias<\/strong> (chamado de <em>abono pecuni\u00e1rio<\/em>) \u2014 ou seja, transformar <strong>10 dias de f\u00e9rias em dinheiro<\/strong>.<\/p>\n\n\n\n<p>Se solicitar o abono:<\/p>\n\n\n\n<ul class=\"wp-block-list\">\n<li>Ele recebe o valor correspondente a esses dias vendidos,<\/li>\n\n\n\n<li>Al\u00e9m do pagamento normal de f\u00e9rias + 1\/3.<\/li>\n<\/ul>\n\n\n\n<p>Essa op\u00e7\u00e3o deve ser <strong>solicitada por escrito ao empregador at\u00e9 15 dias antes do fim do per\u00edodo aquisitivo<\/strong>.<\/p>\n\n\n\n<h2 class=\"wp-block-heading\" id=\"h-como-funciona-a-divisao-das-ferias\">Como funciona a divis\u00e3o das f\u00e9rias?<\/h2>\n\n\n\n<p>As f\u00e9rias podem ser:<\/p>\n\n\n\n<ul class=\"wp-block-list\">\n<li><strong>Concedidas de uma s\u00f3 vez<\/strong> (o mais comum)<\/li>\n\n\n\n<li><strong>Fracionadas em at\u00e9 3 per\u00edodos<\/strong>, desde que um deles tenha no m\u00ednimo <strong>14 dias corridos<\/strong> e os demais n\u00e3o sejam inferiores a 5 dias cada.<\/li>\n<\/ul>\n\n\n\n<p>A possibilidade de fracionamento deve respeitar o acordo entre empregador e empregado.<\/p>\n\n\n\n<h2 class=\"wp-block-heading\" id=\"h-obrigacoes-do-empregador\">Obriga\u00e7\u00f5es do empregador<\/h2>\n\n\n\n<p>O empregador precisa:<br>\u2714 Definir o per\u00edodo de f\u00e9rias dentro do prazo legal (per\u00edodo concessivo)<br>\u2714 Comunicar por escrito o empregado com anteced\u00eancia (pelo menos 30 dias)<br>\u2714 Efetuar o pagamento <strong>at\u00e9 2 dias antes<\/strong> das f\u00e9rias<br>\u2714 Calcular corretamente o adicional de 1\/3 e o abono pecuni\u00e1rio, se solicitado<\/p>\n\n\n\n<p>O n\u00e3o cumprimento pode gerar <strong>multas administrativas e a\u00e7\u00f5es trabalhistas<\/strong>.<\/p>\n\n\n\n<h2 class=\"wp-block-heading\" id=\"h-obrigacoes-do-trabalhador\">Obriga\u00e7\u00f5es do trabalhador<\/h2>\n\n\n\n<p>O empregado deve:<br>\u2714 Comparecer ao trabalho at\u00e9 a data de in\u00edcio das f\u00e9rias<br>\u2714 Comunicar com anteced\u00eancia qualquer impossibilidade real (ex.: motivo de sa\u00fade)<br>\u2714 Cumprir regras de aviso pr\u00e9vio de retorno quando aplic\u00e1vel<\/p>\n\n\n\n<h2 class=\"wp-block-heading\" id=\"h-e-se-as-ferias-atrasarem\">E se as f\u00e9rias atrasarem?<\/h2>\n\n\n\n<p>Se o empregador n\u00e3o conceder as f\u00e9rias dentro do prazo concessivo, ele estar\u00e1 <strong>em d\u00e9bito com a justi\u00e7a e a fiscaliza\u00e7\u00e3o trabalhista<\/strong>, podendo sofrer:<\/p>\n\n\n\n<ul class=\"wp-block-list\">\n<li>Pagamento em <strong>dobro das f\u00e9rias<\/strong><\/li>\n\n\n\n<li>Multas aplicadas pela fiscaliza\u00e7\u00e3o<\/li>\n\n\n\n<li>Poss\u00edvel autua\u00e7\u00e3o administrativa<\/li>\n<\/ul>\n\n\n\n<p>Por isso \u00e9 importante que empregadores e gestores mantenham um controle rigoroso dos per\u00edodos aquisitivos e concessivos.<\/p>\n\n\n\n<h2 class=\"wp-block-heading\" id=\"h-dicas-praticas-para-voce-planejar-suas-ferias\">Dicas pr\u00e1ticas para voc\u00ea planejar suas f\u00e9rias<\/h2>\n\n\n\n<p>\u2714 <strong>Organize seu calend\u00e1rio<\/strong> no in\u00edcio do ano<br>\u2714 Converse com seu empregador sobre datas preferenciais<br>\u2714 Planeje financeiramente considerando o adicional de 1\/3<br>\u2714 Se optar pelo abono, solicite com anteced\u00eancia<\/p>\n\n\n\n<h2 class=\"wp-block-heading\" id=\"h-conclusao\">Conclus\u00e3o<\/h2>\n\n\n\n<p>As f\u00e9rias s\u00e3o um direito constitucional que garante descanso f\u00edsico e mental para o trabalhador e merece aten\u00e7\u00e3o tanto de empregados quanto de empregadores.<br>Compreender seus direitos e obriga\u00e7\u00f5es evita problemas legais e permite que voc\u00ea usufrua do descanso sem surpresas.<\/p>\n\n\n\n<p>F\u00e9rias bem planejadas significam mais qualidade de vida \u2014 e maior produtividade quando voc\u00ea voltar ao trabalho!<\/p>\n","protected":false},"excerpt":{"rendered":"<p>Saiba tudo sobre f\u00e9rias: direitos trabalhistas, c\u00e1lculo de pagamento, prazos legais e obriga\u00e7\u00f5es de empregadores e empregados em 2026 com explica\u00e7\u00f5es simples e exemplos pr\u00e1ticos.<\/p>\n","protected":false},"author":2,"featured_media":53436,"comment_status":"open","ping_status":"open","sticky":false,"template":"","format":"standard","meta":{"om_disable_all_campaigns":false,"_monsterinsights_skip_tracking":false,"_monsterinsights_sitenote_active":false,"_monsterinsights_sitenote_note":"","_monsterinsights_sitenote_category":0,"_uf_show_specific_survey":0,"_uf_disable_surveys":false,"_price":"","_stock":"","_tribe_ticket_header":"","_tribe_default_ticket_provider":"","_tribe_ticket_capacity":"","_ticket_start_date":"","_ticket_end_date":"","_tribe_ticket_show_description":"","_tribe_ticket_show_not_going":false,"_tribe_ticket_use_global_stock":"","_tribe_ticket_global_stock_level":"","_global_stock_mode":"","_global_stock_cap":"","_tribe_rsvp_for_event":"","_tribe_ticket_going_count":"","_tribe_ticket_not_going_count":"","_tribe_tickets_list":"[]","_tribe_ticket_has_attendee_info_fields":false,"_EventAllDay":false,"_EventTimezone":"","_EventStartDate":"","_EventEndDate":"","_EventStartDateUTC":"","_EventEndDateUTC":"","_EventShowMap":false,"_EventShowMapLink":false,"_EventURL":"","_EventCost":"","_EventCostDescription":"","_EventCurrencySymbol":"","_EventCurrencyCode":"","_EventCurrencyPosition":"","_EventDateTimeSeparator":"","_EventTimeRangeSeparator":"","_EventOrganizerID":[],"_EventVenueID":[],"_OrganizerEmail":"","_OrganizerPhone":"","_OrganizerWebsite":"","_VenueAddress":"","_VenueCity":"","_VenueCountry":"","_VenueProvince":"","_VenueState":"","_VenueZip":"","_VenuePhone":"","_VenueURL":"","_VenueStateProvince":"","_VenueLat":"","_VenueLng":"","_VenueShowMap":false,"_VenueShowMapLink":false,"footnotes":""},"categories":[568],"tags":[542,439,543,438,541,540,539],"class_list":["post-53405","post","type-post","status-publish","format-standard","has-post-thumbnail","hentry","category-educacao-financeira-profissional","tag-abono-pecuniario","tag-clt","tag-descanso-remunerado","tag-direitos-trabalhistas","tag-emprego","tag-ferias-2026","tag-salario"],"yoast_head":"<!-- This site is optimized with the Yoast SEO Premium plugin v26.5 (Yoast SEO v27.5) - https:\/\/yoast.com\/product\/yoast-seo-premium-wordpress\/ -->\n<title>F\u00e9rias: Seus Direitos e Obriga\u00e7\u00f5es<\/title>\n<meta name=\"description\" content=\"Entenda seus direitos nas f\u00e9rias: quanto pagar, como calcular, quando tirar e obriga\u00e7\u00f5es legais para empregadores e trabalhadores.\" \/>\n<meta name=\"robots\" content=\"index, follow, max-snippet:-1, max-image-preview:large, max-video-preview:-1\" \/>\n<link rel=\"canonical\" href=\"https:\/\/aconnection.com.br\/classificados\/ferias-seus-direitos-e-obrigacoes\/\" \/>\n<meta property=\"og:locale\" content=\"pt_BR\" \/>\n<meta property=\"og:type\" content=\"article\" \/>\n<meta property=\"og:title\" content=\"F\u00e9rias: Seus Direitos e Obriga\u00e7\u00f5es\" \/>\n<meta property=\"og:description\" content=\"\ud83c\udf34 F\u00e9rias 2026: seus direitos, obriga\u00e7\u00f5es e tudo que voc\u00ea precisa saber!Guia completo sobre quando tirar f\u00e9rias, quanto vai receber, abono pecuni\u00e1rio, prazos legais e deveres da empresa e do trabalhador. Leia e planeje seu descanso com seguran\u00e7a! \u2728\" \/>\n<meta property=\"og:url\" content=\"https:\/\/aconnection.com.br\/classificados\/ferias-seus-direitos-e-obrigacoes\/\" \/>\n<meta property=\"og:site_name\" content=\"AConnection Classificados\" \/>\n<meta property=\"article:published_time\" content=\"2026-01-29T23:00:00+00:00\" \/>\n<meta property=\"article:modified_time\" content=\"2026-02-26T14:14:48+00:00\" \/>\n<meta property=\"og:image\" content=\"https:\/\/aconnection.com.br\/classificados\/wp-content\/uploads\/2026\/01\/ferias.jpg\" \/>\n\t<meta property=\"og:image:width\" content=\"1080\" \/>\n\t<meta property=\"og:image:height\" content=\"1350\" \/>\n\t<meta property=\"og:image:type\" content=\"image\/jpeg\" \/>\n<meta name=\"author\" content=\"Soliv\u00e1 Guimar\u00e3es Pestana\" \/>\n<meta name=\"twitter:card\" content=\"summary_large_image\" \/>\n<meta name=\"twitter:description\" content=\"\ud83c\udf34 F\u00e9rias 2026: seus direitos, obriga\u00e7\u00f5es e tudo que voc\u00ea precisa saber!Guia completo sobre quando tirar f\u00e9rias, quanto vai receber, abono pecuni\u00e1rio, prazos legais e deveres da empresa e do trabalhador. Leia e planeje seu descanso com seguran\u00e7a! \u2728\" \/>\n<meta name=\"twitter:creator\" content=\"@sticompanyy\" \/>\n<meta name=\"twitter:site\" content=\"@sticompanyy\" \/>\n<meta name=\"twitter:label1\" content=\"Escrito por\" \/>\n\t<meta name=\"twitter:data1\" content=\"Soliv\u00e1 Guimar\u00e3es Pestana\" \/>\n\t<meta name=\"twitter:label2\" content=\"Est. tempo de leitura\" \/>\n\t<meta name=\"twitter:data2\" content=\"5 minutos\" \/>\n<script type=\"application\/ld+json\" class=\"yoast-schema-graph\">{\"@context\":\"https:\\\/\\\/schema.org\",\"@graph\":[{\"@type\":\"Article\",\"@id\":\"https:\\\/\\\/aconnection.com.br\\\/classificados\\\/ferias-seus-direitos-e-obrigacoes\\\/#article\",\"isPartOf\":{\"@id\":\"https:\\\/\\\/aconnection.com.br\\\/classificados\\\/ferias-seus-direitos-e-obrigacoes\\\/\"},\"author\":{\"name\":\"Soliv\u00e1 Guimar\u00e3es Pestana\",\"@id\":\"https:\\\/\\\/aconnection.com.br\\\/classificados\\\/#\\\/schema\\\/person\\\/1876eca300517da830b7d9a036e3b01b\"},\"headline\":\"F\u00e9rias: Seus Direitos e Obriga\u00e7\u00f5es\",\"datePublished\":\"2026-01-29T23:00:00+00:00\",\"dateModified\":\"2026-02-26T14:14:48+00:00\",\"mainEntityOfPage\":{\"@id\":\"https:\\\/\\\/aconnection.com.br\\\/classificados\\\/ferias-seus-direitos-e-obrigacoes\\\/\"},\"wordCount\":787,\"commentCount\":0,\"publisher\":{\"@id\":\"https:\\\/\\\/aconnection.com.br\\\/classificados\\\/#organization\"},\"image\":{\"@id\":\"https:\\\/\\\/aconnection.com.br\\\/classificados\\\/ferias-seus-direitos-e-obrigacoes\\\/#primaryimage\"},\"thumbnailUrl\":\"https:\\\/\\\/aconnection.com.br\\\/classificados\\\/wp-content\\\/uploads\\\/2026\\\/01\\\/ferias-1.jpg\",\"keywords\":[\"abono pecuni\u00e1rio\",\"CLT\",\"descanso remunerado\",\"Direitos trabalhistas\",\"emprego\",\"f\u00e9rias 2026\",\"sal\u00e1rio\"],\"articleSection\":[\"Educa\u00e7\u00e3o Financeira &amp; Profissional\"],\"inLanguage\":\"pt-BR\",\"potentialAction\":[{\"@type\":\"CommentAction\",\"name\":\"Comment\",\"target\":[\"https:\\\/\\\/aconnection.com.br\\\/classificados\\\/ferias-seus-direitos-e-obrigacoes\\\/#respond\"]}]},{\"@type\":\"WebPage\",\"@id\":\"https:\\\/\\\/aconnection.com.br\\\/classificados\\\/ferias-seus-direitos-e-obrigacoes\\\/\",\"url\":\"https:\\\/\\\/aconnection.com.br\\\/classificados\\\/ferias-seus-direitos-e-obrigacoes\\\/\",\"name\":\"F\u00e9rias: Seus Direitos e Obriga\u00e7\u00f5es\",\"isPartOf\":{\"@id\":\"https:\\\/\\\/aconnection.com.br\\\/classificados\\\/#website\"},\"primaryImageOfPage\":{\"@id\":\"https:\\\/\\\/aconnection.com.br\\\/classificados\\\/ferias-seus-direitos-e-obrigacoes\\\/#primaryimage\"},\"image\":{\"@id\":\"https:\\\/\\\/aconnection.com.br\\\/classificados\\\/ferias-seus-direitos-e-obrigacoes\\\/#primaryimage\"},\"thumbnailUrl\":\"https:\\\/\\\/aconnection.com.br\\\/classificados\\\/wp-content\\\/uploads\\\/2026\\\/01\\\/ferias-1.jpg\",\"datePublished\":\"2026-01-29T23:00:00+00:00\",\"dateModified\":\"2026-02-26T14:14:48+00:00\",\"description\":\"Entenda seus direitos nas f\u00e9rias: quanto pagar, como calcular, quando tirar e obriga\u00e7\u00f5es legais para empregadores e trabalhadores.\",\"breadcrumb\":{\"@id\":\"https:\\\/\\\/aconnection.com.br\\\/classificados\\\/ferias-seus-direitos-e-obrigacoes\\\/#breadcrumb\"},\"inLanguage\":\"pt-BR\",\"potentialAction\":[{\"@type\":\"ReadAction\",\"target\":[\"https:\\\/\\\/aconnection.com.br\\\/classificados\\\/ferias-seus-direitos-e-obrigacoes\\\/\"]}]},{\"@type\":\"ImageObject\",\"inLanguage\":\"pt-BR\",\"@id\":\"https:\\\/\\\/aconnection.com.br\\\/classificados\\\/ferias-seus-direitos-e-obrigacoes\\\/#primaryimage\",\"url\":\"https:\\\/\\\/aconnection.com.br\\\/classificados\\\/wp-content\\\/uploads\\\/2026\\\/01\\\/ferias-1.jpg\",\"contentUrl\":\"https:\\\/\\\/aconnection.com.br\\\/classificados\\\/wp-content\\\/uploads\\\/2026\\\/01\\\/ferias-1.jpg\",\"width\":1080,\"height\":1080},{\"@type\":\"BreadcrumbList\",\"@id\":\"https:\\\/\\\/aconnection.com.br\\\/classificados\\\/ferias-seus-direitos-e-obrigacoes\\\/#breadcrumb\",\"itemListElement\":[{\"@type\":\"ListItem\",\"position\":1,\"name\":\"In\u00edcio\",\"item\":\"https:\\\/\\\/aconnection.com.br\\\/classificados\\\/\"},{\"@type\":\"ListItem\",\"position\":2,\"name\":\"F\u00e9rias: Seus Direitos e Obriga\u00e7\u00f5es\"}]},{\"@type\":\"WebSite\",\"@id\":\"https:\\\/\\\/aconnection.com.br\\\/classificados\\\/#website\",\"url\":\"https:\\\/\\\/aconnection.com.br\\\/classificados\\\/\",\"name\":\"AConnection Classificados\",\"description\":\"Conectando Clientes, Impulsinando o Seu Neg\u00f3cio\",\"publisher\":{\"@id\":\"https:\\\/\\\/aconnection.com.br\\\/classificados\\\/#organization\"},\"potentialAction\":[{\"@type\":\"SearchAction\",\"target\":{\"@type\":\"EntryPoint\",\"urlTemplate\":\"https:\\\/\\\/aconnection.com.br\\\/classificados\\\/?s={search_term_string}\"},\"query-input\":{\"@type\":\"PropertyValueSpecification\",\"valueRequired\":true,\"valueName\":\"search_term_string\"}}],\"inLanguage\":\"pt-BR\"},{\"@type\":\"Organization\",\"@id\":\"https:\\\/\\\/aconnection.com.br\\\/classificados\\\/#organization\",\"name\":\"AConnection Classificados\",\"url\":\"https:\\\/\\\/aconnection.com.br\\\/classificados\\\/\",\"logo\":{\"@type\":\"ImageObject\",\"inLanguage\":\"pt-BR\",\"@id\":\"https:\\\/\\\/aconnection.com.br\\\/classificados\\\/#\\\/schema\\\/logo\\\/image\\\/\",\"url\":\"https:\\\/\\\/aconnection.com.br\\\/classificados\\\/wp-content\\\/uploads\\\/2021\\\/08\\\/Logomarca-AConnection-05.png\",\"contentUrl\":\"https:\\\/\\\/aconnection.com.br\\\/classificados\\\/wp-content\\\/uploads\\\/2021\\\/08\\\/Logomarca-AConnection-05.png\",\"width\":3098,\"height\":2860,\"caption\":\"AConnection Classificados\"},\"image\":{\"@id\":\"https:\\\/\\\/aconnection.com.br\\\/classificados\\\/#\\\/schema\\\/logo\\\/image\\\/\"},\"sameAs\":[\"https:\\\/\\\/x.com\\\/sticompanyy\",\"https:\\\/\\\/www.instagram.com\\\/sti.company\"]},{\"@type\":\"Person\",\"@id\":\"https:\\\/\\\/aconnection.com.br\\\/classificados\\\/#\\\/schema\\\/person\\\/1876eca300517da830b7d9a036e3b01b\",\"name\":\"Soliv\u00e1 Guimar\u00e3es Pestana\",\"image\":{\"@type\":\"ImageObject\",\"inLanguage\":\"pt-BR\",\"@id\":\"https:\\\/\\\/secure.gravatar.com\\\/avatar\\\/e2da6b8bf6db91c613d93bddb7f16b9d1af2610e2d70973ede034c8dcdacd4ab?s=96&d=mm&r=g\",\"url\":\"https:\\\/\\\/secure.gravatar.com\\\/avatar\\\/e2da6b8bf6db91c613d93bddb7f16b9d1af2610e2d70973ede034c8dcdacd4ab?s=96&d=mm&r=g\",\"contentUrl\":\"https:\\\/\\\/secure.gravatar.com\\\/avatar\\\/e2da6b8bf6db91c613d93bddb7f16b9d1af2610e2d70973ede034c8dcdacd4ab?s=96&d=mm&r=g\",\"caption\":\"Soliv\u00e1 Guimar\u00e3es Pestana\"},\"description\":\"Natural de Itanh\u00e9m, Bahia. Casado, pai de um filho. Tecn\u00f3logo em an\u00e1lise e Desenvolvimento de Sistemas, Bacharel em Administra\u00e7\u00e3o P\u00fablica. Na Contabilidade Pires atua como Auxiliar de contabilidade(RH). Nos hor\u00e1rios extras atua como profissional de inform\u00e1tica e suas tecnologias. Apaixonado por tecnologia, finan\u00e7as e futebol, torcedor do Fluminense-RJ, Cat\u00f3lico Apost\u00f3lico Romano. Propriet\u00e1rio dos sites www.sticompany.com.br e www.aconnection.com.br.\",\"sameAs\":[\"http:\\\/\\\/www.sticompany.com.br\"],\"url\":\"https:\\\/\\\/aconnection.com.br\\\/classificados\\\/author\\\/solivagp\\\/\"}]}<\/script>\n<!-- \/ Yoast SEO Premium plugin. -->","yoast_head_json":{"title":"F\u00e9rias: Seus Direitos e Obriga\u00e7\u00f5es","description":"Entenda seus direitos nas f\u00e9rias: quanto pagar, como calcular, quando tirar e obriga\u00e7\u00f5es legais para empregadores e trabalhadores.","robots":{"index":"index","follow":"follow","max-snippet":"max-snippet:-1","max-image-preview":"max-image-preview:large","max-video-preview":"max-video-preview:-1"},"canonical":"https:\/\/aconnection.com.br\/classificados\/ferias-seus-direitos-e-obrigacoes\/","og_locale":"pt_BR","og_type":"article","og_title":"F\u00e9rias: Seus Direitos e Obriga\u00e7\u00f5es","og_description":"\ud83c\udf34 F\u00e9rias 2026: seus direitos, obriga\u00e7\u00f5es e tudo que voc\u00ea precisa saber!Guia completo sobre quando tirar f\u00e9rias, quanto vai receber, abono pecuni\u00e1rio, prazos legais e deveres da empresa e do trabalhador. Leia e planeje seu descanso com seguran\u00e7a! \u2728","og_url":"https:\/\/aconnection.com.br\/classificados\/ferias-seus-direitos-e-obrigacoes\/","og_site_name":"AConnection Classificados","article_published_time":"2026-01-29T23:00:00+00:00","article_modified_time":"2026-02-26T14:14:48+00:00","og_image":[{"width":1080,"height":1350,"url":"https:\/\/aconnection.com.br\/classificados\/wp-content\/uploads\/2026\/01\/ferias.jpg","type":"image\/jpeg"}],"author":"Soliv\u00e1 Guimar\u00e3es Pestana","twitter_card":"summary_large_image","twitter_description":"\ud83c\udf34 F\u00e9rias 2026: seus direitos, obriga\u00e7\u00f5es e tudo que voc\u00ea precisa saber!Guia completo sobre quando tirar f\u00e9rias, quanto vai receber, abono pecuni\u00e1rio, prazos legais e deveres da empresa e do trabalhador. Leia e planeje seu descanso com seguran\u00e7a! \u2728","twitter_creator":"@sticompanyy","twitter_site":"@sticompanyy","twitter_misc":{"Escrito por":"Soliv\u00e1 Guimar\u00e3es Pestana","Est. tempo de leitura":"5 minutos"},"schema":{"@context":"https:\/\/schema.org","@graph":[{"@type":"Article","@id":"https:\/\/aconnection.com.br\/classificados\/ferias-seus-direitos-e-obrigacoes\/#article","isPartOf":{"@id":"https:\/\/aconnection.com.br\/classificados\/ferias-seus-direitos-e-obrigacoes\/"},"author":{"name":"Soliv\u00e1 Guimar\u00e3es Pestana","@id":"https:\/\/aconnection.com.br\/classificados\/#\/schema\/person\/1876eca300517da830b7d9a036e3b01b"},"headline":"F\u00e9rias: Seus Direitos e Obriga\u00e7\u00f5es","datePublished":"2026-01-29T23:00:00+00:00","dateModified":"2026-02-26T14:14:48+00:00","mainEntityOfPage":{"@id":"https:\/\/aconnection.com.br\/classificados\/ferias-seus-direitos-e-obrigacoes\/"},"wordCount":787,"commentCount":0,"publisher":{"@id":"https:\/\/aconnection.com.br\/classificados\/#organization"},"image":{"@id":"https:\/\/aconnection.com.br\/classificados\/ferias-seus-direitos-e-obrigacoes\/#primaryimage"},"thumbnailUrl":"https:\/\/aconnection.com.br\/classificados\/wp-content\/uploads\/2026\/01\/ferias-1.jpg","keywords":["abono pecuni\u00e1rio","CLT","descanso remunerado","Direitos trabalhistas","emprego","f\u00e9rias 2026","sal\u00e1rio"],"articleSection":["Educa\u00e7\u00e3o Financeira &amp; Profissional"],"inLanguage":"pt-BR","potentialAction":[{"@type":"CommentAction","name":"Comment","target":["https:\/\/aconnection.com.br\/classificados\/ferias-seus-direitos-e-obrigacoes\/#respond"]}]},{"@type":"WebPage","@id":"https:\/\/aconnection.com.br\/classificados\/ferias-seus-direitos-e-obrigacoes\/","url":"https:\/\/aconnection.com.br\/classificados\/ferias-seus-direitos-e-obrigacoes\/","name":"F\u00e9rias: Seus Direitos e Obriga\u00e7\u00f5es","isPartOf":{"@id":"https:\/\/aconnection.com.br\/classificados\/#website"},"primaryImageOfPage":{"@id":"https:\/\/aconnection.com.br\/classificados\/ferias-seus-direitos-e-obrigacoes\/#primaryimage"},"image":{"@id":"https:\/\/aconnection.com.br\/classificados\/ferias-seus-direitos-e-obrigacoes\/#primaryimage"},"thumbnailUrl":"https:\/\/aconnection.com.br\/classificados\/wp-content\/uploads\/2026\/01\/ferias-1.jpg","datePublished":"2026-01-29T23:00:00+00:00","dateModified":"2026-02-26T14:14:48+00:00","description":"Entenda seus direitos nas f\u00e9rias: quanto pagar, como calcular, quando tirar e obriga\u00e7\u00f5es legais para empregadores e trabalhadores.","breadcrumb":{"@id":"https:\/\/aconnection.com.br\/classificados\/ferias-seus-direitos-e-obrigacoes\/#breadcrumb"},"inLanguage":"pt-BR","potentialAction":[{"@type":"ReadAction","target":["https:\/\/aconnection.com.br\/classificados\/ferias-seus-direitos-e-obrigacoes\/"]}]},{"@type":"ImageObject","inLanguage":"pt-BR","@id":"https:\/\/aconnection.com.br\/classificados\/ferias-seus-direitos-e-obrigacoes\/#primaryimage","url":"https:\/\/aconnection.com.br\/classificados\/wp-content\/uploads\/2026\/01\/ferias-1.jpg","contentUrl":"https:\/\/aconnection.com.br\/classificados\/wp-content\/uploads\/2026\/01\/ferias-1.jpg","width":1080,"height":1080},{"@type":"BreadcrumbList","@id":"https:\/\/aconnection.com.br\/classificados\/ferias-seus-direitos-e-obrigacoes\/#breadcrumb","itemListElement":[{"@type":"ListItem","position":1,"name":"In\u00edcio","item":"https:\/\/aconnection.com.br\/classificados\/"},{"@type":"ListItem","position":2,"name":"F\u00e9rias: Seus Direitos e Obriga\u00e7\u00f5es"}]},{"@type":"WebSite","@id":"https:\/\/aconnection.com.br\/classificados\/#website","url":"https:\/\/aconnection.com.br\/classificados\/","name":"AConnection Classificados","description":"Conectando Clientes, Impulsinando o Seu Neg\u00f3cio","publisher":{"@id":"https:\/\/aconnection.com.br\/classificados\/#organization"},"potentialAction":[{"@type":"SearchAction","target":{"@type":"EntryPoint","urlTemplate":"https:\/\/aconnection.com.br\/classificados\/?s={search_term_string}"},"query-input":{"@type":"PropertyValueSpecification","valueRequired":true,"valueName":"search_term_string"}}],"inLanguage":"pt-BR"},{"@type":"Organization","@id":"https:\/\/aconnection.com.br\/classificados\/#organization","name":"AConnection Classificados","url":"https:\/\/aconnection.com.br\/classificados\/","logo":{"@type":"ImageObject","inLanguage":"pt-BR","@id":"https:\/\/aconnection.com.br\/classificados\/#\/schema\/logo\/image\/","url":"https:\/\/aconnection.com.br\/classificados\/wp-content\/uploads\/2021\/08\/Logomarca-AConnection-05.png","contentUrl":"https:\/\/aconnection.com.br\/classificados\/wp-content\/uploads\/2021\/08\/Logomarca-AConnection-05.png","width":3098,"height":2860,"caption":"AConnection Classificados"},"image":{"@id":"https:\/\/aconnection.com.br\/classificados\/#\/schema\/logo\/image\/"},"sameAs":["https:\/\/x.com\/sticompanyy","https:\/\/www.instagram.com\/sti.company"]},{"@type":"Person","@id":"https:\/\/aconnection.com.br\/classificados\/#\/schema\/person\/1876eca300517da830b7d9a036e3b01b","name":"Soliv\u00e1 Guimar\u00e3es Pestana","image":{"@type":"ImageObject","inLanguage":"pt-BR","@id":"https:\/\/secure.gravatar.com\/avatar\/e2da6b8bf6db91c613d93bddb7f16b9d1af2610e2d70973ede034c8dcdacd4ab?s=96&d=mm&r=g","url":"https:\/\/secure.gravatar.com\/avatar\/e2da6b8bf6db91c613d93bddb7f16b9d1af2610e2d70973ede034c8dcdacd4ab?s=96&d=mm&r=g","contentUrl":"https:\/\/secure.gravatar.com\/avatar\/e2da6b8bf6db91c613d93bddb7f16b9d1af2610e2d70973ede034c8dcdacd4ab?s=96&d=mm&r=g","caption":"Soliv\u00e1 Guimar\u00e3es Pestana"},"description":"Natural de Itanh\u00e9m, Bahia. Casado, pai de um filho. Tecn\u00f3logo em an\u00e1lise e Desenvolvimento de Sistemas, Bacharel em Administra\u00e7\u00e3o P\u00fablica. Na Contabilidade Pires atua como Auxiliar de contabilidade(RH). Nos hor\u00e1rios extras atua como profissional de inform\u00e1tica e suas tecnologias. Apaixonado por tecnologia, finan\u00e7as e futebol, torcedor do Fluminense-RJ, Cat\u00f3lico Apost\u00f3lico Romano. Propriet\u00e1rio dos sites www.sticompany.com.br e www.aconnection.com.br.","sameAs":["http:\/\/www.sticompany.com.br"],"url":"https:\/\/aconnection.com.br\/classificados\/author\/solivagp\/"}]}},"_links":{"self":[{"href":"https:\/\/aconnection.com.br\/classificados\/wp-json\/wp\/v2\/posts\/53405","targetHints":{"allow":["GET"]}}],"collection":[{"href":"https:\/\/aconnection.com.br\/classificados\/wp-json\/wp\/v2\/posts"}],"about":[{"href":"https:\/\/aconnection.com.br\/classificados\/wp-json\/wp\/v2\/types\/post"}],"author":[{"embeddable":true,"href":"https:\/\/aconnection.com.br\/classificados\/wp-json\/wp\/v2\/users\/2"}],"replies":[{"embeddable":true,"href":"https:\/\/aconnection.com.br\/classificados\/wp-json\/wp\/v2\/comments?post=53405"}],"version-history":[{"count":1,"href":"https:\/\/aconnection.com.br\/classificados\/wp-json\/wp\/v2\/posts\/53405\/revisions"}],"predecessor-version":[{"id":53407,"href":"https:\/\/aconnection.com.br\/classificados\/wp-json\/wp\/v2\/posts\/53405\/revisions\/53407"}],"wp:featuredmedia":[{"embeddable":true,"href":"https:\/\/aconnection.com.br\/classificados\/wp-json\/wp\/v2\/media\/53436"}],"wp:attachment":[{"href":"https:\/\/aconnection.com.br\/classificados\/wp-json\/wp\/v2\/media?parent=53405"}],"wp:term":[{"taxonomy":"category","embeddable":true,"href":"https:\/\/aconnection.com.br\/classificados\/wp-json\/wp\/v2\/categories?post=53405"},{"taxonomy":"post_tag","embeddable":true,"href":"https:\/\/aconnection.com.br\/classificados\/wp-json\/wp\/v2\/tags?post=53405"}],"curies":[{"name":"wp","href":"https:\/\/api.w.org\/{rel}","templated":true}]}}