{"id":53467,"date":"2026-02-20T20:00:00","date_gmt":"2026-02-20T23:00:00","guid":{"rendered":"https:\/\/aconnection.com.br\/classificados\/?p=53467"},"modified":"2026-02-26T11:15:27","modified_gmt":"2026-02-26T14:15:27","slug":"empregabilidade-habilidades-mercado-trabalho","status":"publish","type":"post","link":"https:\/\/aconnection.com.br\/classificados\/empregabilidade-habilidades-mercado-trabalho\/","title":{"rendered":"Empregabilidade: quais habilidades o mercado est\u00e1 exigindo e como se preparar para novas oportunidades"},"content":{"rendered":"\n<p>O mercado de trabalho mudou \u2014 e continua mudando rapidamente. Avan\u00e7os tecnol\u00f3gicos, novas formas de trabalho e transforma\u00e7\u00f5es econ\u00f4micas est\u00e3o redefinindo o que as empresas esperam dos profissionais. Mais do que diplomas, o foco agora est\u00e1 em <strong>habilidades pr\u00e1ticas, comportamento profissional e capacidade de adapta\u00e7\u00e3o<\/strong>.<\/p>\n\n\n\n<p>Entender essas mudan\u00e7as \u00e9 essencial para quem busca uma vaga, quer se recolocar ou deseja crescer profissionalmente. Neste artigo, voc\u00ea vai descobrir <strong>quais habilidades est\u00e3o em alta no mercado de trabalho<\/strong> e como se preparar de forma estrat\u00e9gica para aumentar suas chances de empregabilidade.<\/p>\n\n\n\n<h2 class=\"wp-block-heading\" id=\"h-o-que-e-empregabilidade-e-por-que-ela-e-tao-importante\">O que \u00e9 empregabilidade e por que ela \u00e9 t\u00e3o importante?<\/h2>\n\n\n\n<p>Empregabilidade \u00e9 a capacidade que uma pessoa tem de <strong>conquistar, manter e evoluir em um trabalho<\/strong>, independentemente das oscila\u00e7\u00f5es do mercado.<br>Ela n\u00e3o depende apenas da economia, mas principalmente do <strong>conjunto de compet\u00eancias t\u00e9cnicas, comportamentais e atitudes profissionais<\/strong>.<\/p>\n\n\n\n<p>Hoje, profissionais empreg\u00e1veis s\u00e3o aqueles que:<\/p>\n\n\n\n<ul class=\"wp-block-list\">\n<li>Aprendem continuamente<\/li>\n\n\n\n<li>Se adaptam \u00e0s mudan\u00e7as<\/li>\n\n\n\n<li>Resolvem problemas<\/li>\n\n\n\n<li>Sabem se comunicar e trabalhar em equipe<\/li>\n<\/ul>\n\n\n\n<h2 class=\"wp-block-heading\" id=\"h-habilidades-tecnicas-o-conhecimento-continua-essencial\">Habilidades t\u00e9cnicas: o conhecimento continua essencial<\/h2>\n\n\n\n<p>As chamadas <em>hard skills<\/em> continuam sendo fundamentais, especialmente quando alinhadas \u00e0s demandas do mercado local e nacional. Entre as mais valorizadas est\u00e3o:<\/p>\n\n\n\n<ul class=\"wp-block-list\">\n<li>Conhecimentos b\u00e1sicos em tecnologia e ferramentas digitais<\/li>\n\n\n\n<li>No\u00e7\u00f5es de finan\u00e7as, vendas ou atendimento ao cliente<\/li>\n\n\n\n<li>Capacidade de operar sistemas, plataformas e aplicativos<\/li>\n\n\n\n<li>Qualifica\u00e7\u00e3o t\u00e9cnica ou profissionalizante<\/li>\n<\/ul>\n\n\n\n<p><strong>Dica pr\u00e1tica:<\/strong> cursos online, treinamentos r\u00e1pidos e certifica\u00e7\u00f5es s\u00e3o formas acess\u00edveis e eficazes de atualiza\u00e7\u00e3o.<\/p>\n\n\n\n<h2 class=\"wp-block-heading\" id=\"h-habilidades-comportamentais-o-grande-diferencial\">Habilidades comportamentais: o grande diferencial<\/h2>\n\n\n\n<p>As <em>soft skills<\/em> ganharam protagonismo e, muitas vezes, s\u00e3o decisivas em processos seletivos. As empresas buscam profissionais que saibam lidar com pessoas e situa\u00e7\u00f5es desafiadoras.<\/p>\n\n\n\n<p>As mais valorizadas atualmente incluem:<\/p>\n\n\n\n<ul class=\"wp-block-list\">\n<li>Comunica\u00e7\u00e3o clara e objetiva<\/li>\n\n\n\n<li>Responsabilidade e comprometimento<\/li>\n\n\n\n<li>Organiza\u00e7\u00e3o e gest\u00e3o do tempo<\/li>\n\n\n\n<li>Intelig\u00eancia emocional<\/li>\n\n\n\n<li>Capacidade de trabalhar em equipe<\/li>\n\n\n\n<li>Proatividade e iniciativa<\/li>\n<\/ul>\n\n\n\n<p>Um profissional tecnicamente bom, mas com comportamento inadequado, tende a perder espa\u00e7o no mercado.<\/p>\n\n\n\n<h2 class=\"wp-block-heading\" id=\"h-adaptacao-as-novas-formas-de-trabalho\">Adapta\u00e7\u00e3o \u00e0s novas formas de trabalho<\/h2>\n\n\n\n<p>O mercado passou a valorizar profissionais que sabem atuar em diferentes contextos, como:<\/p>\n\n\n\n<ul class=\"wp-block-list\">\n<li>Trabalho remoto ou h\u00edbrido<\/li>\n\n\n\n<li>Uso de ferramentas digitais<\/li>\n\n\n\n<li>Flexibilidade de hor\u00e1rios e fun\u00e7\u00f5es<\/li>\n<\/ul>\n\n\n\n<p>Quem demonstra <strong>facilidade em aprender novas ferramentas<\/strong> e <strong>abertura para mudan\u00e7as<\/strong> sai na frente.<\/p>\n\n\n\n<h2 class=\"wp-block-heading\" id=\"h-aprendizado-continuo-quem-para-fica-para-tras\">Aprendizado cont\u00ednuo: quem para, fica para tr\u00e1s<\/h2>\n\n\n\n<p>Uma das maiores exig\u00eancias do mercado atual \u00e9 a <strong>atualiza\u00e7\u00e3o constante<\/strong>. O conhecimento se renova r\u00e1pido, e quem n\u00e3o acompanha perde competitividade.<\/p>\n\n\n\n<p>Algumas formas pr\u00e1ticas de se manter atualizado:<\/p>\n\n\n\n<ul class=\"wp-block-list\">\n<li>Cursos online e gratuitos<\/li>\n\n\n\n<li>V\u00eddeos educativos<\/li>\n\n\n\n<li>Leitura de conte\u00fados profissionais<\/li>\n\n\n\n<li>Participa\u00e7\u00e3o em palestras, eventos e oficinas<\/li>\n<\/ul>\n\n\n\n<h2 class=\"wp-block-heading\" id=\"h-rede-de-contatos-tambem-e-habilidade\">Rede de contatos tamb\u00e9m \u00e9 habilidade<\/h2>\n\n\n\n<p>Manter bons relacionamentos profissionais aumenta as chances de oportunidades. Muitas vagas surgem por indica\u00e7\u00e3o ou networking.<\/p>\n\n\n\n<p>Valorize:<\/p>\n\n\n\n<ul class=\"wp-block-list\">\n<li>Rela\u00e7\u00f5es profissionais saud\u00e1veis<\/li>\n\n\n\n<li>Boa reputa\u00e7\u00e3o<\/li>\n\n\n\n<li>Postura \u00e9tica<\/li>\n\n\n\n<li>Presen\u00e7a positiva, inclusive no ambiente digital<\/li>\n<\/ul>\n\n\n\n<h2 class=\"wp-block-heading\" id=\"h-como-se-preparar-na-pratica-para-o-mercado-de-trabalho\">Como se preparar, na pr\u00e1tica, para o mercado de trabalho<\/h2>\n\n\n\n<p>\u2714 Avalie suas habilidades atuais<br>\u2714 Identifique pontos de melhoria<br>\u2714 Invista em qualifica\u00e7\u00e3o acess\u00edvel<br>\u2714 Atualize seu curr\u00edculo e perfil profissional<br>\u2714 Desenvolva comportamento profissional<br>\u2714 Busque aprendizado cont\u00ednuo<\/p>\n\n\n\n<p>Empregabilidade n\u00e3o \u00e9 sorte \u2014 \u00e9 <strong>prepara\u00e7\u00e3o<\/strong>.<\/p>\n\n\n\n<h2 class=\"wp-block-heading\" id=\"h-conclusao\">Conclus\u00e3o<\/h2>\n\n\n\n<p>O mercado de trabalho est\u00e1 mais competitivo, mas tamb\u00e9m mais aberto a quem se prepara. Desenvolver habilidades t\u00e9cnicas, comportamentais e manter uma postura profissional s\u00e3o atitudes que <strong>aumentam as chances de emprego e crescimento<\/strong>, independentemente do cen\u00e1rio econ\u00f4mico.<\/p>\n\n\n\n<p>Investir em si mesmo \u00e9 o caminho mais seguro para conquistar oportunidades e construir um futuro profissional mais est\u00e1vel.<\/p>\n","protected":false},"excerpt":{"rendered":"<p>O mercado de trabalho mudou \u2014 e continua mudando rapidamente. Avan\u00e7os tecnol\u00f3gicos, novas formas de trabalho e transforma\u00e7\u00f5es econ\u00f4micas est\u00e3o redefinindo o que as empresas esperam dos profissionais. Mais do [&hellip;]<\/p>\n","protected":false},"author":2,"featured_media":53468,"comment_status":"open","ping_status":"open","sticky":false,"template":"","format":"standard","meta":{"om_disable_all_campaigns":false,"_monsterinsights_skip_tracking":false,"_monsterinsights_sitenote_active":false,"_monsterinsights_sitenote_note":"","_monsterinsights_sitenote_category":0,"_uf_show_specific_survey":0,"_uf_disable_surveys":false,"_price":"","_stock":"","_tribe_ticket_header":"","_tribe_default_ticket_provider":"","_tribe_ticket_capacity":"","_ticket_start_date":"","_ticket_end_date":"","_tribe_ticket_show_description":"","_tribe_ticket_show_not_going":false,"_tribe_ticket_use_global_stock":"","_tribe_ticket_global_stock_level":"","_global_stock_mode":"","_global_stock_cap":"","_tribe_rsvp_for_event":"","_tribe_ticket_going_count":"","_tribe_ticket_not_going_count":"","_tribe_tickets_list":"[]","_tribe_ticket_has_attendee_info_fields":false,"_EventAllDay":false,"_EventTimezone":"","_EventStartDate":"","_EventEndDate":"","_EventStartDateUTC":"","_EventEndDateUTC":"","_EventShowMap":false,"_EventShowMapLink":false,"_EventURL":"","_EventCost":"","_EventCostDescription":"","_EventCurrencySymbol":"","_EventCurrencyCode":"","_EventCurrencyPosition":"","_EventDateTimeSeparator":"","_EventTimeRangeSeparator":"","_EventOrganizerID":[],"_EventVenueID":[],"_OrganizerEmail":"","_OrganizerPhone":"","_OrganizerWebsite":"","_VenueAddress":"","_VenueCity":"","_VenueCountry":"","_VenueProvince":"","_VenueState":"","_VenueZip":"","_VenuePhone":"","_VenueURL":"","_VenueStateProvince":"","_VenueLat":"","_VenueLng":"","_VenueShowMap":false,"_VenueShowMapLink":false,"footnotes":""},"categories":[25],"tags":[558,556,541,443,557],"class_list":["post-53467","post","type-post","status-publish","format-standard","has-post-thumbnail","hentry","category-empregos-e-oportunidades","tag-carreira","tag-desenvolvimento-profissional","tag-emprego","tag-mercado-de-trabalho","tag-qualificacao-profissional"],"yoast_head":"<!-- This site is optimized with the Yoast SEO Premium plugin v26.5 (Yoast SEO v27.4) - https:\/\/yoast.com\/product\/yoast-seo-premium-wordpress\/ -->\n<title>Empregabilidade: habilidades que o mercado exige<\/title>\n<meta name=\"description\" content=\"Empregabilidade: Quais habilidades o mercado de trabalho valoriza e como se preparar para aumentar suas chances de emprego e crescimento\" \/>\n<meta name=\"robots\" content=\"index, follow, max-snippet:-1, max-image-preview:large, max-video-preview:-1\" \/>\n<link rel=\"canonical\" href=\"https:\/\/aconnection.com.br\/classificados\/empregabilidade-habilidades-mercado-trabalho\/\" \/>\n<meta property=\"og:locale\" content=\"pt_BR\" \/>\n<meta property=\"og:type\" content=\"article\" \/>\n<meta property=\"og:title\" content=\"Empregabilidade: quais habilidades o mercado est\u00e1 exigindo e como se preparar para novas oportunidades\" \/>\n<meta property=\"og:description\" content=\"O mercado de trabalho mudou. Saiba quais habilidades est\u00e3o em alta e como se preparar para aumentar sua empregabilidade e conquistar novas oportunidades profissionais.\" \/>\n<meta property=\"og:url\" content=\"https:\/\/aconnection.com.br\/classificados\/empregabilidade-habilidades-mercado-trabalho\/\" \/>\n<meta property=\"og:site_name\" content=\"AConnection Classificados\" \/>\n<meta property=\"article:published_time\" content=\"2026-02-20T23:00:00+00:00\" \/>\n<meta property=\"article:modified_time\" content=\"2026-02-26T14:15:27+00:00\" \/>\n<meta property=\"og:image\" content=\"https:\/\/aconnection.com.br\/classificados\/wp-content\/uploads\/2026\/02\/Empregabilidade-4-5.jpg\" \/>\n\t<meta property=\"og:image:width\" content=\"1080\" \/>\n\t<meta property=\"og:image:height\" content=\"1350\" \/>\n\t<meta property=\"og:image:type\" content=\"image\/jpeg\" \/>\n<meta name=\"author\" content=\"Soliv\u00e1 Guimar\u00e3es Pestana\" \/>\n<meta name=\"twitter:card\" content=\"summary_large_image\" \/>\n<meta name=\"twitter:description\" content=\"O mercado de trabalho mudou. Saiba quais habilidades est\u00e3o em alta e como se preparar para aumentar sua empregabilidade e conquistar novas oportunidades profissionais.\" \/>\n<meta name=\"twitter:creator\" content=\"@sticompanyy\" \/>\n<meta name=\"twitter:site\" content=\"@sticompanyy\" \/>\n<meta name=\"twitter:label1\" content=\"Escrito por\" \/>\n\t<meta name=\"twitter:data1\" content=\"Soliv\u00e1 Guimar\u00e3es Pestana\" \/>\n\t<meta name=\"twitter:label2\" content=\"Est. tempo de leitura\" \/>\n\t<meta name=\"twitter:data2\" content=\"4 minutos\" \/>\n<script type=\"application\/ld+json\" class=\"yoast-schema-graph\">{\"@context\":\"https:\\\/\\\/schema.org\",\"@graph\":[{\"@type\":\"Article\",\"@id\":\"https:\\\/\\\/aconnection.com.br\\\/classificados\\\/empregabilidade-habilidades-mercado-trabalho\\\/#article\",\"isPartOf\":{\"@id\":\"https:\\\/\\\/aconnection.com.br\\\/classificados\\\/empregabilidade-habilidades-mercado-trabalho\\\/\"},\"author\":{\"name\":\"Soliv\u00e1 Guimar\u00e3es Pestana\",\"@id\":\"https:\\\/\\\/aconnection.com.br\\\/classificados\\\/#\\\/schema\\\/person\\\/1876eca300517da830b7d9a036e3b01b\"},\"headline\":\"Empregabilidade: quais habilidades o mercado est\u00e1 exigindo e como se preparar para novas oportunidades\",\"datePublished\":\"2026-02-20T23:00:00+00:00\",\"dateModified\":\"2026-02-26T14:15:27+00:00\",\"mainEntityOfPage\":{\"@id\":\"https:\\\/\\\/aconnection.com.br\\\/classificados\\\/empregabilidade-habilidades-mercado-trabalho\\\/\"},\"wordCount\":608,\"commentCount\":0,\"publisher\":{\"@id\":\"https:\\\/\\\/aconnection.com.br\\\/classificados\\\/#organization\"},\"image\":{\"@id\":\"https:\\\/\\\/aconnection.com.br\\\/classificados\\\/empregabilidade-habilidades-mercado-trabalho\\\/#primaryimage\"},\"thumbnailUrl\":\"https:\\\/\\\/aconnection.com.br\\\/classificados\\\/wp-content\\\/uploads\\\/2026\\\/02\\\/Empregabilidade-1-1.jpg\",\"keywords\":[\"Carreira\",\"Desenvolvimento Profissional\",\"emprego\",\"Mercado de trabalho\",\"Qualifica\u00e7\u00e3o Profissional\"],\"articleSection\":[\"Empregos e Oportunidades\"],\"inLanguage\":\"pt-BR\",\"potentialAction\":[{\"@type\":\"CommentAction\",\"name\":\"Comment\",\"target\":[\"https:\\\/\\\/aconnection.com.br\\\/classificados\\\/empregabilidade-habilidades-mercado-trabalho\\\/#respond\"]}]},{\"@type\":\"WebPage\",\"@id\":\"https:\\\/\\\/aconnection.com.br\\\/classificados\\\/empregabilidade-habilidades-mercado-trabalho\\\/\",\"url\":\"https:\\\/\\\/aconnection.com.br\\\/classificados\\\/empregabilidade-habilidades-mercado-trabalho\\\/\",\"name\":\"Empregabilidade: habilidades que o mercado exige\",\"isPartOf\":{\"@id\":\"https:\\\/\\\/aconnection.com.br\\\/classificados\\\/#website\"},\"primaryImageOfPage\":{\"@id\":\"https:\\\/\\\/aconnection.com.br\\\/classificados\\\/empregabilidade-habilidades-mercado-trabalho\\\/#primaryimage\"},\"image\":{\"@id\":\"https:\\\/\\\/aconnection.com.br\\\/classificados\\\/empregabilidade-habilidades-mercado-trabalho\\\/#primaryimage\"},\"thumbnailUrl\":\"https:\\\/\\\/aconnection.com.br\\\/classificados\\\/wp-content\\\/uploads\\\/2026\\\/02\\\/Empregabilidade-1-1.jpg\",\"datePublished\":\"2026-02-20T23:00:00+00:00\",\"dateModified\":\"2026-02-26T14:15:27+00:00\",\"description\":\"Empregabilidade: Quais habilidades o mercado de trabalho valoriza e como se preparar para aumentar suas chances de emprego e crescimento\",\"breadcrumb\":{\"@id\":\"https:\\\/\\\/aconnection.com.br\\\/classificados\\\/empregabilidade-habilidades-mercado-trabalho\\\/#breadcrumb\"},\"inLanguage\":\"pt-BR\",\"potentialAction\":[{\"@type\":\"ReadAction\",\"target\":[\"https:\\\/\\\/aconnection.com.br\\\/classificados\\\/empregabilidade-habilidades-mercado-trabalho\\\/\"]}]},{\"@type\":\"ImageObject\",\"inLanguage\":\"pt-BR\",\"@id\":\"https:\\\/\\\/aconnection.com.br\\\/classificados\\\/empregabilidade-habilidades-mercado-trabalho\\\/#primaryimage\",\"url\":\"https:\\\/\\\/aconnection.com.br\\\/classificados\\\/wp-content\\\/uploads\\\/2026\\\/02\\\/Empregabilidade-1-1.jpg\",\"contentUrl\":\"https:\\\/\\\/aconnection.com.br\\\/classificados\\\/wp-content\\\/uploads\\\/2026\\\/02\\\/Empregabilidade-1-1.jpg\",\"width\":1080,\"height\":1080},{\"@type\":\"BreadcrumbList\",\"@id\":\"https:\\\/\\\/aconnection.com.br\\\/classificados\\\/empregabilidade-habilidades-mercado-trabalho\\\/#breadcrumb\",\"itemListElement\":[{\"@type\":\"ListItem\",\"position\":1,\"name\":\"In\u00edcio\",\"item\":\"https:\\\/\\\/aconnection.com.br\\\/classificados\\\/\"},{\"@type\":\"ListItem\",\"position\":2,\"name\":\"Empregabilidade: quais habilidades o mercado est\u00e1 exigindo e como se preparar para novas oportunidades\"}]},{\"@type\":\"WebSite\",\"@id\":\"https:\\\/\\\/aconnection.com.br\\\/classificados\\\/#website\",\"url\":\"https:\\\/\\\/aconnection.com.br\\\/classificados\\\/\",\"name\":\"AConnection Classificados\",\"description\":\"Conectando Clientes, Impulsinando o Seu Neg\u00f3cio\",\"publisher\":{\"@id\":\"https:\\\/\\\/aconnection.com.br\\\/classificados\\\/#organization\"},\"potentialAction\":[{\"@type\":\"SearchAction\",\"target\":{\"@type\":\"EntryPoint\",\"urlTemplate\":\"https:\\\/\\\/aconnection.com.br\\\/classificados\\\/?s={search_term_string}\"},\"query-input\":{\"@type\":\"PropertyValueSpecification\",\"valueRequired\":true,\"valueName\":\"search_term_string\"}}],\"inLanguage\":\"pt-BR\"},{\"@type\":\"Organization\",\"@id\":\"https:\\\/\\\/aconnection.com.br\\\/classificados\\\/#organization\",\"name\":\"AConnection Classificados\",\"url\":\"https:\\\/\\\/aconnection.com.br\\\/classificados\\\/\",\"logo\":{\"@type\":\"ImageObject\",\"inLanguage\":\"pt-BR\",\"@id\":\"https:\\\/\\\/aconnection.com.br\\\/classificados\\\/#\\\/schema\\\/logo\\\/image\\\/\",\"url\":\"https:\\\/\\\/aconnection.com.br\\\/classificados\\\/wp-content\\\/uploads\\\/2021\\\/08\\\/Logomarca-AConnection-05.png\",\"contentUrl\":\"https:\\\/\\\/aconnection.com.br\\\/classificados\\\/wp-content\\\/uploads\\\/2021\\\/08\\\/Logomarca-AConnection-05.png\",\"width\":3098,\"height\":2860,\"caption\":\"AConnection Classificados\"},\"image\":{\"@id\":\"https:\\\/\\\/aconnection.com.br\\\/classificados\\\/#\\\/schema\\\/logo\\\/image\\\/\"},\"sameAs\":[\"https:\\\/\\\/x.com\\\/sticompanyy\",\"https:\\\/\\\/www.instagram.com\\\/sti.company\"]},{\"@type\":\"Person\",\"@id\":\"https:\\\/\\\/aconnection.com.br\\\/classificados\\\/#\\\/schema\\\/person\\\/1876eca300517da830b7d9a036e3b01b\",\"name\":\"Soliv\u00e1 Guimar\u00e3es Pestana\",\"image\":{\"@type\":\"ImageObject\",\"inLanguage\":\"pt-BR\",\"@id\":\"https:\\\/\\\/secure.gravatar.com\\\/avatar\\\/e2da6b8bf6db91c613d93bddb7f16b9d1af2610e2d70973ede034c8dcdacd4ab?s=96&d=mm&r=g\",\"url\":\"https:\\\/\\\/secure.gravatar.com\\\/avatar\\\/e2da6b8bf6db91c613d93bddb7f16b9d1af2610e2d70973ede034c8dcdacd4ab?s=96&d=mm&r=g\",\"contentUrl\":\"https:\\\/\\\/secure.gravatar.com\\\/avatar\\\/e2da6b8bf6db91c613d93bddb7f16b9d1af2610e2d70973ede034c8dcdacd4ab?s=96&d=mm&r=g\",\"caption\":\"Soliv\u00e1 Guimar\u00e3es Pestana\"},\"description\":\"Natural de Itanh\u00e9m, Bahia. Casado, pai de um filho. Tecn\u00f3logo em an\u00e1lise e Desenvolvimento de Sistemas, Bacharel em Administra\u00e7\u00e3o P\u00fablica. Na Contabilidade Pires atua como Auxiliar de contabilidade(RH). Nos hor\u00e1rios extras atua como profissional de inform\u00e1tica e suas tecnologias. Apaixonado por tecnologia, finan\u00e7as e futebol, torcedor do Fluminense-RJ, Cat\u00f3lico Apost\u00f3lico Romano. Propriet\u00e1rio dos sites www.sticompany.com.br e www.aconnection.com.br.\",\"sameAs\":[\"http:\\\/\\\/www.sticompany.com.br\"],\"url\":\"https:\\\/\\\/aconnection.com.br\\\/classificados\\\/author\\\/solivagp\\\/\"}]}<\/script>\n<!-- \/ Yoast SEO Premium plugin. -->","yoast_head_json":{"title":"Empregabilidade: habilidades que o mercado exige","description":"Empregabilidade: Quais habilidades o mercado de trabalho valoriza e como se preparar para aumentar suas chances de emprego e crescimento","robots":{"index":"index","follow":"follow","max-snippet":"max-snippet:-1","max-image-preview":"max-image-preview:large","max-video-preview":"max-video-preview:-1"},"canonical":"https:\/\/aconnection.com.br\/classificados\/empregabilidade-habilidades-mercado-trabalho\/","og_locale":"pt_BR","og_type":"article","og_title":"Empregabilidade: quais habilidades o mercado est\u00e1 exigindo e como se preparar para novas oportunidades","og_description":"O mercado de trabalho mudou. Saiba quais habilidades est\u00e3o em alta e como se preparar para aumentar sua empregabilidade e conquistar novas oportunidades profissionais.","og_url":"https:\/\/aconnection.com.br\/classificados\/empregabilidade-habilidades-mercado-trabalho\/","og_site_name":"AConnection Classificados","article_published_time":"2026-02-20T23:00:00+00:00","article_modified_time":"2026-02-26T14:15:27+00:00","og_image":[{"width":1080,"height":1350,"url":"https:\/\/aconnection.com.br\/classificados\/wp-content\/uploads\/2026\/02\/Empregabilidade-4-5.jpg","type":"image\/jpeg"}],"author":"Soliv\u00e1 Guimar\u00e3es Pestana","twitter_card":"summary_large_image","twitter_description":"O mercado de trabalho mudou. Saiba quais habilidades est\u00e3o em alta e como se preparar para aumentar sua empregabilidade e conquistar novas oportunidades profissionais.","twitter_creator":"@sticompanyy","twitter_site":"@sticompanyy","twitter_misc":{"Escrito por":"Soliv\u00e1 Guimar\u00e3es Pestana","Est. tempo de leitura":"4 minutos"},"schema":{"@context":"https:\/\/schema.org","@graph":[{"@type":"Article","@id":"https:\/\/aconnection.com.br\/classificados\/empregabilidade-habilidades-mercado-trabalho\/#article","isPartOf":{"@id":"https:\/\/aconnection.com.br\/classificados\/empregabilidade-habilidades-mercado-trabalho\/"},"author":{"name":"Soliv\u00e1 Guimar\u00e3es Pestana","@id":"https:\/\/aconnection.com.br\/classificados\/#\/schema\/person\/1876eca300517da830b7d9a036e3b01b"},"headline":"Empregabilidade: quais habilidades o mercado est\u00e1 exigindo e como se preparar para novas oportunidades","datePublished":"2026-02-20T23:00:00+00:00","dateModified":"2026-02-26T14:15:27+00:00","mainEntityOfPage":{"@id":"https:\/\/aconnection.com.br\/classificados\/empregabilidade-habilidades-mercado-trabalho\/"},"wordCount":608,"commentCount":0,"publisher":{"@id":"https:\/\/aconnection.com.br\/classificados\/#organization"},"image":{"@id":"https:\/\/aconnection.com.br\/classificados\/empregabilidade-habilidades-mercado-trabalho\/#primaryimage"},"thumbnailUrl":"https:\/\/aconnection.com.br\/classificados\/wp-content\/uploads\/2026\/02\/Empregabilidade-1-1.jpg","keywords":["Carreira","Desenvolvimento Profissional","emprego","Mercado de trabalho","Qualifica\u00e7\u00e3o Profissional"],"articleSection":["Empregos e Oportunidades"],"inLanguage":"pt-BR","potentialAction":[{"@type":"CommentAction","name":"Comment","target":["https:\/\/aconnection.com.br\/classificados\/empregabilidade-habilidades-mercado-trabalho\/#respond"]}]},{"@type":"WebPage","@id":"https:\/\/aconnection.com.br\/classificados\/empregabilidade-habilidades-mercado-trabalho\/","url":"https:\/\/aconnection.com.br\/classificados\/empregabilidade-habilidades-mercado-trabalho\/","name":"Empregabilidade: habilidades que o mercado exige","isPartOf":{"@id":"https:\/\/aconnection.com.br\/classificados\/#website"},"primaryImageOfPage":{"@id":"https:\/\/aconnection.com.br\/classificados\/empregabilidade-habilidades-mercado-trabalho\/#primaryimage"},"image":{"@id":"https:\/\/aconnection.com.br\/classificados\/empregabilidade-habilidades-mercado-trabalho\/#primaryimage"},"thumbnailUrl":"https:\/\/aconnection.com.br\/classificados\/wp-content\/uploads\/2026\/02\/Empregabilidade-1-1.jpg","datePublished":"2026-02-20T23:00:00+00:00","dateModified":"2026-02-26T14:15:27+00:00","description":"Empregabilidade: Quais habilidades o mercado de trabalho valoriza e como se preparar para aumentar suas chances de emprego e crescimento","breadcrumb":{"@id":"https:\/\/aconnection.com.br\/classificados\/empregabilidade-habilidades-mercado-trabalho\/#breadcrumb"},"inLanguage":"pt-BR","potentialAction":[{"@type":"ReadAction","target":["https:\/\/aconnection.com.br\/classificados\/empregabilidade-habilidades-mercado-trabalho\/"]}]},{"@type":"ImageObject","inLanguage":"pt-BR","@id":"https:\/\/aconnection.com.br\/classificados\/empregabilidade-habilidades-mercado-trabalho\/#primaryimage","url":"https:\/\/aconnection.com.br\/classificados\/wp-content\/uploads\/2026\/02\/Empregabilidade-1-1.jpg","contentUrl":"https:\/\/aconnection.com.br\/classificados\/wp-content\/uploads\/2026\/02\/Empregabilidade-1-1.jpg","width":1080,"height":1080},{"@type":"BreadcrumbList","@id":"https:\/\/aconnection.com.br\/classificados\/empregabilidade-habilidades-mercado-trabalho\/#breadcrumb","itemListElement":[{"@type":"ListItem","position":1,"name":"In\u00edcio","item":"https:\/\/aconnection.com.br\/classificados\/"},{"@type":"ListItem","position":2,"name":"Empregabilidade: quais habilidades o mercado est\u00e1 exigindo e como se preparar para novas oportunidades"}]},{"@type":"WebSite","@id":"https:\/\/aconnection.com.br\/classificados\/#website","url":"https:\/\/aconnection.com.br\/classificados\/","name":"AConnection Classificados","description":"Conectando Clientes, Impulsinando o Seu Neg\u00f3cio","publisher":{"@id":"https:\/\/aconnection.com.br\/classificados\/#organization"},"potentialAction":[{"@type":"SearchAction","target":{"@type":"EntryPoint","urlTemplate":"https:\/\/aconnection.com.br\/classificados\/?s={search_term_string}"},"query-input":{"@type":"PropertyValueSpecification","valueRequired":true,"valueName":"search_term_string"}}],"inLanguage":"pt-BR"},{"@type":"Organization","@id":"https:\/\/aconnection.com.br\/classificados\/#organization","name":"AConnection Classificados","url":"https:\/\/aconnection.com.br\/classificados\/","logo":{"@type":"ImageObject","inLanguage":"pt-BR","@id":"https:\/\/aconnection.com.br\/classificados\/#\/schema\/logo\/image\/","url":"https:\/\/aconnection.com.br\/classificados\/wp-content\/uploads\/2021\/08\/Logomarca-AConnection-05.png","contentUrl":"https:\/\/aconnection.com.br\/classificados\/wp-content\/uploads\/2021\/08\/Logomarca-AConnection-05.png","width":3098,"height":2860,"caption":"AConnection Classificados"},"image":{"@id":"https:\/\/aconnection.com.br\/classificados\/#\/schema\/logo\/image\/"},"sameAs":["https:\/\/x.com\/sticompanyy","https:\/\/www.instagram.com\/sti.company"]},{"@type":"Person","@id":"https:\/\/aconnection.com.br\/classificados\/#\/schema\/person\/1876eca300517da830b7d9a036e3b01b","name":"Soliv\u00e1 Guimar\u00e3es Pestana","image":{"@type":"ImageObject","inLanguage":"pt-BR","@id":"https:\/\/secure.gravatar.com\/avatar\/e2da6b8bf6db91c613d93bddb7f16b9d1af2610e2d70973ede034c8dcdacd4ab?s=96&d=mm&r=g","url":"https:\/\/secure.gravatar.com\/avatar\/e2da6b8bf6db91c613d93bddb7f16b9d1af2610e2d70973ede034c8dcdacd4ab?s=96&d=mm&r=g","contentUrl":"https:\/\/secure.gravatar.com\/avatar\/e2da6b8bf6db91c613d93bddb7f16b9d1af2610e2d70973ede034c8dcdacd4ab?s=96&d=mm&r=g","caption":"Soliv\u00e1 Guimar\u00e3es Pestana"},"description":"Natural de Itanh\u00e9m, Bahia. Casado, pai de um filho. Tecn\u00f3logo em an\u00e1lise e Desenvolvimento de Sistemas, Bacharel em Administra\u00e7\u00e3o P\u00fablica. Na Contabilidade Pires atua como Auxiliar de contabilidade(RH). Nos hor\u00e1rios extras atua como profissional de inform\u00e1tica e suas tecnologias. Apaixonado por tecnologia, finan\u00e7as e futebol, torcedor do Fluminense-RJ, Cat\u00f3lico Apost\u00f3lico Romano. Propriet\u00e1rio dos sites www.sticompany.com.br e www.aconnection.com.br.","sameAs":["http:\/\/www.sticompany.com.br"],"url":"https:\/\/aconnection.com.br\/classificados\/author\/solivagp\/"}]}},"_links":{"self":[{"href":"https:\/\/aconnection.com.br\/classificados\/wp-json\/wp\/v2\/posts\/53467","targetHints":{"allow":["GET"]}}],"collection":[{"href":"https:\/\/aconnection.com.br\/classificados\/wp-json\/wp\/v2\/posts"}],"about":[{"href":"https:\/\/aconnection.com.br\/classificados\/wp-json\/wp\/v2\/types\/post"}],"author":[{"embeddable":true,"href":"https:\/\/aconnection.com.br\/classificados\/wp-json\/wp\/v2\/users\/2"}],"replies":[{"embeddable":true,"href":"https:\/\/aconnection.com.br\/classificados\/wp-json\/wp\/v2\/comments?post=53467"}],"version-history":[{"count":1,"href":"https:\/\/aconnection.com.br\/classificados\/wp-json\/wp\/v2\/posts\/53467\/revisions"}],"predecessor-version":[{"id":53470,"href":"https:\/\/aconnection.com.br\/classificados\/wp-json\/wp\/v2\/posts\/53467\/revisions\/53470"}],"wp:featuredmedia":[{"embeddable":true,"href":"https:\/\/aconnection.com.br\/classificados\/wp-json\/wp\/v2\/media\/53468"}],"wp:attachment":[{"href":"https:\/\/aconnection.com.br\/classificados\/wp-json\/wp\/v2\/media?parent=53467"}],"wp:term":[{"taxonomy":"category","embeddable":true,"href":"https:\/\/aconnection.com.br\/classificados\/wp-json\/wp\/v2\/categories?post=53467"},{"taxonomy":"post_tag","embeddable":true,"href":"https:\/\/aconnection.com.br\/classificados\/wp-json\/wp\/v2\/tags?post=53467"}],"curies":[{"name":"wp","href":"https:\/\/api.w.org\/{rel}","templated":true}]}}